{"id":33059,"date":"2021-11-12T08:39:05","date_gmt":"2021-11-12T12:39:05","guid":{"rendered":"http:\/\/blogdalucianaoliveira.com.br\/blog\/?p=33059"},"modified":"2021-11-12T08:39:09","modified_gmt":"2021-11-12T12:39:09","slug":"carta-de-apoio-a-txai-surui-e-demais-mulheres-indigenas-brasileiras-participantes-da-26a-conferencia-das-nacoes-unidas-sobre-mudancas-climaticas-cop-26-em-glasgow","status":"publish","type":"post","link":"http:\/\/blogdalucianaoliveira.com.br\/blog\/2021\/11\/12\/carta-de-apoio-a-txai-surui-e-demais-mulheres-indigenas-brasileiras-participantes-da-26a-conferencia-das-nacoes-unidas-sobre-mudancas-climaticas-cop-26-em-glasgow\/","title":{"rendered":"CARTA DE APOIO A TXAI SURU\u00cd E DEMAIS MULHERES IND\u00cdGENAS BRASILEIRAS PARTICIPANTES DA 26\u00aa CONFER\u00caNCIA DAS NA\u00c7\u00d5ES UNIDAS SOBRE MUDAN\u00c7AS CLIM\u00c1TICAS (COP 26) EM GLASGOW"},"content":{"rendered":"\n<figure class=\"wp-block-image\"><img decoding=\"async\" src=\"https:\/\/scontent.fpvh3-1.fna.fbcdn.net\/v\/t39.30808-6\/255074806_4646655468743653_3676114501582450557_n.jpg?_nc_cat=109&amp;ccb=1-5&amp;_nc_sid=8bfeb9&amp;_nc_eui2=AeG00gOjoPi6kD34Sk6wSQ9YjsyF_3CygxGOzIX_cLKDEQpEQU1tTWFa7lmAj49fLD39JyFvDX_B-Zq38ncOaDmR&amp;_nc_ohc=Vvf7-m6SXd4AX9YxHVA&amp;_nc_ht=scontent.fpvh3-1.fna&amp;oh=cec5b3b26c12037788b69032981133a6&amp;oe=61935085\" alt=\"Pode ser uma imagem de 1 pessoa e ao ar livre\"\/><\/figure>\n\n\n\n<p>N\u00f3s Mulheres Amaz\u00f4nidas, do Levante Feminista de Rond\u00f4nia, que envolve a participa\u00e7\u00e3o de mais de 80 institui\u00e7\u00f5es, organiza\u00e7\u00f5es sociais, coletivos de mulheres e feministas, manifestamos nosso apoio integral \u00e0s guerreiras ind\u00edgenas brasileiras que est\u00e3o fazendo a diferen\u00e7a com sua presen\u00e7a altru\u00edsta, amorosa e forte, marcante como o encarnado do urucum, das penas de nossas aves e de nosso sangue derramado h\u00e1 521 anos sobre nossas terras brasileiras. <\/p>\n\n\n\n<!--more-->\n\n\n\n<p>Deste modo viemos repudiar os ataques racistas, preconceituosos, mis\u00f3ginos e as injurias que vem sofrendo a coordenadora do Movimento da Juventude Ind\u00edgena de Rond\u00f4nia Txai Surui, ap\u00f3s sua fala na abertura da COP 26. Txai Surui foi a primeira ind\u00edgena e \u00fanica presen\u00e7a brasileira a falar na abertura de t\u00e3o importante evento.  <\/p>\n\n\n\n<p>Com a sonoridade de sua voz amaz\u00f4nica Txai cobrou a participa\u00e7\u00e3o direta dos povos ind\u00edgenas nas decis\u00f5es sobre as mudan\u00e7as clim\u00e1ticas, dando a certeza que as popula\u00e7\u00f5es origin\u00e1rias das florestas, sobreviventes de incont\u00e1veis ataques genocidas, sabem fazer valer as leis da natureza para n\u00e3o aquecer mais o planeta. Destacou e cobrou justi\u00e7a para o assassinato de Ari Uru-eu-wau-wau. Alertou para a necessidade de se ouvir a natureza. Com encanto, diante dos mais poderosos l\u00edderes do Planeta, alertou para a falta de tempo e a urg\u00eancia de fazer a\u00e7\u00f5es que garantam agora o equil\u00edbrio do clima, para tanto \u00e9 imprescind\u00edvel que os povos ind\u00edgenas sejam ouvidos, pois deles sai a solu\u00e7\u00e3o. As palavras da jovem Txai Suru\u00ed se espalharam pelo mundo, servindo de reflex\u00e3o e agradando a todos, menos ao presidente Jair Bolsonaro que, na internet, desferiu seu ataque contra a jovem ind\u00edgena, e logo depois por seus seguidores que de forma repugnante passaram a desferir ataques mis\u00f3ginos, injurias, utilizando mentiras, fake news e palavras de baixo cal\u00e3o para atingir a honra e a moral da jovem mulher ind\u00edgena e sua fam\u00edlia. Importante lembrar que esse governo persegue os ind\u00edgenas desde que assumiu o poder. N\u00e3o podemos admitir persegui\u00e7\u00e3o, racismo e preconceito sob nenhuma forma, muito menos por ter falado sobre a verdadeira realidade, na ONU. <br> Txai n\u00e3o est\u00e1 s\u00f3, todas n\u00f3s mulheres amaz\u00f4nidas e brasileiras, de ancestralidade ind\u00edgena, estamos com ela, com Juma Xipaia, com S\u00f4nia Guajajara e todas as demais parentes que est\u00e3o em Glasgow, lutando por n\u00f3s, por todo o povo brasileiro e pela <\/p>\n\n\n\n<p>Humanidade. Por tudo isso \u00e9 que, diante dos ataques, viemos repudiar a todos que, de forma racista e discriminat\u00f3ria, v\u00eam atacando Txai Surui e demais mulheres ind\u00edgenas presentes na COP 26. Deixamos claro que elas nos representam, s\u00e3o nossa voz, a voz da mulher amaz\u00f4nida, a voz da mulher brasileira na ONU. <\/p>\n\n\n\n<p><br> F\u00d3RUM POPULAR DE MULHERES DO BRASIL, DA AMAZ\u00d4NIA E DE ROND\u00d4NIA <br> MOVIMENTO ARTICULADO DE MULHERES DA AMAZ\u00d4NIA (MAMA) <br> INSTITUTO DE MULHEREES DA AMAZ\u00d4NIA (IMA) <br> LEVANTE FEMINISTA CONTRA O FEMINIC\u00cdDIO DA AMAZ\u00d4NIA <br> LEVANTE FEMINSTA CONTRA O FEMINIC\u00cdDIO &#8211; ROND\u00d4NIA <br> INSTITUTO \u00cdNDIA-AMAZ\u00d4NIA <br> ASSOCIA\u00c7\u00c3O DEFESA ETNOAMBIENTAL KANIND\u00c9 <br> PPKAST &#8211; UM PODCAST FEMINISTA <\/p>\n\n\n\n<p><\/p>\n","protected":false},"excerpt":{"rendered":"<p>N\u00f3s Mulheres Amaz\u00f4nidas, do Levante Feminista de Rond\u00f4nia, que envolve a participa\u00e7\u00e3o de mais de 80 institui\u00e7\u00f5es, organiza\u00e7\u00f5es sociais, coletivos de mulheres e feministas, manifestamos nosso apoio integral \u00e0s guerreiras ind\u00edgenas brasileiras que est\u00e3o fazendo a diferen\u00e7a com sua presen\u00e7a altru\u00edsta, amorosa e forte, marcante como o encarnado do urucum, das penas de nossas aves&#8230;<a class=\"more-link\" href=\"http:\/\/blogdalucianaoliveira.com.br\/blog\/2021\/11\/12\/carta-de-apoio-a-txai-surui-e-demais-mulheres-indigenas-brasileiras-participantes-da-26a-conferencia-das-nacoes-unidas-sobre-mudancas-climaticas-cop-26-em-glasgow\/\">Continue a leitura <span class=\"meta-nav\">&raquo;<\/span><\/a><\/p>\n","protected":false},"author":1,"featured_media":0,"comment_status":"closed","ping_status":"open","sticky":false,"template":"","format":"standard","meta":{"_exactmetrics_skip_tracking":false,"_exactmetrics_sitenote_active":false,"_exactmetrics_sitenote_note":"","_exactmetrics_sitenote_category":0,"jetpack_post_was_ever_published":false,"_jetpack_newsletter_access":"","_jetpack_dont_email_post_to_subs":false,"_jetpack_newsletter_tier_id":0,"_jetpack_memberships_contains_paywalled_content":false,"_jetpack_memberships_contains_paid_content":false,"footnotes":"","jetpack_publicize_message":"","jetpack_publicize_feature_enabled":true,"jetpack_social_post_already_shared":true,"jetpack_social_options":{"image_generator_settings":{"template":"highway","enabled":false},"version":2}},"categories":[1],"tags":[],"class_list":["post-33059","post","type-post","status-publish","format-standard","hentry","category-notas"],"jetpack_publicize_connections":[],"jetpack_sharing_enabled":true,"jetpack_featured_media_url":"","jetpack_shortlink":"https:\/\/wp.me\/p7wKYW-8Bd","jetpack-related-posts":[],"_links":{"self":[{"href":"http:\/\/blogdalucianaoliveira.com.br\/blog\/wp-json\/wp\/v2\/posts\/33059","targetHints":{"allow":["GET"]}}],"collection":[{"href":"http:\/\/blogdalucianaoliveira.com.br\/blog\/wp-json\/wp\/v2\/posts"}],"about":[{"href":"http:\/\/blogdalucianaoliveira.com.br\/blog\/wp-json\/wp\/v2\/types\/post"}],"author":[{"embeddable":true,"href":"http:\/\/blogdalucianaoliveira.com.br\/blog\/wp-json\/wp\/v2\/users\/1"}],"replies":[{"embeddable":true,"href":"http:\/\/blogdalucianaoliveira.com.br\/blog\/wp-json\/wp\/v2\/comments?post=33059"}],"version-history":[{"count":1,"href":"http:\/\/blogdalucianaoliveira.com.br\/blog\/wp-json\/wp\/v2\/posts\/33059\/revisions"}],"predecessor-version":[{"id":33060,"href":"http:\/\/blogdalucianaoliveira.com.br\/blog\/wp-json\/wp\/v2\/posts\/33059\/revisions\/33060"}],"wp:attachment":[{"href":"http:\/\/blogdalucianaoliveira.com.br\/blog\/wp-json\/wp\/v2\/media?parent=33059"}],"wp:term":[{"taxonomy":"category","embeddable":true,"href":"http:\/\/blogdalucianaoliveira.com.br\/blog\/wp-json\/wp\/v2\/categories?post=33059"},{"taxonomy":"post_tag","embeddable":true,"href":"http:\/\/blogdalucianaoliveira.com.br\/blog\/wp-json\/wp\/v2\/tags?post=33059"}],"curies":[{"name":"wp","href":"https:\/\/api.w.org\/{rel}","templated":true}]}}