{"id":33061,"date":"2021-11-12T13:03:48","date_gmt":"2021-11-12T17:03:48","guid":{"rendered":"http:\/\/blogdalucianaoliveira.com.br\/blog\/?p=33061"},"modified":"2021-11-12T13:09:36","modified_gmt":"2021-11-12T17:09:36","slug":"txai-surui-nasceu-para-iluminar-consciencias","status":"publish","type":"post","link":"http:\/\/blogdalucianaoliveira.com.br\/blog\/2021\/11\/12\/txai-surui-nasceu-para-iluminar-consciencias\/","title":{"rendered":"Txai Surui nasceu para iluminar consci\u00eancias"},"content":{"rendered":"\n<figure class=\"wp-block-image size-large\"><img loading=\"lazy\" decoding=\"async\" width=\"1280\" height=\"848\" data-attachment-id=\"33063\" data-permalink=\"http:\/\/blogdalucianaoliveira.com.br\/blog\/2021\/11\/12\/txai-surui-nasceu-para-iluminar-consciencias\/txai\/\" data-orig-file=\"https:\/\/i0.wp.com\/blogdalucianaoliveira.com.br\/blog\/wp-content\/uploads\/2021\/11\/txai.jpeg?fit=1280%2C848\" data-orig-size=\"1280,848\" data-comments-opened=\"0\" data-image-meta=\"{&quot;aperture&quot;:&quot;0&quot;,&quot;credit&quot;:&quot;&quot;,&quot;camera&quot;:&quot;&quot;,&quot;caption&quot;:&quot;&quot;,&quot;created_timestamp&quot;:&quot;0&quot;,&quot;copyright&quot;:&quot;&quot;,&quot;focal_length&quot;:&quot;0&quot;,&quot;iso&quot;:&quot;0&quot;,&quot;shutter_speed&quot;:&quot;0&quot;,&quot;title&quot;:&quot;&quot;,&quot;orientation&quot;:&quot;0&quot;}\" data-image-title=\"txai\" data-image-description=\"\" data-image-caption=\"\" data-medium-file=\"https:\/\/i0.wp.com\/blogdalucianaoliveira.com.br\/blog\/wp-content\/uploads\/2021\/11\/txai.jpeg?fit=300%2C199\" data-large-file=\"https:\/\/i0.wp.com\/blogdalucianaoliveira.com.br\/blog\/wp-content\/uploads\/2021\/11\/txai.jpeg?fit=600%2C397\" src=\"https:\/\/i0.wp.com\/blogdalucianaoliveira.com.br\/blog\/wp-content\/uploads\/2021\/11\/txai.jpeg?fit=600%2C397&amp;ssl=1\" alt=\"\" class=\"wp-image-33063\" srcset=\"https:\/\/i0.wp.com\/blogdalucianaoliveira.com.br\/blog\/wp-content\/uploads\/2021\/11\/txai.jpeg?w=1280 1280w, https:\/\/i0.wp.com\/blogdalucianaoliveira.com.br\/blog\/wp-content\/uploads\/2021\/11\/txai.jpeg?resize=300%2C199 300w, https:\/\/i0.wp.com\/blogdalucianaoliveira.com.br\/blog\/wp-content\/uploads\/2021\/11\/txai.jpeg?resize=1024%2C678 1024w, https:\/\/i0.wp.com\/blogdalucianaoliveira.com.br\/blog\/wp-content\/uploads\/2021\/11\/txai.jpeg?resize=768%2C509 768w, https:\/\/i0.wp.com\/blogdalucianaoliveira.com.br\/blog\/wp-content\/uploads\/2021\/11\/txai.jpeg?resize=453%2C300 453w, https:\/\/i0.wp.com\/blogdalucianaoliveira.com.br\/blog\/wp-content\/uploads\/2021\/11\/txai.jpeg?w=1200 1200w\" sizes=\"auto, (max-width: 600px) 100vw, 600px\" \/><\/figure>\n\n\n\n<p>Ela foi l\u00e1 na Confer\u00eancia da C\u00fapula do Clima (COP-26), em Glasgow e deu um recado que causou estrondo no planeta.<\/p>\n\n\n\n<p>A jovem ind\u00edgena com pouco mais de um metro e meio de altura se\nespigou a cada frase de seu discurso simples, mas expressivo, emocionante e\nprovocativo.<\/p>\n\n\n\n<!--more-->\n\n\n\n<p>Protestou sem perder a ternura. <\/p>\n\n\n\n<p>\u201c<strong>Deixemos de emitir mentiras e promessas falsas; acabemos com a\npolui\u00e7\u00e3o das palavras ocas e lutemos por um futuro e um presente que possam ser\nvividos. \u00c9 sempre necess\u00e1rio acreditar que o sonho \u00e9 poss\u00edvel. Que a nossa\nutopia seja um futuro na Terra\u201d, disse.<\/strong><\/p>\n\n\n\n<p>Paiter Surui, mostrou o que \u00e9 ser \u2018gente de verdade\u2019, o sentido\nda autodenomina\u00e7\u00e3o de seu povo.<\/p>\n\n\n\n<p>J\u00e1 estive algumas vezes na aldeia Lapetanha onde Txai viveu. Conhe\u00e7o o pai dela, Almir Surui, recentemente eleito cacique de forma in\u00e9dita, pelo voto.<\/p>\n\n\n\n<p>A m\u00e3e \u00e9 a mais incans\u00e1vel e guerreira que conhe\u00e7o em Rond\u00f4nia na luta pela prote\u00e7\u00e3o dos territ\u00f3rios e povos ind\u00edgenas, a Neidinha da Kanind\u00e9. Tem o ber\u00e7o, mas tem tamb\u00e9m a luz pr\u00f3pria que emana. <\/p>\n\n\n\n<p>Atenam\u00e3! Pode parar!<\/p>\n\n\n\n<p>Desistam dos ataques com as mentiras, misoginia e racismo contra Txai pelas verdades que disse na Esc\u00f3cia, profundamente inc\u00f4modas, mas necess\u00e1rias.<\/p>\n\n\n\n<p>Parem, porque n\u00e3o v\u00e3o reduzir a for\u00e7a da jovem guerreira.<\/p>\n\n\n\n<p>J\u00e1 testemunhei a coragem de Txai em v\u00e1rias situa\u00e7\u00f5es e garanto que ela n\u00e3o se vende e n\u00e3o rende.<\/p>\n\n\n\n<figure class=\"wp-block-image size-large\"><img loading=\"lazy\" decoding=\"async\" width=\"2048\" height=\"1536\" data-attachment-id=\"33062\" data-permalink=\"http:\/\/blogdalucianaoliveira.com.br\/blog\/2021\/11\/12\/txai-surui-nasceu-para-iluminar-consciencias\/ta\/\" data-orig-file=\"https:\/\/i0.wp.com\/blogdalucianaoliveira.com.br\/blog\/wp-content\/uploads\/2021\/11\/ta.jpg?fit=2048%2C1536\" data-orig-size=\"2048,1536\" data-comments-opened=\"0\" data-image-meta=\"{&quot;aperture&quot;:&quot;0&quot;,&quot;credit&quot;:&quot;&quot;,&quot;camera&quot;:&quot;&quot;,&quot;caption&quot;:&quot;&quot;,&quot;created_timestamp&quot;:&quot;0&quot;,&quot;copyright&quot;:&quot;&quot;,&quot;focal_length&quot;:&quot;0&quot;,&quot;iso&quot;:&quot;0&quot;,&quot;shutter_speed&quot;:&quot;0&quot;,&quot;title&quot;:&quot;&quot;,&quot;orientation&quot;:&quot;0&quot;}\" data-image-title=\"ta\" data-image-description=\"\" data-image-caption=\"\" data-medium-file=\"https:\/\/i0.wp.com\/blogdalucianaoliveira.com.br\/blog\/wp-content\/uploads\/2021\/11\/ta.jpg?fit=300%2C225\" data-large-file=\"https:\/\/i0.wp.com\/blogdalucianaoliveira.com.br\/blog\/wp-content\/uploads\/2021\/11\/ta.jpg?fit=600%2C450\" src=\"https:\/\/i2.wp.com\/blogdalucianaoliveira.com.br\/blog\/wp-content\/uploads\/2021\/11\/ta.jpg?fit=600%2C450&amp;ssl=1\" alt=\"\" class=\"wp-image-33062\" srcset=\"https:\/\/i0.wp.com\/blogdalucianaoliveira.com.br\/blog\/wp-content\/uploads\/2021\/11\/ta.jpg?w=2048 2048w, https:\/\/i0.wp.com\/blogdalucianaoliveira.com.br\/blog\/wp-content\/uploads\/2021\/11\/ta.jpg?resize=300%2C225 300w, https:\/\/i0.wp.com\/blogdalucianaoliveira.com.br\/blog\/wp-content\/uploads\/2021\/11\/ta.jpg?resize=1024%2C768 1024w, https:\/\/i0.wp.com\/blogdalucianaoliveira.com.br\/blog\/wp-content\/uploads\/2021\/11\/ta.jpg?resize=768%2C576 768w, https:\/\/i0.wp.com\/blogdalucianaoliveira.com.br\/blog\/wp-content\/uploads\/2021\/11\/ta.jpg?resize=1536%2C1152 1536w, https:\/\/i0.wp.com\/blogdalucianaoliveira.com.br\/blog\/wp-content\/uploads\/2021\/11\/ta.jpg?resize=400%2C300 400w, https:\/\/i0.wp.com\/blogdalucianaoliveira.com.br\/blog\/wp-content\/uploads\/2021\/11\/ta.jpg?w=1200 1200w, https:\/\/i0.wp.com\/blogdalucianaoliveira.com.br\/blog\/wp-content\/uploads\/2021\/11\/ta.jpg?w=1800 1800w\" sizes=\"auto, (max-width: 600px) 100vw, 600px\" \/><\/figure>\n\n\n\n<p>Teve uma audi\u00eancia p\u00fablica na capital sobre minera\u00e7\u00e3o em\nterrit\u00f3rios ind\u00edgenas, sem a presen\u00e7a de ind\u00edgenas na mesa, mas com boa parte\nda classe pol\u00edtica do estado que se omite ou apoia abertamente o ecoc\u00eddio estimulado\npelo presidente Jair Bolsonaro.<\/p>\n\n\n\n<p>A contragosto Txai se colocou na frente de todos e todas para ler um manifesto.<\/p>\n\n\n\n<p>A foto revela o desprezo com Txai que ocupava seu lugar de fala, mas tamb\u00e9m a coragem dela em n\u00e3o calar quando n\u00e3o lhe d\u00e3o ouvidos ou viram as costas.<\/p>\n\n\n\n<p>Assim foi em v\u00e1rias ocasi\u00f5es em que se colocou firme para dar recados inadi\u00e1veis e nunca em busca de holofotes. Vi a mesma determina\u00e7\u00e3o de Txai ao microfone para se dirigir ao presidente da Funai ou a um grupo de dez ou cem pessoas em protesto. <\/p>\n\n\n\n<p>Bravura e humildade.<\/p>\n\n\n\n<figure class=\"wp-block-image size-large\"><img loading=\"lazy\" decoding=\"async\" width=\"960\" height=\"1280\" data-attachment-id=\"33065\" data-permalink=\"http:\/\/blogdalucianaoliveira.com.br\/blog\/2021\/11\/12\/txai-surui-nasceu-para-iluminar-consciencias\/7b6bfc10-5d80-4ee9-bce1-be3c3dc33481\/\" data-orig-file=\"https:\/\/i0.wp.com\/blogdalucianaoliveira.com.br\/blog\/wp-content\/uploads\/2021\/11\/7B6BFC10-5D80-4EE9-BCE1-BE3C3DC33481.jpeg?fit=960%2C1280\" data-orig-size=\"960,1280\" data-comments-opened=\"0\" data-image-meta=\"{&quot;aperture&quot;:&quot;0&quot;,&quot;credit&quot;:&quot;&quot;,&quot;camera&quot;:&quot;&quot;,&quot;caption&quot;:&quot;&quot;,&quot;created_timestamp&quot;:&quot;0&quot;,&quot;copyright&quot;:&quot;&quot;,&quot;focal_length&quot;:&quot;0&quot;,&quot;iso&quot;:&quot;0&quot;,&quot;shutter_speed&quot;:&quot;0&quot;,&quot;title&quot;:&quot;&quot;,&quot;orientation&quot;:&quot;0&quot;}\" data-image-title=\"7B6BFC10-5D80-4EE9-BCE1-BE3C3DC33481\" data-image-description=\"\" data-image-caption=\"\" data-medium-file=\"https:\/\/i0.wp.com\/blogdalucianaoliveira.com.br\/blog\/wp-content\/uploads\/2021\/11\/7B6BFC10-5D80-4EE9-BCE1-BE3C3DC33481.jpeg?fit=225%2C300\" data-large-file=\"https:\/\/i0.wp.com\/blogdalucianaoliveira.com.br\/blog\/wp-content\/uploads\/2021\/11\/7B6BFC10-5D80-4EE9-BCE1-BE3C3DC33481.jpeg?fit=600%2C800\" src=\"https:\/\/i0.wp.com\/blogdalucianaoliveira.com.br\/blog\/wp-content\/uploads\/2021\/11\/7B6BFC10-5D80-4EE9-BCE1-BE3C3DC33481.jpeg?fit=600%2C800\" alt=\"\" class=\"wp-image-33065\" srcset=\"https:\/\/i0.wp.com\/blogdalucianaoliveira.com.br\/blog\/wp-content\/uploads\/2021\/11\/7B6BFC10-5D80-4EE9-BCE1-BE3C3DC33481.jpeg?w=960 960w, https:\/\/i0.wp.com\/blogdalucianaoliveira.com.br\/blog\/wp-content\/uploads\/2021\/11\/7B6BFC10-5D80-4EE9-BCE1-BE3C3DC33481.jpeg?resize=225%2C300 225w, https:\/\/i0.wp.com\/blogdalucianaoliveira.com.br\/blog\/wp-content\/uploads\/2021\/11\/7B6BFC10-5D80-4EE9-BCE1-BE3C3DC33481.jpeg?resize=768%2C1024 768w\" sizes=\"auto, (max-width: 600px) 100vw, 600px\" \/><\/figure>\n\n\n\n<p><br><\/p>\n\n\n\n<figure class=\"wp-block-image size-large\"><img loading=\"lazy\" decoding=\"async\" width=\"2048\" height=\"1536\" data-attachment-id=\"33066\" data-permalink=\"http:\/\/blogdalucianaoliveira.com.br\/blog\/2021\/11\/12\/txai-surui-nasceu-para-iluminar-consciencias\/199fdacc-7dd0-466b-9354-c0b047b95559\/\" data-orig-file=\"https:\/\/i0.wp.com\/blogdalucianaoliveira.com.br\/blog\/wp-content\/uploads\/2021\/11\/199FDACC-7DD0-466B-9354-C0B047B95559.jpeg?fit=2048%2C1536\" data-orig-size=\"2048,1536\" data-comments-opened=\"0\" data-image-meta=\"{&quot;aperture&quot;:&quot;0&quot;,&quot;credit&quot;:&quot;&quot;,&quot;camera&quot;:&quot;&quot;,&quot;caption&quot;:&quot;&quot;,&quot;created_timestamp&quot;:&quot;0&quot;,&quot;copyright&quot;:&quot;&quot;,&quot;focal_length&quot;:&quot;0&quot;,&quot;iso&quot;:&quot;0&quot;,&quot;shutter_speed&quot;:&quot;0&quot;,&quot;title&quot;:&quot;&quot;,&quot;orientation&quot;:&quot;1&quot;}\" data-image-title=\"199FDACC-7DD0-466B-9354-C0B047B95559\" data-image-description=\"\" data-image-caption=\"\" data-medium-file=\"https:\/\/i0.wp.com\/blogdalucianaoliveira.com.br\/blog\/wp-content\/uploads\/2021\/11\/199FDACC-7DD0-466B-9354-C0B047B95559.jpeg?fit=300%2C225\" data-large-file=\"https:\/\/i0.wp.com\/blogdalucianaoliveira.com.br\/blog\/wp-content\/uploads\/2021\/11\/199FDACC-7DD0-466B-9354-C0B047B95559.jpeg?fit=600%2C450\" src=\"https:\/\/i1.wp.com\/blogdalucianaoliveira.com.br\/blog\/wp-content\/uploads\/2021\/11\/199FDACC-7DD0-466B-9354-C0B047B95559.jpeg?fit=600%2C450\" alt=\"\" class=\"wp-image-33066\" srcset=\"https:\/\/i0.wp.com\/blogdalucianaoliveira.com.br\/blog\/wp-content\/uploads\/2021\/11\/199FDACC-7DD0-466B-9354-C0B047B95559.jpeg?w=2048 2048w, https:\/\/i0.wp.com\/blogdalucianaoliveira.com.br\/blog\/wp-content\/uploads\/2021\/11\/199FDACC-7DD0-466B-9354-C0B047B95559.jpeg?resize=300%2C225 300w, https:\/\/i0.wp.com\/blogdalucianaoliveira.com.br\/blog\/wp-content\/uploads\/2021\/11\/199FDACC-7DD0-466B-9354-C0B047B95559.jpeg?resize=1024%2C768 1024w, https:\/\/i0.wp.com\/blogdalucianaoliveira.com.br\/blog\/wp-content\/uploads\/2021\/11\/199FDACC-7DD0-466B-9354-C0B047B95559.jpeg?resize=768%2C576 768w, https:\/\/i0.wp.com\/blogdalucianaoliveira.com.br\/blog\/wp-content\/uploads\/2021\/11\/199FDACC-7DD0-466B-9354-C0B047B95559.jpeg?resize=1536%2C1152 1536w, https:\/\/i0.wp.com\/blogdalucianaoliveira.com.br\/blog\/wp-content\/uploads\/2021\/11\/199FDACC-7DD0-466B-9354-C0B047B95559.jpeg?resize=400%2C300 400w, https:\/\/i0.wp.com\/blogdalucianaoliveira.com.br\/blog\/wp-content\/uploads\/2021\/11\/199FDACC-7DD0-466B-9354-C0B047B95559.jpeg?w=1200 1200w, https:\/\/i0.wp.com\/blogdalucianaoliveira.com.br\/blog\/wp-content\/uploads\/2021\/11\/199FDACC-7DD0-466B-9354-C0B047B95559.jpeg?w=1800 1800w\" sizes=\"auto, (max-width: 600px) 100vw, 600px\" \/><\/figure>\n\n\n\n<p>Os bolsonaristas que a atacam com mentiras, racismo e amea\u00e7as desde que ecoou as vozes de todos os povos ind\u00edgenas n\u00e3o sabem com quem est\u00e3o lidando.<\/p>\n\n\n\n<p>\u00c9 uma menina gigante pela pr\u00f3pria natureza e nunca esteve\ns\u00f3 na luta pela vida com a floresta em p\u00e9.<\/p>\n\n\n\n<p>Se havia muitos guerreiros e guerreiras com ela, agora bem\nmais, por \u201cum caminho diferente com mudan\u00e7as ousadas e globais\u201d. <\/p>\n\n\n\n<p>Yete Iter. Obrigada Txai.<\/p>\n\n\n\n<p>Pelo despertar de consci\u00eancias que provocou se agarre \u00e0 gratid\u00e3o\ndos que como voc\u00ea s\u00e3o capazes de \u201cescutar as estrelas, a lua, o vento, os animais e\nas \u00e1rvores\u201d.<\/p>\n","protected":false},"excerpt":{"rendered":"<p>Ela foi l\u00e1 na Confer\u00eancia da C\u00fapula do Clima (COP-26), em Glasgow e deu um recado que causou estrondo no planeta. A jovem ind\u00edgena com pouco mais de um metro e meio de altura se espigou a cada frase de seu discurso simples, mas expressivo, emocionante e provocativo.<\/p>\n","protected":false},"author":1,"featured_media":0,"comment_status":"closed","ping_status":"open","sticky":false,"template":"","format":"standard","meta":{"_exactmetrics_skip_tracking":false,"_exactmetrics_sitenote_active":false,"_exactmetrics_sitenote_note":"","_exactmetrics_sitenote_category":0,"jetpack_post_was_ever_published":false,"_jetpack_newsletter_access":"","_jetpack_dont_email_post_to_subs":false,"_jetpack_newsletter_tier_id":0,"_jetpack_memberships_contains_paywalled_content":false,"_jetpack_memberships_contains_paid_content":false,"footnotes":"","jetpack_publicize_message":"","jetpack_publicize_feature_enabled":true,"jetpack_social_post_already_shared":true,"jetpack_social_options":{"image_generator_settings":{"template":"highway","enabled":false},"version":2}},"categories":[1],"tags":[53,623,7,609,628],"class_list":["post-33061","post","type-post","status-publish","format-standard","hentry","category-notas","tag-bolsonaro","tag-cop26","tag-rondonia","tag-surui","tag-txai-surui"],"jetpack_publicize_connections":[],"jetpack_sharing_enabled":true,"jetpack_featured_media_url":"","jetpack_shortlink":"https:\/\/wp.me\/p7wKYW-8Bf","jetpack-related-posts":[],"_links":{"self":[{"href":"http:\/\/blogdalucianaoliveira.com.br\/blog\/wp-json\/wp\/v2\/posts\/33061","targetHints":{"allow":["GET"]}}],"collection":[{"href":"http:\/\/blogdalucianaoliveira.com.br\/blog\/wp-json\/wp\/v2\/posts"}],"about":[{"href":"http:\/\/blogdalucianaoliveira.com.br\/blog\/wp-json\/wp\/v2\/types\/post"}],"author":[{"embeddable":true,"href":"http:\/\/blogdalucianaoliveira.com.br\/blog\/wp-json\/wp\/v2\/users\/1"}],"replies":[{"embeddable":true,"href":"http:\/\/blogdalucianaoliveira.com.br\/blog\/wp-json\/wp\/v2\/comments?post=33061"}],"version-history":[{"count":4,"href":"http:\/\/blogdalucianaoliveira.com.br\/blog\/wp-json\/wp\/v2\/posts\/33061\/revisions"}],"predecessor-version":[{"id":33069,"href":"http:\/\/blogdalucianaoliveira.com.br\/blog\/wp-json\/wp\/v2\/posts\/33061\/revisions\/33069"}],"wp:attachment":[{"href":"http:\/\/blogdalucianaoliveira.com.br\/blog\/wp-json\/wp\/v2\/media?parent=33061"}],"wp:term":[{"taxonomy":"category","embeddable":true,"href":"http:\/\/blogdalucianaoliveira.com.br\/blog\/wp-json\/wp\/v2\/categories?post=33061"},{"taxonomy":"post_tag","embeddable":true,"href":"http:\/\/blogdalucianaoliveira.com.br\/blog\/wp-json\/wp\/v2\/tags?post=33061"}],"curies":[{"name":"wp","href":"https:\/\/api.w.org\/{rel}","templated":true}]}}