{"id":33079,"date":"2021-11-16T11:09:07","date_gmt":"2021-11-16T15:09:07","guid":{"rendered":"http:\/\/blogdalucianaoliveira.com.br\/blog\/?p=33079"},"modified":"2021-11-16T11:19:12","modified_gmt":"2021-11-16T15:19:12","slug":"guajara-mirim-bumbodromo-e-invadido-para-pratica-de-manobras-perigosas-com-motos","status":"publish","type":"post","link":"http:\/\/blogdalucianaoliveira.com.br\/blog\/2021\/11\/16\/guajara-mirim-bumbodromo-e-invadido-para-pratica-de-manobras-perigosas-com-motos\/","title":{"rendered":"Guajar\u00e1-Mirim: Bumb\u00f3dromo \u00e9 invadido para pr\u00e1tica de manobras perigosas com motos"},"content":{"rendered":"\n<figure class=\"wp-block-image size-large\"><img data-recalc-dims=\"1\" loading=\"lazy\" decoding=\"async\" width=\"600\" height=\"413\" data-attachment-id=\"33080\" data-permalink=\"http:\/\/blogdalucianaoliveira.com.br\/blog\/2021\/11\/16\/guajara-mirim-bumbodromo-e-invadido-para-pratica-de-manobras-perigosas-com-motos\/1e3d66f3-b555-41d2-b006-614c75e09d1d\/\" data-orig-file=\"https:\/\/i0.wp.com\/blogdalucianaoliveira.com.br\/blog\/wp-content\/uploads\/2021\/11\/1E3D66F3-B555-41D2-B006-614C75E09D1D.jpeg?fit=695%2C478\" data-orig-size=\"695,478\" data-comments-opened=\"0\" data-image-meta=\"{&quot;aperture&quot;:&quot;0&quot;,&quot;credit&quot;:&quot;&quot;,&quot;camera&quot;:&quot;&quot;,&quot;caption&quot;:&quot;&quot;,&quot;created_timestamp&quot;:&quot;0&quot;,&quot;copyright&quot;:&quot;&quot;,&quot;focal_length&quot;:&quot;0&quot;,&quot;iso&quot;:&quot;0&quot;,&quot;shutter_speed&quot;:&quot;0&quot;,&quot;title&quot;:&quot;&quot;,&quot;orientation&quot;:&quot;1&quot;}\" data-image-title=\"1E3D66F3-B555-41D2-B006-614C75E09D1D\" data-image-description=\"\" data-image-caption=\"\" data-medium-file=\"https:\/\/i0.wp.com\/blogdalucianaoliveira.com.br\/blog\/wp-content\/uploads\/2021\/11\/1E3D66F3-B555-41D2-B006-614C75E09D1D.jpeg?fit=300%2C206\" data-large-file=\"https:\/\/i0.wp.com\/blogdalucianaoliveira.com.br\/blog\/wp-content\/uploads\/2021\/11\/1E3D66F3-B555-41D2-B006-614C75E09D1D.jpeg?fit=600%2C413\" src=\"https:\/\/i0.wp.com\/blogdalucianaoliveira.com.br\/blog\/wp-content\/uploads\/2021\/11\/1E3D66F3-B555-41D2-B006-614C75E09D1D.jpeg?resize=600%2C413\" alt=\"\" class=\"wp-image-33080\" srcset=\"https:\/\/i0.wp.com\/blogdalucianaoliveira.com.br\/blog\/wp-content\/uploads\/2021\/11\/1E3D66F3-B555-41D2-B006-614C75E09D1D.jpeg?w=695 695w, https:\/\/i0.wp.com\/blogdalucianaoliveira.com.br\/blog\/wp-content\/uploads\/2021\/11\/1E3D66F3-B555-41D2-B006-614C75E09D1D.jpeg?resize=300%2C206 300w, https:\/\/i0.wp.com\/blogdalucianaoliveira.com.br\/blog\/wp-content\/uploads\/2021\/11\/1E3D66F3-B555-41D2-B006-614C75E09D1D.jpeg?resize=436%2C300 436w\" sizes=\"auto, (max-width: 600px) 100vw, 600px\" \/><\/figure>\n\n\n\n<p>O espa\u00e7o cultural destinado ao duelo de bois-bumb\u00e1s no munic\u00edpio de Guajar\u00e1-Mirim, na fronteira com a Bol\u00edvia, virou arena de motociclistas que praticam infra\u00e7\u00f5es de tr\u00e2nsito.<\/p>\n\n\n\n<p>O v\u00eddeo divulgado em redes sociais que mostra v\u00e1rios motociclistas praticando manobras e &#8216;rachas&#8217;, alguns sem capacete, chocou os apoiadores das agremia\u00e7\u00f5es folcl\u00f3ricas Flor do Campo e Malhadinho, pois o local abriga o bumb\u00f3dromo e os dois centros culturais que s\u00e3o alvos de vandalismo desde 2018 e o governo do estado n\u00e3o toma provid\u00eancias para proteger o patrim\u00f4nio cultural. <\/p>\n\n\n\n<!--more-->\n\n\n\n<p><br><\/p>\n\n\n\n<figure class=\"wp-block-image size-large\"><img decoding=\"async\" src=\"http:\/\/blogdalucianaoliveira.com.br\/blog\/wp-content\/uploads\/2021\/11\/FullSizeRender-4.mov\" alt=\"\" class=\"wp-image-33085\"\/><\/figure>\n\n\n\n<p>O autor da postagem tem v\u00e1rias infra\u00e7\u00f5es de tr\u00e2nsito publicadas na internet como empinar moto e pilotar em alta velocidade.<\/p>\n\n\n\n<p>Veja v\u00eddeos:<\/p>\n\n\n\n<figure class=\"wp-block-image size-large\"><img decoding=\"async\" src=\"http:\/\/blogdalucianaoliveira.com.br\/blog\/wp-content\/uploads\/2021\/11\/IMG_3564-3.mp4\" alt=\"\" class=\"wp-image-33086\"\/><\/figure>\n\n\n\n<p><br><\/p>\n\n\n\n<figure class=\"wp-block-image size-large\"><img decoding=\"async\" src=\"http:\/\/blogdalucianaoliveira.com.br\/blog\/wp-content\/uploads\/2021\/11\/FullSizeRender-5.mov\" alt=\"\" class=\"wp-image-33088\"\/><\/figure>\n\n\n\n<p>O senado aprovou em outubro deste ano o PL 130 2020 que prev\u00ea a suspens\u00e3o da carteira do motorista que divulgar em redes sociais qualquer registro visual \u2014 v\u00eddeo ou imagem \u2014 de crimes de tr\u00e2nsito ou de infra\u00e7\u00e3o que coloque em risco a pr\u00f3pria de quem pratica e a de terceiros.<\/p>\n\n\n\n<p>O texto tamb\u00e9m j\u00e1 foi aprovado na C\u00e2mara e altera o C\u00f3digo\nde Tr\u00e2nsito Brasileiro.<\/p>\n\n\n\n<p>Com modifica\u00e7\u00f5es feitas por senadores o projeto em breve\nser\u00e1 novamente analisado pelos deputados. <\/p>\n\n\n\n<p>Pela proposta aprovada no Senado, &#8220;divulgar, publicar\nou disseminar, em redes sociais ou em quaisquer outros meios de divulga\u00e7\u00e3o\ndigitais, eletr\u00f4nicos ou impressos, registro visual de infra\u00e7\u00e3o de circula\u00e7\u00e3o\nque coloque em risco a incolumidade pr\u00f3pria e de terceiros, ou de crimes de\ntr\u00e2nsito&#8221; deve ser considerada infra\u00e7\u00e3o grav\u00edssima com multa a ser paga de\n10 vezes o valor previsto em lei.<\/p>\n\n\n\n<p>Se o infrator for o pr\u00f3prio condutor do ve\u00edculo, al\u00e9m da\nmulta,&nbsp;ser\u00e1 aplicada a penalidade de suspens\u00e3o do direito de dirigir por\n12 meses.<\/p>\n\n\n\n<p>A proposta tamb\u00e9m imp\u00f5e que a retirada do conte\u00fado das\nredes sociais n\u00e3o isenta o infrator das penalidades.<\/p>\n\n\n\n<p><strong>O abandono do local <\/strong>&nbsp;&nbsp;<\/p>\n\n\n\n<p>O BLO denunciou em agosto deste ano o abandono da \u00e1rea com obra de tr\u00eas mil metros quadrados onde foram empregados mais de 2,5 milh\u00f5es de reais, a maior parte vinda do Minist\u00e9rio do Turismo.<\/p>\n\n\n\n<p>Relembre o caso:<\/p>\n\n\n\n<figure class=\"wp-block-embed-youtube wp-block-embed is-type-video is-provider-youtube wp-embed-aspect-16-9 wp-has-aspect-ratio\"><div class=\"wp-block-embed__wrapper\">\n<div class=\"jetpack-video-wrapper\"><iframe loading=\"lazy\" title=\"DESCASO COM A CULTURA E DANO AO ER\u00c1RIO EM GUAJAR\u00c1-MIRIM\" width=\"600\" height=\"338\" src=\"https:\/\/www.youtube.com\/embed\/ftArjfKCp0I?feature=oembed\" frameborder=\"0\" allow=\"accelerometer; autoplay; clipboard-write; encrypted-media; gyroscope; picture-in-picture; web-share\" referrerpolicy=\"strict-origin-when-cross-origin\" allowfullscreen><\/iframe><\/div>\n<\/div><\/figure>\n\n\n\n<p>Dez dias ap\u00f3s a reportagem, o Secret\u00e1rio Executivo Regional da Casa Civil de Guajar\u00e1-Mirim e Nova Mamor\u00e9, o Coronel Fl\u00e1vio Derzete, divulgou reuni\u00e3o emergencial para proteger o bem p\u00fablico.<\/p>\n\n\n\n<p>Leia aqui:<a href=\"http:\/\/blogdalucianaoliveira.com.br\/blog\/2021\/08\/20\/guajara-mirim-governo-e-associacoes-de-bois-bumbas-dao-inicio-a-acoes-em-centros-culturais-abandonados\/\">http:\/\/blogdalucianaoliveira.com.br\/blog\/2021\/08\/20\/guajara-mirim-governo-e-associacoes-de-bois-bumbas-dao-inicio-a-acoes-em-centros-culturais-abandonados\/<\/a><\/p>\n\n\n\n<p>O governo e as associa\u00e7\u00f5es folcl\u00f3ricas firmaram parcerias\npara garantir que o local permanecesse fechado para evitar invas\u00f5es e\ndepreda\u00e7\u00f5es.<\/p>\n\n\n\n<p>As agremia\u00e7\u00f5es providenciaram apoio de empresas privadas\npara &nbsp;material e servi\u00e7o de solda dos\nport\u00f5es e o governo do estado garantiu suporte.<\/p>\n\n\n\n<p>Representantes dos bois-bumb\u00e1s acompanharam os trabalhos\nentusiasmados com o di\u00e1logo aberto com o governo e criaram um projeto de \u2018vakinha\u2019\nonline para a compra de tinta e outros materiais necess\u00e1rios ao reparo inicial.<\/p>\n\n\n\n<p>Sem vigil\u00e2ncia, os port\u00f5es foram arrombados novamente dias ap\u00f3s a reuni\u00e3o com secret\u00e1rio do governo.<\/p>\n\n\n\n<p>A expectativa \u00e9 de que o Minist\u00e9rio P\u00fablico aja para barrar invas\u00f5es e vandalismo, proteger o bem p\u00fablico, investigar o abandono e for\u00e7ar o governo do estado a garantir destina\u00e7\u00e3o da \u00e1rea \u00e0 cultura. <\/p>\n","protected":false},"excerpt":{"rendered":"<p>O espa\u00e7o cultural destinado ao duelo de bois-bumb\u00e1s no munic\u00edpio de Guajar\u00e1-Mirim, na fronteira com a Bol\u00edvia, virou arena de motociclistas que praticam infra\u00e7\u00f5es de tr\u00e2nsito. O v\u00eddeo divulgado em redes sociais que mostra v\u00e1rios motociclistas praticando manobras e &#8216;rachas&#8217;, alguns sem capacete, chocou os apoiadores das agremia\u00e7\u00f5es folcl\u00f3ricas Flor do Campo e Malhadinho, pois&#8230;<a class=\"more-link\" href=\"http:\/\/blogdalucianaoliveira.com.br\/blog\/2021\/11\/16\/guajara-mirim-bumbodromo-e-invadido-para-pratica-de-manobras-perigosas-com-motos\/\">Continue a leitura <span class=\"meta-nav\">&raquo;<\/span><\/a><\/p>\n","protected":false},"author":1,"featured_media":0,"comment_status":"closed","ping_status":"open","sticky":false,"template":"","format":"standard","meta":{"_exactmetrics_skip_tracking":false,"_exactmetrics_sitenote_active":false,"_exactmetrics_sitenote_note":"","_exactmetrics_sitenote_category":0,"jetpack_post_was_ever_published":false,"_jetpack_newsletter_access":"","_jetpack_dont_email_post_to_subs":false,"_jetpack_newsletter_tier_id":0,"_jetpack_memberships_contains_paywalled_content":false,"_jetpack_memberships_contains_paid_content":false,"footnotes":"","jetpack_publicize_message":"","jetpack_publicize_feature_enabled":true,"jetpack_social_post_already_shared":true,"jetpack_social_options":{"image_generator_settings":{"template":"highway","enabled":false},"version":2}},"categories":[1],"tags":[629,378],"class_list":["post-33079","post","type-post","status-publish","format-standard","hentry","category-notas","tag-bumbodromo","tag-guajara-mirim"],"jetpack_publicize_connections":[],"jetpack_sharing_enabled":true,"jetpack_featured_media_url":"","jetpack_shortlink":"https:\/\/wp.me\/p7wKYW-8Bx","jetpack-related-posts":[],"_links":{"self":[{"href":"http:\/\/blogdalucianaoliveira.com.br\/blog\/wp-json\/wp\/v2\/posts\/33079","targetHints":{"allow":["GET"]}}],"collection":[{"href":"http:\/\/blogdalucianaoliveira.com.br\/blog\/wp-json\/wp\/v2\/posts"}],"about":[{"href":"http:\/\/blogdalucianaoliveira.com.br\/blog\/wp-json\/wp\/v2\/types\/post"}],"author":[{"embeddable":true,"href":"http:\/\/blogdalucianaoliveira.com.br\/blog\/wp-json\/wp\/v2\/users\/1"}],"replies":[{"embeddable":true,"href":"http:\/\/blogdalucianaoliveira.com.br\/blog\/wp-json\/wp\/v2\/comments?post=33079"}],"version-history":[{"count":5,"href":"http:\/\/blogdalucianaoliveira.com.br\/blog\/wp-json\/wp\/v2\/posts\/33079\/revisions"}],"predecessor-version":[{"id":33091,"href":"http:\/\/blogdalucianaoliveira.com.br\/blog\/wp-json\/wp\/v2\/posts\/33079\/revisions\/33091"}],"wp:attachment":[{"href":"http:\/\/blogdalucianaoliveira.com.br\/blog\/wp-json\/wp\/v2\/media?parent=33079"}],"wp:term":[{"taxonomy":"category","embeddable":true,"href":"http:\/\/blogdalucianaoliveira.com.br\/blog\/wp-json\/wp\/v2\/categories?post=33079"},{"taxonomy":"post_tag","embeddable":true,"href":"http:\/\/blogdalucianaoliveira.com.br\/blog\/wp-json\/wp\/v2\/tags?post=33079"}],"curies":[{"name":"wp","href":"https:\/\/api.w.org\/{rel}","templated":true}]}}