{"id":33092,"date":"2021-11-16T11:56:32","date_gmt":"2021-11-16T15:56:32","guid":{"rendered":"http:\/\/blogdalucianaoliveira.com.br\/blog\/?p=33092"},"modified":"2021-11-16T11:56:35","modified_gmt":"2021-11-16T15:56:35","slug":"obrigada-bolsonaro","status":"publish","type":"post","link":"http:\/\/blogdalucianaoliveira.com.br\/blog\/2021\/11\/16\/obrigada-bolsonaro\/","title":{"rendered":"Obrigada, Bolsonaro"},"content":{"rendered":"\n<figure class=\"wp-block-image size-large\"><img loading=\"lazy\" decoding=\"async\" width=\"2000\" height=\"1333\" data-attachment-id=\"33093\" data-permalink=\"http:\/\/blogdalucianaoliveira.com.br\/blog\/2021\/11\/16\/obrigada-bolsonaro\/gettyimages-1164517789\/\" data-orig-file=\"https:\/\/i0.wp.com\/blogdalucianaoliveira.com.br\/blog\/wp-content\/uploads\/2021\/11\/GettyImages-1164517789.jpg?fit=2000%2C1333\" data-orig-size=\"2000,1333\" data-comments-opened=\"0\" data-image-meta=\"{&quot;aperture&quot;:&quot;0&quot;,&quot;credit&quot;:&quot;&quot;,&quot;camera&quot;:&quot;&quot;,&quot;caption&quot;:&quot;&quot;,&quot;created_timestamp&quot;:&quot;0&quot;,&quot;copyright&quot;:&quot;&quot;,&quot;focal_length&quot;:&quot;0&quot;,&quot;iso&quot;:&quot;0&quot;,&quot;shutter_speed&quot;:&quot;0&quot;,&quot;title&quot;:&quot;&quot;,&quot;orientation&quot;:&quot;0&quot;}\" data-image-title=\"GettyImages-1164517789\" data-image-description=\"\" data-image-caption=\"\" data-medium-file=\"https:\/\/i0.wp.com\/blogdalucianaoliveira.com.br\/blog\/wp-content\/uploads\/2021\/11\/GettyImages-1164517789.jpg?fit=300%2C200\" data-large-file=\"https:\/\/i0.wp.com\/blogdalucianaoliveira.com.br\/blog\/wp-content\/uploads\/2021\/11\/GettyImages-1164517789.jpg?fit=600%2C400\" src=\"https:\/\/i1.wp.com\/blogdalucianaoliveira.com.br\/blog\/wp-content\/uploads\/2021\/11\/GettyImages-1164517789.jpg?fit=600%2C400&amp;ssl=1\" alt=\"\" class=\"wp-image-33093\" srcset=\"https:\/\/i0.wp.com\/blogdalucianaoliveira.com.br\/blog\/wp-content\/uploads\/2021\/11\/GettyImages-1164517789.jpg?w=2000 2000w, https:\/\/i0.wp.com\/blogdalucianaoliveira.com.br\/blog\/wp-content\/uploads\/2021\/11\/GettyImages-1164517789.jpg?resize=300%2C200 300w, https:\/\/i0.wp.com\/blogdalucianaoliveira.com.br\/blog\/wp-content\/uploads\/2021\/11\/GettyImages-1164517789.jpg?resize=1024%2C682 1024w, https:\/\/i0.wp.com\/blogdalucianaoliveira.com.br\/blog\/wp-content\/uploads\/2021\/11\/GettyImages-1164517789.jpg?resize=768%2C512 768w, https:\/\/i0.wp.com\/blogdalucianaoliveira.com.br\/blog\/wp-content\/uploads\/2021\/11\/GettyImages-1164517789.jpg?resize=1536%2C1024 1536w, https:\/\/i0.wp.com\/blogdalucianaoliveira.com.br\/blog\/wp-content\/uploads\/2021\/11\/GettyImages-1164517789.jpg?resize=450%2C300 450w, https:\/\/i0.wp.com\/blogdalucianaoliveira.com.br\/blog\/wp-content\/uploads\/2021\/11\/GettyImages-1164517789.jpg?w=1200 1200w, https:\/\/i0.wp.com\/blogdalucianaoliveira.com.br\/blog\/wp-content\/uploads\/2021\/11\/GettyImages-1164517789.jpg?w=1800 1800w\" sizes=\"auto, (max-width: 600px) 100vw, 600px\" \/><\/figure>\n\n\n\n<p>The Intercept, por Fabiana Moraes &#8211; \u00c9 verdade que\u00a0ele n\u00e3o foi muito feliz na condu\u00e7\u00e3o da pandemia, da economia, da educa\u00e7\u00e3o. Tamb\u00e9m \u00e9 verdade que ele n\u00e3o costuma se responsabilizar pelo pr\u00f3prio governo, atribuindo a culpa da infla\u00e7\u00e3o, do desemprego, do pre\u00e7o alto da gasolina, de merc\u00fario retr\u00f3grado, etc. aos governadores, \u00e0 imprensa, ao tempo, ao v\u00edrus, ao Congresso, ao Senado. \u00c9 igualmente real que, sob seu governo, o pa\u00eds tenha atingido recordes de desmatamentos, que a carca\u00e7a de frango tenha virado item valorizado no supermercado e que a popula\u00e7\u00e3o vivendo com fome tenha, tristemente, aumentado.<\/p>\n\n\n\n<!--more-->\n\n\n\n<p>Mas \u00e9 preciso reconhecer \u2013 seja voc\u00ea de esquerda, progressista, liberal, social-democrata, centro-direita, conservador raiz ou nutela, etc. \u2013 que Jair Bolsonaro fez muito pela popula\u00e7\u00e3o brasileira. Ouso dizer: fez por esse povo o que nenhum outro\/outra chefe de estado j\u00e1 fez. Quando falei a respeito com algumas pessoas, v\u00e1rias concordaram comigo e me lembraram de agradecer ao comandante do executivo por benesses das quais eu n\u00e3o recordava. Decidi reunir algumas dessas manifesta\u00e7\u00f5es de gratid\u00e3o ao presidente, e n\u00e3o \u00e9&nbsp;<a href=\"https:\/\/gauchazh.clicrbs.com.br\/colunistas\/rosane-de-oliveira\/noticia\/2021\/11\/nova-pesquisa-mostra-que-popularidade-de-bolsonaro-encolhe-e-69-nao-querem-sua-reeleicao-ckvtyqn5a009b019m5agd6o0g.html\">a sua baixa popularidade que vai me impedir de fazer isso publicamente.<\/a><\/p>\n\n\n\n<p>Primeiro eu agrade\u00e7o a Bolsonaro por finalmente ter acabado com a disseminada e internacionalizada ideia de que viv\u00edamos em um pa\u00eds cordato e pac\u00edfico, onde viol\u00eancia era problema mesmo de morro e \u201ccomunidade\u201d. Gra\u00e7as ao presidente, o mundo inteiro entendeu que boa parte daquele povo sorridente que lotava a Disney, fazia enxoval em Miami e queria \u201ceduca\u00e7\u00e3o padr\u00e3o Fifa\u201d&nbsp;<a href=\"https:\/\/g1.globo.com\/sp\/sao-paulo\/noticia\/2021\/07\/15\/brasil-dobra-o-numero-de-armas-nas-maos-de-civis-em-apenas-3-anos-aponta-anuario.ghtml\">gosta mesmo \u00e9 de segurar uma arma na m\u00e3o, e n\u00e3o uma caipirinha<\/a>.<\/p>\n\n\n\n<p>Gra\u00e7as a Bolsonaro, identificamos como apesar de toda nossa \u00f3bvia mistura \u2013 realizada fortemente na base do estupro,&nbsp;<a href=\"https:\/\/super.abril.com.br\/ciencia\/estupro-de-mulheres-negras-e-indigenas-deixou-marca-no-genoma-dos-brasileiros\/\">como mostra esta pesquisa<\/a>&nbsp;\u2013 h\u00e1 tanta gente evocando \u201cpureza da ra\u00e7a\u201d,&nbsp;<a href=\"https:\/\/www1.folha.uol.com.br\/poder\/2021\/08\/brasil-vive-escalada-de-grupos-neonazistas-e-aumento-de-inqueritos-de-apologia-do-nazismo-na-pf.shtml\">fazendo apologia ao nazismo e fundando c\u00e9lulas criminosas<\/a>&nbsp;como nunca antes neste pa\u00eds.<\/p>\n\n\n\n<p>Eu agrade\u00e7o a Bolsonaro por desmistificar a ideia de que as For\u00e7as Armadas s\u00e3o eficientes e est\u00e3o a servi\u00e7o do pa\u00eds. Por expor que boa parte do comando militar n\u00e3o atua pelo patriotismo, pela defesa da constitui\u00e7\u00e3o ou soberania, e sim em benef\u00edcio pr\u00f3prio, mirando a manuten\u00e7\u00e3o e multiplica\u00e7\u00e3o de seus benef\u00edcios. Por evidenciar que as FFAA s\u00e3o demasiadamente partidarizadas, com direito a general subindo em palanque sem ser constrangido pelo ato ilegal.<\/p>\n\n\n\n<p>Eu agrade\u00e7o a Bolsonaro por ter mostrado que, ao contr\u00e1rio do que se pensava, nunca fomos fruto de uma miscigena\u00e7\u00e3o festiva e requebrativa. Acabou-se o papo de que \u201csomos todos iguais\u201d, que \u201calma n\u00e3o tem cor\u201d e que a empregada \u201c\u00e9 como se fosse da fam\u00edlia\u201d. Quando o presidente chama cabelo crespo de um negro de&nbsp;<a href=\"https:\/\/www.migalhas.com.br\/quentes\/348589\/bolsonaro-pode-ser-investigado-por-fala-racista--criacao-de-barata\">\u201ccriat\u00f3rio de baratas\u201d e que \u201cnem para procriar o quilombola serve mais\u201d<\/a>, ele exp\u00f5e e finalmente libera esse racismo recalcado de nossa linda na\u00e7\u00e3o, aquela que ainda n\u00e3o superou dividir sala de universidade com gente preta ou pagar direito trabalhista a dom\u00e9stica.<\/p>\n\n\n\n<p>Eu agrade\u00e7o a Bolsonaro por ser uma esp\u00e9cie de&nbsp;<a href=\"https:\/\/epocanegocios.globo.com\/Vida\/noticia\/2019\/01\/magica-da-arrumacao-de-marie-kondo-vida-organizada-realmente-e-igual-mente-limpa.html\">Marie Kondo de nossas rela\u00e7\u00f5es sociais<\/a>: ele nos ajudou a definir melhor como e com quem gastar nosso tempo, nossa energia e nosso amor. Agrade\u00e7o a Bolsonaro por ele ter nos feito entender que parente n\u00e3o \u00e9 necessariamente fam\u00edlia, e que n\u00e3o \u00e9 por compartilhar a mesma matriz sangu\u00ednea que estamos obrigadas ou obrigados a conviver com quem n\u00e3o v\u00ea nada demais (\u201cele s\u00f3 tava brincando!\u201d) em um chefe de estado que&nbsp;<a href=\"https:\/\/piaui.folha.uol.com.br\/materia\/o-sabotador\/\">boicota vacina<\/a>, confraterniza com nazistaas, grita com jornalista (<a href=\"https:\/\/noticias.uol.com.br\/politica\/ultimas-noticias\/2021\/06\/25\/bolsonaro-discute-com-reporter-durante-evento-em-sorocaba.htm\">preferencialmente se for mulher<\/a>), tira onda com&nbsp;<a href=\"https:\/\/www.youtube.com\/watch?v=g4K_WlfUhuI\">sofrimento alheio<\/a>, desmonta a&nbsp;<a href=\"https:\/\/www.adusp.org.br\/index.php\/conj-pol\/4113-verb-cnpq\">pesquisa cient\u00edfica brasileira<\/a>&nbsp;e&nbsp;<a href=\"https:\/\/www.camara.leg.br\/noticias\/737836-bolsonaro-veta-ajuda-financeira-para-internet-de-alunos-e-professores-das-escolas-publicas\">veta ajuda financeira para estudantes e professores de escolas p\u00fablicas<\/a>&nbsp;que precisavam acessar internet para continuar estudando em plena pandemia.<\/p>\n\n\n\n<p>Eu agrade\u00e7o a Bolsonaro por mostrar a cara do Conselho Federal de Medicina e de milhares de m\u00e9dicos e m\u00e9dicas que ganharam muito dinheiro e fama vendendo um inexistente \u201ctratamento precoce\u201d; agrade\u00e7o por ter exibido, via CPI da Covid-19, o imenso balc\u00e3o de neg\u00f3cios que s\u00e3o os planos de sa\u00fade no Brasil, com direito a empresa (al\u00f4 al\u00f4, Prevent Senior!) chamar&nbsp;<a href=\"https:\/\/www.youtube.com\/watch?v=64kabg39kas\">\u00f3bito de alta hospitalar<\/a>. Agrade\u00e7o ao presidente por ter deixado ainda mais evidente os motivos pelos quais boa parte desta classe repudiou o Programa Mais M\u00e9dicos: sa\u00fade boa \u00e9 sa\u00fade paga, queridinha, e de prefer\u00eancia no conforto das capitais, em hospitais com \u201csu\u00edte Dubai\u201d. Agrade\u00e7o, n\u00e3o posso esquecer, por ele e seus ministros da sa\u00fade de compet\u00eancia restrita terem mostrado a mais gente para que serve um sistema de sa\u00fade universalizado e que chega a todas as regi\u00f5es do pa\u00eds, o SUS.<\/p>\n\n\n\n<p>Agrade\u00e7o a Bolsonaro por escancarar ao mundo, em discursos na ONU ou outros p\u00falpitos importantes do exterior, como nosso executivo \u00e9 sustentado tantas vezes por mentiras, dados falsos ou distorcidos,&nbsp;<a href=\"https:\/\/br.noticias.yahoo.com\/checamos-secom-distorce-dados-de-seguranca-publica-em-grafico-140041886.html?guccounter=1&amp;guce_referrer=aHR0cHM6Ly93d3cuZ29vZ2xlLmNvbS8&amp;guce_referrer_sig=AQAAACKQnu1FJYcpOlndTRJ9LpR0EFCCK26z1hcEbchdeXIp7hg07n0FLHHKuQsGo2WNP5q-bq2H4BEjhlmiHP-ygfFV3dKG8coLog-PVAZxiw6QQRts6W7XIy8hbfqVzyH_7UVWWIjM-s4fpFiQwURdC83k5JwSnVF1TQxWTdWU7jNX\">publicados pela pr\u00f3pria Secretaria de Comunica\u00e7\u00e3o do govern<\/a>o e por uma s\u00e9rie de&nbsp;<a href=\"https:\/\/apublica.org\/2020\/06\/governo-gastou-r-30-milhoes-em-radios-e-tvs-de-pastores-que-apoiam-bolsonaro\/\">emissoras que costumam receber afagos do presidente<\/a>.<\/p>\n\n\n\n<p>Falando nisso, agrade\u00e7o DEMAIS a Bolsonaro por mostrar de maneira simples, quase como um power point feito por Deltan Dallagnol, as diversas fragilidades e covardias da imprensa brasileira: primeiro, que o \u201capartidarismo\u201d evocado com muita pompa era conversa para boi dormir, vide a assessoria de imprensa que grandes ve\u00edculos nacionais prestaram a Moro e a For\u00e7a Tarefa do MPF do Paran\u00e1; depois, que o conceito de democracia de nossos ve\u00edculos de comunica\u00e7\u00e3o era (ou \u00e9) o mais pobre poss\u00edvel: enquanto o presidente e seus bolsonaretes estavam descendo lapada em gays, pretos, mulheres, transexuais, etc., ainda assim eram tratados pelos jornalistas como fazendo parte do \u201ccampo democr\u00e1tico\u201d. Mas quando Bolsonaro come\u00e7ou a tratar muito mal toda uma sorte de rep\u00f3rteres e, por exemplo,&nbsp;<a href=\"https:\/\/www.otempo.com.br\/politica\/bolsonaro-coloca-humorista-para-distribuir-bananas-a-jornalista-veja-o-video-1.2305812\">a jogar bananas para eles em cercadinhos<\/a>; quando falou em tirar concess\u00f5es p\u00fablicas de televis\u00f5es, a\u00ed a \u00e1gua bateu na bunda e finalmente Bolsonaro se tornou um radical.<\/p>\n\n\n\n<p>Agrade\u00e7o a Bolsonaro por destruir definitivamente dois enormes \u201cmitos\u201d (com o perd\u00e3o da palavra). Primeiro: a ideia de que, ap\u00f3s a redemocratiza\u00e7\u00e3o, o Brasil s\u00f3 veria o progresso ano ap\u00f3s ano, em uma l\u00f3gica bem linear. Toda uma gera\u00e7\u00e3o quebrou a cara. Nossa democracia estava s\u00f3 come\u00e7ando a se fortalecer quando o capit\u00e3o foi adotado pelo mercado, higienizado pela imprensa e Judici\u00e1rio e assim eleito presidente. Homenageou Ustra? \u201cAh, mas ele tava s\u00f3 brincando\u201d. Segundo: sua elei\u00e7\u00e3o foi primeiramente endossada justamente por quem tinha mais escolaridade, o que mostra evidentemente que o conhecimento formal n\u00e3o garante uma opini\u00e3o pol\u00edtica defens\u00e1vel. Mesmo agora, tem muita gente formada em excelentes universidades com o dedo co\u00e7ando para voltar a eleger um incompetente. Mas quem n\u00e3o sabe votar \u00e9 nordestino pobre, n\u00e3o \u00e9?<\/p>\n\n\n\n<p>Por sinal, falando em redemocratiza\u00e7\u00e3o, agrade\u00e7o a Bolsonaro por trazer de volta a mem\u00f3ria do processo constituinte, aquele texto que brigamos tanto para ver nascer, onde estava nosso j\u00e1 citado e querido SUS, por exemplo. Foi bom lembrar como era legal dan\u00e7ar rock de protesto da Legi\u00e3o Urbana e ainda nos ensinou que n\u00e3o se dorme quando h\u00e1 sil\u00eancio na casa do inimigo.<\/p>\n\n\n\n<p>Preciso realmente agradecer a Bolsonaro por nos mostrar, atrav\u00e9s de seu ministro Paulo Guedes, que doutorado em Chicago \u00e0s vezes vale tanto quanto uma bicicleta para um peixe: primeiro, o homem sugeriu fazer reformas em vez de oferecer aux\u00edlio em dinheiro aos pobres no come\u00e7o da pandemia; depois, jurou que nossa crise econ\u00f4mica aconteceria em V: cair\u00edamos feio, mas nos levantar\u00edamos rapidamente logo depois. Acredito que, para a Faria Lima, Guedes deve ter prometido fontes p\u00fablicas de leite, offshore e mel (\u00e9 a \u00fanica coisa que explica a continuidade do tes\u00e3o). Quero agradecer especialmente ao ministro por mostrar que o receitu\u00e1rio neoliberal para fazer a economia crescer \u00e9 uma tremend\u00edssima balela.<\/p>\n\n\n\n<p>Tem mais gratid\u00e3o, Bolsonaro: quero agradecer sinceramente ao presidente por mostrar para muito mais gente a qualidade de boa parte da classe pol\u00edtica do nosso pa\u00eds: os que defendem sua perman\u00eancia insistem em errar sem qualquer consequ\u00eancia, enquanto v\u00e1rios dos que op\u00f5em n\u00e3o agem mais efetivamente para enfraquec\u00ea-lo (o PDT e o PSB apoiando o calote dos precat\u00f3rios que o digam).<\/p>\n\n\n\n<p>Agrade\u00e7o a Bolsonaro por me mostrar que v\u00e1rios amigos e muitos colegas de profiss\u00e3o, autodenominados progressistas, s\u00e3o na realidade ultraconservadores, apoiam a extrema direita e n\u00e3o fazem nada para uma transforma\u00e7\u00e3o social no Brasil, na dire\u00e7\u00e3o da dignidade coletiva e da diminui\u00e7\u00e3o do abismo social. Deles, tenho mantido uma saud\u00e1vel dist\u00e2ncia.<\/p>\n\n\n\n<p>Agrade\u00e7o a Bolsonaro por expor milh\u00f5es de pessoas que estavam distantes do debate pol\u00edtico e se sentiram convocadas para um ativismo muito particular: o da retalia\u00e7\u00e3o e destitui\u00e7\u00e3o de uma elei\u00e7\u00e3o (e de um partido) e o desapre\u00e7o por programas e pautas voltadas \u00e0s pol\u00edticas p\u00fablicas que favoreciam o coletivo e o social. Por tirar a m\u00e1scara dos isent\u00f5es, dos que se faziam de alheios, desligados.<\/p>\n\n\n\n<p>Agrade\u00e7o a Bolsonaro por fazer com que conhec\u00eassemos melhor os rostos do STF, do Senado, por nos mostrar que pol\u00edtica \u00e9 assunto de todas e todos; por entendermos melhor o que foram os crimes de Brilhante Ustra no per\u00edodo militar. Agrade\u00e7o a Bolsonaro por evidenciar a imensa instrumentaliza\u00e7\u00e3o de Jesus Cristo, um nome mais f\u00e1cil que nunca nos l\u00e1bios de vendedores de armas, grileiros, lobistas e pastores que preferem ver uma crian\u00e7a estuprada parir um beb\u00ea a respeitar a pr\u00f3pria legisla\u00e7\u00e3o.<\/p>\n\n\n\n<p>Agrade\u00e7o a Bolsonaro por nos mostrar que manter o p\u00fablico engajado e alienado \u00e9 mais importante e eficaz do que governar de verdade. Agrade\u00e7o por ter revelado que muita gente que bota as m\u00e3os sobre o peito e manda um \u201cgratid\u00e3o\u201d est\u00e1 conectada ao esp\u00edrito da Deusa Interior, mas n\u00e3o \u00e0 fam\u00edlia em situa\u00e7\u00e3o de inseguran\u00e7a alimentar da pr\u00f3pria diarista. Esse povo gratiluz, que batiza o filho no Rio Solim\u00f5es, coloca colarzinho de \u00e2mbar no beb\u00ea e, depois que ele dorme, vai ler os livros de Olavo de Carvalho.<\/p>\n\n\n\n<p>Finalmente, quero agradecer a Bolsonaro e a seus filhos muito bem tratados pelo dinheiro p\u00fablico, acostumados a comer picanhas milion\u00e1rias e a comprar mans\u00f5es que tecnicamente n\u00e3o cabem em seus or\u00e7amentos, por mostrarem como&nbsp;<a href=\"https:\/\/www.correiobraziliense.com.br\/politica\/2021\/11\/4963001-eduardo-bolsonaro-critica-moura-por-comer-camarao-no-mtst-alimento-foi-doado.html\">\u00e9 poss\u00edvel se escandalizar vendo uma por\u00e7\u00e3o de camar\u00e3o em um espa\u00e7o do MTST<\/a>, mas nunca fazer o mesmo quando&nbsp;<a href=\"https:\/\/g1.globo.com\/fantastico\/noticia\/2021\/07\/25\/fila-para-conseguir-doacao-de-ossos-e-flagrante-da-luta-de-familias-brasileiras-contra-a-fome.ghtml\">pessoas muito pobres<\/a>&nbsp;apareceram catando ossos para comer.<\/p>\n\n\n\n<p>Obrigada, Bolsonaro.<\/p>\n\n\n\n<p><em><strong>Participam deste texto:&nbsp;<\/strong>Lia da Concei\u00e7\u00e3o, Gilberto Garcia, Jo\u00e3o Feitosa, Ricardo Sab\u00f3ia, Pedro Andrade, Maria Eduarda Rocha, Lucila Sciotti, Irec\u00ea Nabuco de Ara\u00fajo, Gilvan Barreto, Moacir dos Anjos, Jo\u00e3o Henrique de Freitas Alves, Fernanda Rocha, Mard\u00f4nio Cavalcanti, Mateus Yuri, Audry Silva, Neon Cunha, Clebio Junior. Sarav\u00e1 pelo obrigada coletivo.<\/em><br><\/p>\n","protected":false},"excerpt":{"rendered":"<p>The Intercept, por Fabiana Moraes &#8211; \u00c9 verdade que\u00a0ele n\u00e3o foi muito feliz na condu\u00e7\u00e3o da pandemia, da economia, da educa\u00e7\u00e3o. Tamb\u00e9m \u00e9 verdade que ele n\u00e3o costuma se responsabilizar pelo pr\u00f3prio governo, atribuindo a culpa da infla\u00e7\u00e3o, do desemprego, do pre\u00e7o alto da gasolina, de merc\u00fario retr\u00f3grado, etc. aos governadores, \u00e0 imprensa, ao tempo,&#8230;<a class=\"more-link\" href=\"http:\/\/blogdalucianaoliveira.com.br\/blog\/2021\/11\/16\/obrigada-bolsonaro\/\">Continue a leitura <span class=\"meta-nav\">&raquo;<\/span><\/a><\/p>\n","protected":false},"author":1,"featured_media":0,"comment_status":"closed","ping_status":"open","sticky":false,"template":"","format":"standard","meta":{"_exactmetrics_skip_tracking":false,"_exactmetrics_sitenote_active":false,"_exactmetrics_sitenote_note":"","_exactmetrics_sitenote_category":0,"jetpack_post_was_ever_published":false,"_jetpack_newsletter_access":"","_jetpack_dont_email_post_to_subs":false,"_jetpack_newsletter_tier_id":0,"_jetpack_memberships_contains_paywalled_content":false,"_jetpack_memberships_contains_paid_content":false,"footnotes":"","jetpack_publicize_message":"","jetpack_publicize_feature_enabled":true,"jetpack_social_post_already_shared":true,"jetpack_social_options":{"image_generator_settings":{"template":"highway","enabled":false},"version":2}},"categories":[1],"tags":[],"class_list":["post-33092","post","type-post","status-publish","format-standard","hentry","category-notas"],"jetpack_publicize_connections":[],"jetpack_sharing_enabled":true,"jetpack_featured_media_url":"","jetpack_shortlink":"https:\/\/wp.me\/p7wKYW-8BK","jetpack-related-posts":[],"_links":{"self":[{"href":"http:\/\/blogdalucianaoliveira.com.br\/blog\/wp-json\/wp\/v2\/posts\/33092","targetHints":{"allow":["GET"]}}],"collection":[{"href":"http:\/\/blogdalucianaoliveira.com.br\/blog\/wp-json\/wp\/v2\/posts"}],"about":[{"href":"http:\/\/blogdalucianaoliveira.com.br\/blog\/wp-json\/wp\/v2\/types\/post"}],"author":[{"embeddable":true,"href":"http:\/\/blogdalucianaoliveira.com.br\/blog\/wp-json\/wp\/v2\/users\/1"}],"replies":[{"embeddable":true,"href":"http:\/\/blogdalucianaoliveira.com.br\/blog\/wp-json\/wp\/v2\/comments?post=33092"}],"version-history":[{"count":1,"href":"http:\/\/blogdalucianaoliveira.com.br\/blog\/wp-json\/wp\/v2\/posts\/33092\/revisions"}],"predecessor-version":[{"id":33094,"href":"http:\/\/blogdalucianaoliveira.com.br\/blog\/wp-json\/wp\/v2\/posts\/33092\/revisions\/33094"}],"wp:attachment":[{"href":"http:\/\/blogdalucianaoliveira.com.br\/blog\/wp-json\/wp\/v2\/media?parent=33092"}],"wp:term":[{"taxonomy":"category","embeddable":true,"href":"http:\/\/blogdalucianaoliveira.com.br\/blog\/wp-json\/wp\/v2\/categories?post=33092"},{"taxonomy":"post_tag","embeddable":true,"href":"http:\/\/blogdalucianaoliveira.com.br\/blog\/wp-json\/wp\/v2\/tags?post=33092"}],"curies":[{"name":"wp","href":"https:\/\/api.w.org\/{rel}","templated":true}]}}