{"id":33095,"date":"2021-11-17T15:21:41","date_gmt":"2021-11-17T19:21:41","guid":{"rendered":"http:\/\/blogdalucianaoliveira.com.br\/blog\/?p=33095"},"modified":"2021-11-17T15:21:45","modified_gmt":"2021-11-17T19:21:45","slug":"fachin-do-stf-suspende-lei-estadual-que-proibia-uso-de-linguagem-neutra-no-ensino","status":"publish","type":"post","link":"http:\/\/blogdalucianaoliveira.com.br\/blog\/2021\/11\/17\/fachin-do-stf-suspende-lei-estadual-que-proibia-uso-de-linguagem-neutra-no-ensino\/","title":{"rendered":"Fachin, do STF, suspende lei estadual que proibia uso de linguagem neutra no ensino"},"content":{"rendered":"\n<figure class=\"wp-block-image size-large\"><img data-recalc-dims=\"1\" loading=\"lazy\" decoding=\"async\" width=\"586\" height=\"319\" data-attachment-id=\"33096\" data-permalink=\"http:\/\/blogdalucianaoliveira.com.br\/blog\/2021\/11\/17\/fachin-do-stf-suspende-lei-estadual-que-proibia-uso-de-linguagem-neutra-no-ensino\/28d6c48d-b3d3-4d3f-821b-def35ab079cc\/\" data-orig-file=\"https:\/\/i0.wp.com\/blogdalucianaoliveira.com.br\/blog\/wp-content\/uploads\/2021\/11\/28D6C48D-B3D3-4D3F-821B-DEF35AB079CC.jpeg?fit=586%2C319\" data-orig-size=\"586,319\" data-comments-opened=\"0\" data-image-meta=\"{&quot;aperture&quot;:&quot;0&quot;,&quot;credit&quot;:&quot;&quot;,&quot;camera&quot;:&quot;&quot;,&quot;caption&quot;:&quot;&quot;,&quot;created_timestamp&quot;:&quot;0&quot;,&quot;copyright&quot;:&quot;&quot;,&quot;focal_length&quot;:&quot;0&quot;,&quot;iso&quot;:&quot;0&quot;,&quot;shutter_speed&quot;:&quot;0&quot;,&quot;title&quot;:&quot;&quot;,&quot;orientation&quot;:&quot;0&quot;}\" data-image-title=\"28D6C48D-B3D3-4D3F-821B-DEF35AB079CC\" data-image-description=\"\" data-image-caption=\"\" data-medium-file=\"https:\/\/i0.wp.com\/blogdalucianaoliveira.com.br\/blog\/wp-content\/uploads\/2021\/11\/28D6C48D-B3D3-4D3F-821B-DEF35AB079CC.jpeg?fit=300%2C163\" data-large-file=\"https:\/\/i0.wp.com\/blogdalucianaoliveira.com.br\/blog\/wp-content\/uploads\/2021\/11\/28D6C48D-B3D3-4D3F-821B-DEF35AB079CC.jpeg?fit=586%2C319\" src=\"https:\/\/i0.wp.com\/blogdalucianaoliveira.com.br\/blog\/wp-content\/uploads\/2021\/11\/28D6C48D-B3D3-4D3F-821B-DEF35AB079CC.jpeg?resize=586%2C319\" alt=\"\" class=\"wp-image-33096\" srcset=\"https:\/\/i0.wp.com\/blogdalucianaoliveira.com.br\/blog\/wp-content\/uploads\/2021\/11\/28D6C48D-B3D3-4D3F-821B-DEF35AB079CC.jpeg?w=586 586w, https:\/\/i0.wp.com\/blogdalucianaoliveira.com.br\/blog\/wp-content\/uploads\/2021\/11\/28D6C48D-B3D3-4D3F-821B-DEF35AB079CC.jpeg?resize=300%2C163 300w, https:\/\/i0.wp.com\/blogdalucianaoliveira.com.br\/blog\/wp-content\/uploads\/2021\/11\/28D6C48D-B3D3-4D3F-821B-DEF35AB079CC.jpeg?resize=551%2C300 551w\" sizes=\"auto, (max-width: 586px) 100vw, 586px\" \/><\/figure>\n\n\n\n<h4 class=\"wp-block-heading\">A liminar dever\u00e1 ser confirmada pelos demais ministros da Corte<\/h4>\n\n\n\n<!--more-->\n\n\n\n<p>Por\u00a0<strong>Ag\u00eancia O Globo\u00a0<\/strong><\/p>\n\n\n\n<p>O ministro Edson Fachi, do Supremo Tribunal Federal (STF), deu uma liminar nesta quarta-feira (17) para suspender uma lei de Rond\u00f4nia que proibia o uso da chamada &#8220;linguagem neutra&#8221; nas escolas do estado. Na decis\u00e3o, o ministro disse ver risco &#8220;imenso&#8221; de que a lei, caso fosse imediatamente aplicada, pudesse calar &#8220;professores, professoras, alunos e alunas&#8221;. A liminar dever\u00e1 ser confirmada pelos demais ministros da Corte.<\/p>\n\n\n\n<p>A &#8220;linguagem neutra&#8221;, ou &#8220;linguagem inclusiva&#8221;, \u2014 que inclui termos em que os artigos masculinos e femininos s\u00e3o substitu\u00eddos pelas letras &#8220;x&#8221; ou &#8220;e&#8221; \u2014 visa a combater preconceitos lingu\u00edsticos, retirando vieses que usualmente subordinam um g\u00eanero em rela\u00e7\u00e3o a outro.<\/p>\n\n\n\n<p>Assim, &#8220;amigo&#8221; ou &#8220;amiga&#8221; virariam &#8220;amigue&#8221; ou &#8220;amigx&#8221;, segundo uma das propostas. As palavras &#8220;todos&#8221; ou &#8220;todas&#8221; seriam substitu\u00eddas, da mesma forma, por &#8220;todes&#8221; ou &#8220;todxs&#8221;.<\/p>\n\n\n\n<p>Conforme explicou o ministro em sua decis\u00e3o, a ado\u00e7\u00e3o da linguagem neutra tem sido frequente sobretudo em \u00f3rg\u00e3os p\u00fablicos de diversos pa\u00edses e organiza\u00e7\u00f5es internacionais.<\/p>\n\n\n\n<p>Segundo Fachin, &#8220;sendo esse o objetivo da linguagem inclusiva, \u00e9 dif\u00edcil imaginar que a sua proibi\u00e7\u00e3o possa ser constitucionalmente compat\u00edvel com a liberdade de express\u00e3o&#8221;.<\/p>\n\n\n\n<p>A a\u00e7\u00e3o foi apresentada pela Confedera\u00e7\u00e3o Nacional dos Trabalhadores em Estabelecimentos de Ensino (Contee) e questiona a lei de Rond\u00f4nia que pro\u00edbe a linguagem neutra na grade curricular e no material did\u00e1tico de institui\u00e7\u00f5es locais de ensino, p\u00fablicas ou privadas, e em editais de concursos p\u00fablicos.<\/p>\n\n\n\n<p>De acordo com a entidade, a lei estadual, a pretexto da defesa do aprendizado da l\u00edngua portuguesa de acordo com a norma culta e as orienta\u00e7\u00f5es legais de ensino, apresenta preconceitos e intoler\u00e2ncias incompat\u00edveis com a ordem democr\u00e1tica e com valores humanos.<\/p>\n\n\n\n<p>&#8220;A norma traz marcas de discrimina\u00e7\u00e3o, de nega\u00e7\u00e3o da diversidade e da liberdade de aprender e ensinar e do pluralismo de ideias e de concep\u00e7\u00f5es pedag\u00f3gicas e, por conseguinte, de todos os fundamentos, princ\u00edpios, garantias e valores em que se alicer\u00e7a e sustenta a Constitui\u00e7\u00e3o Federal&#8221;, argumentam os autores.<\/p>\n\n\n\n<p>No despacho, Fachin aponta que, &#8220;de forma mais grave&#8221;, a legisla\u00e7\u00e3o questionada tem aplica\u00e7\u00e3o no contexto escolar, ambiente no qual, segundo a Constitui\u00e7\u00e3o, devem imperar n\u00e3o apenas a igualdade plena, mas tamb\u00e9m &#8220;a liberdade de aprender, ensinar, pesquisar e divulgar o pensamento, a arte e o saber&#8221;.<\/p>\n\n\n\n<p>&#8220;As institui\u00e7\u00f5es de ensino s\u00e3o express\u00e3o m\u00e1xima dessa garantia. O ingresso no espa\u00e7o p\u00fablico est\u00e1 condicionado \u00e0 educa\u00e7\u00e3o participativa, inclusiva, plural e democr\u00e1tica que as institui\u00e7\u00f5es de ensino promovem. \u00c9 na educa\u00e7\u00e3o que o livre debate de ideias, o interc\u00e2mbio de vis\u00f5es de mundo e o contraste de opini\u00e3o t\u00eam livre curso&#8221;, afirmou o ministro.<\/p>\n\n\n\n<p>E ressaltou:&nbsp;&#8220;Somente esse ambiente prepara as pessoas para reconhecerem o melhor governo, a melhor decis\u00e3o, a melhor lei e o melhor argumento. Sem educa\u00e7\u00e3o n\u00e3o h\u00e1 cidadania. Sem liberdade de ensino e de pensamento n\u00e3o h\u00e1 democracia&#8221;.<\/p>\n\n\n\n<p>Por isso, diante de um risco \u00e0 liberdade de express\u00e3o de professores e alunos, o ministro viu argumentos suficientes para suspender a lei de Rond\u00f4nia. Ainda n\u00e3o h\u00e1 data para que a liminar seja referendada pelo restante do STF.<\/p>\n\n\n\n<p>Levantamento do GLOBO feito em julho nas 27 assembleias legislativas do pa\u00eds mostrou que, desde novembro do ano passado, j\u00e1 foram apresentadas em 14 estados e tamb\u00e9m na C\u00e2mara Federal propostas que impedem o uso da linguagem nas escolas.<\/p>\n","protected":false},"excerpt":{"rendered":"<p>A liminar dever\u00e1 ser confirmada pelos demais ministros da Corte<\/p>\n","protected":false},"author":1,"featured_media":0,"comment_status":"closed","ping_status":"open","sticky":false,"template":"","format":"standard","meta":{"_exactmetrics_skip_tracking":false,"_exactmetrics_sitenote_active":false,"_exactmetrics_sitenote_note":"","_exactmetrics_sitenote_category":0,"jetpack_post_was_ever_published":false,"_jetpack_newsletter_access":"","_jetpack_dont_email_post_to_subs":false,"_jetpack_newsletter_tier_id":0,"_jetpack_memberships_contains_paywalled_content":false,"_jetpack_memberships_contains_paid_content":false,"footnotes":"","jetpack_publicize_message":"","jetpack_publicize_feature_enabled":true,"jetpack_social_post_already_shared":true,"jetpack_social_options":{"image_generator_settings":{"template":"highway","enabled":false},"version":2}},"categories":[1],"tags":[],"class_list":["post-33095","post","type-post","status-publish","format-standard","hentry","category-notas"],"jetpack_publicize_connections":[],"jetpack_sharing_enabled":true,"jetpack_featured_media_url":"","jetpack_shortlink":"https:\/\/wp.me\/p7wKYW-8BN","jetpack-related-posts":[],"_links":{"self":[{"href":"http:\/\/blogdalucianaoliveira.com.br\/blog\/wp-json\/wp\/v2\/posts\/33095","targetHints":{"allow":["GET"]}}],"collection":[{"href":"http:\/\/blogdalucianaoliveira.com.br\/blog\/wp-json\/wp\/v2\/posts"}],"about":[{"href":"http:\/\/blogdalucianaoliveira.com.br\/blog\/wp-json\/wp\/v2\/types\/post"}],"author":[{"embeddable":true,"href":"http:\/\/blogdalucianaoliveira.com.br\/blog\/wp-json\/wp\/v2\/users\/1"}],"replies":[{"embeddable":true,"href":"http:\/\/blogdalucianaoliveira.com.br\/blog\/wp-json\/wp\/v2\/comments?post=33095"}],"version-history":[{"count":1,"href":"http:\/\/blogdalucianaoliveira.com.br\/blog\/wp-json\/wp\/v2\/posts\/33095\/revisions"}],"predecessor-version":[{"id":33097,"href":"http:\/\/blogdalucianaoliveira.com.br\/blog\/wp-json\/wp\/v2\/posts\/33095\/revisions\/33097"}],"wp:attachment":[{"href":"http:\/\/blogdalucianaoliveira.com.br\/blog\/wp-json\/wp\/v2\/media?parent=33095"}],"wp:term":[{"taxonomy":"category","embeddable":true,"href":"http:\/\/blogdalucianaoliveira.com.br\/blog\/wp-json\/wp\/v2\/categories?post=33095"},{"taxonomy":"post_tag","embeddable":true,"href":"http:\/\/blogdalucianaoliveira.com.br\/blog\/wp-json\/wp\/v2\/tags?post=33095"}],"curies":[{"name":"wp","href":"https:\/\/api.w.org\/{rel}","templated":true}]}}