{"id":33098,"date":"2021-11-18T10:05:03","date_gmt":"2021-11-18T14:05:03","guid":{"rendered":"http:\/\/blogdalucianaoliveira.com.br\/blog\/?p=33098"},"modified":"2021-11-18T10:05:09","modified_gmt":"2021-11-18T14:05:09","slug":"enem-do-jair-leia-porque-vai-cair-na-prova","status":"publish","type":"post","link":"http:\/\/blogdalucianaoliveira.com.br\/blog\/2021\/11\/18\/enem-do-jair-leia-porque-vai-cair-na-prova\/","title":{"rendered":"&#8220;Enem do Jair&#8221; : leia porque vai cair na prova"},"content":{"rendered":"\n<figure class=\"wp-block-image\"><img decoding=\"async\" src=\"https:\/\/s.yimg.com\/ny\/api\/res\/1.2\/40ZH7sfnEGbdtooI3MlzWw--\/YXBwaWQ9aGlnaGxhbmRlcjt3PTk2MDtoPTY0MDtjZj13ZWJw\/https:\/\/s.yimg.com\/os\/creatr-uploaded-images\/2021-11\/6cd05650-46c4-11ec-bbff-18600fba99cb\" alt=\"Brazil&#39;s President Jair Bolsonaro gestures during the launching of the program Brasil Fraterno, at the Planalto Palace in Brasilia, Brazil, November 11, 2021. REUTERS\/Ueslei Marcelino\"\/><\/figure>\n\n\n\n<p>Por <a href=\"https:\/\/www.yahoo.com\/author\/matheus-pichonelli\">Matheus Pichonelli<\/a> &#8211; Cada dia que passa fica mais escancarada a dificuldade de Jair Bolsonaro compreender que o direito a governar o pa\u00eds por quatro anos, dado a ele pelo voto popular em 2018, n\u00e3o significa carta livre para transformar o Brasil em uma maquete ampliada do mundinho particular que habita sua cabe\u00e7a.<\/p>\n\n\n\n<!--more-->\n\n\n\n<p>A mais recente mostra dessa confus\u00e3o est\u00e1 nas discuss\u00f5es o Exame Nacional do Ensino M\u00e9dio, que o presidente e seus asseclas querem transformar no \u201cEnem do Jair\u201d e que levaram 37 servidores do Inep, o \u00f3rg\u00e3o respons\u00e1vel pelo exame, a se demitir por suposta inger\u00eancia do governo na elabora\u00e7\u00e3o de quest\u00f5es.<\/p>\n\n\n\n<p>No come\u00e7o da semana, Bolsonaro comemorou que as perguntas do Enem finalmente come\u00e7avam a ter a cara do governo. O resto ficou subentendido, inclusive a suspeita de que ele teve acesso antes ao material \u2014o que entraria na lista dos crimes de responsabilidade aos quais j\u00e1 responde. Para visualizar a gravidade do ato, pense no que faria um presidente bisbilhoteiro se ele j\u00e1 tivesse declarado (imagem meramente ilustrativa) que&nbsp;<a href=\"https:\/\/www.youtube.com\/watch?v=8EKM0DvgI0k\" rel=\"noreferrer noopener\" target=\"_blank\">pretende beneficiar seus filhos, sim<\/a>. Por sorte ou azar nenhum est\u00e1 na fase do vestibular.<\/p>\n\n\n\n<p>A armadilha, vendida como pol\u00eamica, seguiu um roteiro conhecido. Primeiro Bolsonaro d\u00e1 dois passos para cruzar a linha do absurdo e observa a repercuss\u00e3o. Em seguida decide se vai recuar um passo ou avan\u00e7ar mais. Qualquer uma das hip\u00f3teses j\u00e1 alterou a linha do aceit\u00e1vel.<\/p>\n\n\n\n<p>Ao ser questionado sobre um poss\u00edvel acesso indevido ao material, Bolsonaro ludibriou dizendo que a maldade estava na cabe\u00e7a de quem se exalta. E negou que tenha aprovado ou censurado qualquer quest\u00e3o. O mesmo fez seu ministro da Educa\u00e7\u00e3o, chamado a explicar a declara\u00e7\u00e3o do chefe na comiss\u00e3o dedicada ao tema na C\u00e2mara. Milton Ribeiro se limitou a dizer que &#8220;cara do governo&#8221; era um modo carinhoso de dizer que o exame agora privilegiaria a &#8220;compet\u00eancia, honestidade e seriedade\u201d.<br><\/p>\n\n\n\n<p>Antes de prosseguir, fica aqui o registro para quem foi aprovado no exame em anos anteriores: na vis\u00e3o do atual governo, voc\u00eas s\u00f3 est\u00e3o onde est\u00e3o porque voc\u00eas e os respons\u00e1veis pelas provas n\u00e3o s\u00e3o competentes nem honestos nem s\u00e9rios. S\u00e3o apenas seres lobotizados para dar as respostas certas para os governantes dos turnos anteriores. Para Bolsonaro, a vers\u00e3o antiga da prova de admiss\u00e3o na faculdade n\u00e3o media conhecimento, mas \u201cativismo pol\u00edtico e comportamental\u201d.<\/p>\n\n\n\n<p>Falou o presidente que:<\/p>\n\n\n\n<p>&#8211; soma 5 com -4 e diz que d\u00e1 9;<\/p>\n\n\n\n<p>&#8211; confunde o enviado dos EUA para quest\u00f5es clim\u00e1ticas com o ator de \u201cDebi &amp; L\u00f3ide\u201d;<\/p>\n\n\n\n<p>&#8211; acha que vacina d\u00e1 Aids;<\/p>\n\n\n\n<p>&#8211; tentou curar o povo na pandemia com rem\u00e9dio para piolho;<\/p>\n\n\n\n<p>&#8211; n\u00e3o consegue pronunciar corretamente palavras como \u201cfirewall\u201d;<\/p>\n\n\n\n<p>Se intelig\u00eancia fosse crit\u00e9rio para prova, Bolsonaro n\u00e3o tinha escolhido para sua equipe um secret\u00e1rio de Cultura que escreve \u201cassesso\u201d ou um ministro da Educa\u00e7\u00e3o, j\u00e1 enxotado, que acha tudo \u201cimprecionante\u201d.<\/p>\n\n\n\n<p>Do alvoro\u00e7o \u00e9 poss\u00edvel que Bolsonaro tire proveito \u2014e isso ele j\u00e1 mostrou que sabe.&nbsp;<\/p>\n\n\n\n<p>Se eu pudesse apostar, n\u00e3o jogaria as fichas na probabilidade de algum vestibulando se deparar no domingo com alguma quest\u00e3o pedindo para assinalar corretamente qual dos filhos do presidente \u00e9 mais bonito, se o 01, o 02, o 03, o 04 ou todas as alterativas anteriores. Ou sobre as propriedades curativas da cloroquina. Nem Bolsonaro iria t\u00e3o longe.<\/p>\n\n\n\n<p>O que ele quer \u00e9 sambar em cima do alvoro\u00e7o que ele mesmo cria para depois posar de v\u00edtima e dizer que, como sempre, houve muito barulho por nada. \u00c9 a deixa para afirmar que ideol\u00f3gicos eram os seus antecessores, n\u00e3o ele.<\/p>\n\n\n\n<p>S\u00f3 cai no conto quem n\u00e3o se lembrar que ele acaba de cassar a medalha do m\u00e9rito cient\u00edfico de dois pesquisadores respons\u00e1veis por estudos que contrariavam as posi\u00e7\u00f5es ideol\u00f3gicas do presidente: um m\u00e9dico que assinou um dos primeiros estudos que apontaram a inefic\u00e1cia da cloroquina no tratamento da Covid e uma cientista que publicou uma cartilha sobre preven\u00e7\u00e3o de doen\u00e7as para pessoas trans. Na cabe\u00e7a do presidente isso \u00e9 pecado moral. \u00c9 ele quem define quem \u00e9 gente e quem n\u00e3o \u00e9.<\/p>\n\n\n\n<p>Desde o primeiro dia de governo Bolsonaro n\u00e3o perdeu a chance de mostrar que em seu exame particular s\u00f3 passava de fase quem estivesse, ou fingisse estar, completamente alinhado com sua vis\u00e3o de mundo completamente ofuscada por suas obsess\u00f5es. Mas para ele \u201cativismo pol\u00edtico e comportamental\u201d s\u00f3 quem faz s\u00e3o os inimigos.<\/p>\n\n\n\n<p>\u00c9 como diz a m\u00fasica, j\u00e1 citada aqui outras vezes: tudo aquilo contra o que sempre lutam \u00e9 exatamente tudo aquilo que eles s\u00e3o.<\/p>\n\n\n\n<p>Bolsonaro acusar algu\u00e9m ou algum \u00f3rg\u00e3o de contamina\u00e7\u00e3o ideol\u00f3gica \u00e9 como o Quentin Tarantino reclamar que algum filme pegou pesado nas cenas com sangue e viol\u00eancia. N\u00e3o tem contradi\u00e7\u00e3o \u2014e falta de consci\u00eancia de si \u2014 maior.<\/p>\n","protected":false},"excerpt":{"rendered":"<p>Por Matheus Pichonelli &#8211; Cada dia que passa fica mais escancarada a dificuldade de Jair Bolsonaro compreender que o direito a governar o pa\u00eds por quatro anos, dado a ele pelo voto popular em 2018, n\u00e3o significa carta livre para transformar o Brasil em uma maquete ampliada do mundinho particular que habita sua cabe\u00e7a.<\/p>\n","protected":false},"author":1,"featured_media":0,"comment_status":"closed","ping_status":"open","sticky":false,"template":"","format":"standard","meta":{"_exactmetrics_skip_tracking":false,"_exactmetrics_sitenote_active":false,"_exactmetrics_sitenote_note":"","_exactmetrics_sitenote_category":0,"jetpack_post_was_ever_published":false,"_jetpack_newsletter_access":"","_jetpack_dont_email_post_to_subs":false,"_jetpack_newsletter_tier_id":0,"_jetpack_memberships_contains_paywalled_content":false,"_jetpack_memberships_contains_paid_content":false,"footnotes":"","jetpack_publicize_message":"","jetpack_publicize_feature_enabled":true,"jetpack_social_post_already_shared":true,"jetpack_social_options":{"image_generator_settings":{"template":"highway","enabled":false},"version":2}},"categories":[1],"tags":[],"class_list":["post-33098","post","type-post","status-publish","format-standard","hentry","category-notas"],"jetpack_publicize_connections":[],"jetpack_sharing_enabled":true,"jetpack_featured_media_url":"","jetpack_shortlink":"https:\/\/wp.me\/p7wKYW-8BQ","jetpack-related-posts":[],"_links":{"self":[{"href":"http:\/\/blogdalucianaoliveira.com.br\/blog\/wp-json\/wp\/v2\/posts\/33098","targetHints":{"allow":["GET"]}}],"collection":[{"href":"http:\/\/blogdalucianaoliveira.com.br\/blog\/wp-json\/wp\/v2\/posts"}],"about":[{"href":"http:\/\/blogdalucianaoliveira.com.br\/blog\/wp-json\/wp\/v2\/types\/post"}],"author":[{"embeddable":true,"href":"http:\/\/blogdalucianaoliveira.com.br\/blog\/wp-json\/wp\/v2\/users\/1"}],"replies":[{"embeddable":true,"href":"http:\/\/blogdalucianaoliveira.com.br\/blog\/wp-json\/wp\/v2\/comments?post=33098"}],"version-history":[{"count":1,"href":"http:\/\/blogdalucianaoliveira.com.br\/blog\/wp-json\/wp\/v2\/posts\/33098\/revisions"}],"predecessor-version":[{"id":33099,"href":"http:\/\/blogdalucianaoliveira.com.br\/blog\/wp-json\/wp\/v2\/posts\/33098\/revisions\/33099"}],"wp:attachment":[{"href":"http:\/\/blogdalucianaoliveira.com.br\/blog\/wp-json\/wp\/v2\/media?parent=33098"}],"wp:term":[{"taxonomy":"category","embeddable":true,"href":"http:\/\/blogdalucianaoliveira.com.br\/blog\/wp-json\/wp\/v2\/categories?post=33098"},{"taxonomy":"post_tag","embeddable":true,"href":"http:\/\/blogdalucianaoliveira.com.br\/blog\/wp-json\/wp\/v2\/tags?post=33098"}],"curies":[{"name":"wp","href":"https:\/\/api.w.org\/{rel}","templated":true}]}}