{"id":33107,"date":"2021-11-19T10:21:07","date_gmt":"2021-11-19T14:21:07","guid":{"rendered":"http:\/\/blogdalucianaoliveira.com.br\/blog\/?p=33107"},"modified":"2021-11-19T10:22:55","modified_gmt":"2021-11-19T14:22:55","slug":"imprensa-internacional-repercute-maior-desmatamento-na-amazonia-em-15-anos","status":"publish","type":"post","link":"http:\/\/blogdalucianaoliveira.com.br\/blog\/2021\/11\/19\/imprensa-internacional-repercute-maior-desmatamento-na-amazonia-em-15-anos\/","title":{"rendered":"Imprensa internacional repercute maior desmatamento na Amaz\u00f4nia em 15 anos"},"content":{"rendered":"\n<figure class=\"wp-block-image size-large\"><img data-recalc-dims=\"1\" loading=\"lazy\" decoding=\"async\" width=\"600\" height=\"338\" data-attachment-id=\"33108\" data-permalink=\"http:\/\/blogdalucianaoliveira.com.br\/blog\/2021\/11\/19\/imprensa-internacional-repercute-maior-desmatamento-na-amazonia-em-15-anos\/bbc1-2\/\" data-orig-file=\"https:\/\/i0.wp.com\/blogdalucianaoliveira.com.br\/blog\/wp-content\/uploads\/2021\/11\/bbc1.2.jpg?fit=1008%2C567\" data-orig-size=\"1008,567\" data-comments-opened=\"0\" data-image-meta=\"{&quot;aperture&quot;:&quot;0&quot;,&quot;credit&quot;:&quot;&quot;,&quot;camera&quot;:&quot;&quot;,&quot;caption&quot;:&quot;&quot;,&quot;created_timestamp&quot;:&quot;0&quot;,&quot;copyright&quot;:&quot;&quot;,&quot;focal_length&quot;:&quot;0&quot;,&quot;iso&quot;:&quot;0&quot;,&quot;shutter_speed&quot;:&quot;0&quot;,&quot;title&quot;:&quot;&quot;,&quot;orientation&quot;:&quot;0&quot;}\" data-image-title=\"bbc1.2\" data-image-description=\"\" data-image-caption=\"\" data-medium-file=\"https:\/\/i0.wp.com\/blogdalucianaoliveira.com.br\/blog\/wp-content\/uploads\/2021\/11\/bbc1.2.jpg?fit=300%2C169\" data-large-file=\"https:\/\/i0.wp.com\/blogdalucianaoliveira.com.br\/blog\/wp-content\/uploads\/2021\/11\/bbc1.2.jpg?fit=600%2C338\" src=\"https:\/\/i0.wp.com\/blogdalucianaoliveira.com.br\/blog\/wp-content\/uploads\/2021\/11\/bbc1.2.jpg?resize=600%2C338&#038;ssl=1\" alt=\"\" class=\"wp-image-33108\" srcset=\"https:\/\/i0.wp.com\/blogdalucianaoliveira.com.br\/blog\/wp-content\/uploads\/2021\/11\/bbc1.2.jpg?w=1008 1008w, https:\/\/i0.wp.com\/blogdalucianaoliveira.com.br\/blog\/wp-content\/uploads\/2021\/11\/bbc1.2.jpg?resize=300%2C169 300w, https:\/\/i0.wp.com\/blogdalucianaoliveira.com.br\/blog\/wp-content\/uploads\/2021\/11\/bbc1.2.jpg?resize=768%2C432 768w, https:\/\/i0.wp.com\/blogdalucianaoliveira.com.br\/blog\/wp-content\/uploads\/2021\/11\/bbc1.2.jpg?resize=533%2C300 533w\" sizes=\"auto, (max-width: 600px) 100vw, 600px\" \/><\/figure>\n\n\n\n<h4 class=\"wp-block-heading\">Dados que apontam uma alta de 22% no desmatamento entre 2020 e 2021 s\u00e3o de antes do in\u00edcio da COP26 (a Confer\u00eancia do Clima da ONU), mas s\u00f3 foram revelados ap\u00f3s o evento.<\/h4>\n\n\n\n<!--more-->\n\n\n\n<p>Por g1<\/p>\n\n\n\n<p>A imprensa internacional destacou os dados oficiais do Brasil de que&nbsp;<a href=\"https:\/\/g1.globo.com\/meio-ambiente\/noticia\/2021\/11\/18\/desmatamento-na-amazonia-passa-de-13-mil-km-entre-agosto-de-2020-e-julho-de-2021-apontam-dados-do-prodes.ghtml\">a Amaz\u00f4nia teve o maior desmatamento desde 2006<\/a>&nbsp;e que os dados s\u00e3o de antes da COP26, a C\u00fapula do Clima da ONU.<\/p>\n\n\n\n<p>Foram desmatados 13.235 km\u00b2 de floresta entre agosto de 2020 e julho de 2021, segundo n\u00fameros do governo federal divulgados na quinta-feira (18) pelo Instituto Nacional de Pesquisas Espaciais (Inpe).<\/p>\n\n\n\n<p>Os dados que apontam uma alta de 22% no desmatamento entre 2020 e 2021&nbsp;<a href=\"https:\/\/g1.globo.com\/meio-ambiente\/noticia\/2021\/11\/18\/relatorio-que-mostra-alta-de-22percent-no-desmate-tem-data-anterior-a-cop26-ongs-apontam-escandalo-e-omissao.ghtml\">s\u00e3o de 27 de outubro, de antes do in\u00edcio da COP26 (a C\u00fapula do Clima da ONU), mas s\u00f3 foram revelados ap\u00f3s o evento<\/a>.<\/p>\n\n\n\n<p>Veja abaixo a repercuss\u00e3o internacional:<\/p>\n\n\n\n<h2 class=\"wp-block-heading\">BBC (Reino Unido)<\/h2>\n\n\n\n<figure class=\"wp-block-image\"><img data-recalc-dims=\"1\" decoding=\"async\" src=\"https:\/\/i0.wp.com\/s2.glbimg.com\/wuS91H3B8-MY5WfrdMDqPiMWQBg%3D\/0x0%3A1661x817\/1008x0\/smart\/filters%3Astrip_icc%28%29\/i.s3.glbimg.com\/v1\/AUTH_59edd422c0c84a879bd37670ae4f538a\/internal_photos\/bs\/2021\/R\/c\/l74AdFT1Gvv8kA8CLbgQ\/bbc.png?w=600&#038;ssl=1\" alt=\"Imprensa internacional repercute maior desmatamento na Amaz\u00f4nia em 15 anos \u2014 Foto: Reprodu\u00e7\u00e3o\/bbc.com\"\/><\/figure>\n\n\n\n<p>Imprensa internacional repercute maior desmatamento na Amaz\u00f4nia em 15 anos \u2014 Foto: Reprodu\u00e7\u00e3o\/bbc.com<\/p>\n\n\n\n<p>A rede de televis\u00e3o brit\u00e2nica BBC destaca na not\u00edcia sobre o desmatamento na Amaz\u00f4nia que&nbsp;<a href=\"https:\/\/www.bbc.com\/news\/world-latin-america-59341770\" target=\"_blank\" rel=\"noreferrer noopener\">o Brasil foi um dos pa\u00edses &#8220;que prometeram acabar e reverter o desmatamento at\u00e9 2030 durante a c\u00fapula do clima<\/a>&#8221; (a COP26).<\/p>\n\n\n\n<p>A BBC destaca tamb\u00e9m que a Amaz\u00f4nia &#8220;abriga cerca de tr\u00eas milh\u00f5es de esp\u00e9cies de plantas e animais e um milh\u00e3o de ind\u00edgenas&#8221; e &#8220;\u00e9 um estoque de carbono vital que diminui o ritmo do aquecimento global&#8221;.<\/p>\n\n\n\n<h2 class=\"wp-block-heading\">&#8216;The Guardian&#8217; (Reino Unido)<\/h2>\n\n\n\n<figure class=\"wp-block-image\"><img data-recalc-dims=\"1\" decoding=\"async\" src=\"https:\/\/i0.wp.com\/s2.glbimg.com\/WevXMiMAb0eNBbCPyLeOauNE-YE%3D\/0x0%3A1656x726\/1008x0\/smart\/filters%3Astrip_icc%28%29\/i.s3.glbimg.com\/v1\/AUTH_59edd422c0c84a879bd37670ae4f538a\/internal_photos\/bs\/2021\/a\/A\/161XeZTrWh702Nhsnujg\/guardian.png?w=600&#038;ssl=1\" alt=\"Imprensa internacional repercute maior desmatamento na Amaz\u00f4nia em 15 anos \u2014 Foto: Reprodu\u00e7\u00e3o\/theguardian.com\"\/><\/figure>\n\n\n\n<p>Imprensa internacional repercute maior desmatamento na Amaz\u00f4nia em 15 anos \u2014 Foto: Reprodu\u00e7\u00e3o\/theguardian.com<\/p>\n\n\n\n<p>O jornal brit\u00e2nico &#8220;The Guardian&#8221; diz que o relat\u00f3rio anual do pr\u00f3prio governo brasileiro &#8220;<a href=\"https:\/\/www.theguardian.com\/environment\/2021\/nov\/18\/deforestation-in-brazils-amazon-rises-by-more-than-a-fifth-in-a-year\" target=\"_blank\" rel=\"noreferrer noopener\">mina as garantias do presidente Jair Bolsonaro de que o pa\u00eds est\u00e1 restringindo a extra\u00e7\u00e3o ilegal de madeira<\/a>&#8220;.<\/p>\n\n\n\n<p>O jornal destaca que a \u00e1rea desmatada na Amaz\u00f4nia \u00e9 &#8220;quase 17 vezes o tamanho da cidade de Nova York&#8221;, e que &#8220;a destrui\u00e7\u00e3o vem apesar dos esfor\u00e7os de Bolsonaro para mostrar que seu governo leva a s\u00e9rio a prote\u00e7\u00e3o da Amaz\u00f4nia&#8221;.<\/p>\n\n\n\n<h2 class=\"wp-block-heading\">&#8216;The Washington Post&#8217; (EUA)<\/h2>\n\n\n\n<figure class=\"wp-block-image\"><img data-recalc-dims=\"1\" decoding=\"async\" src=\"https:\/\/i0.wp.com\/s2.glbimg.com\/mrhxFKK3ZO85duQMzNwv7Q09Ojs%3D\/0x0%3A1895x547\/1008x0\/smart\/filters%3Astrip_icc%28%29\/i.s3.glbimg.com\/v1\/AUTH_59edd422c0c84a879bd37670ae4f538a\/internal_photos\/bs\/2021\/T\/s\/PGPf10T5mWSZt2iJ355g\/wapo.png?w=600&#038;ssl=1\" alt=\"Imprensa internacional repercute maior desmatamento na Amaz\u00f4nia em 15 anos \u2014 Foto: Reprodu\u00e7\u00e3o\/washingtonpost.com\"\/><\/figure>\n\n\n\n<p>Imprensa internacional repercute maior desmatamento na Amaz\u00f4nia em 15 anos \u2014 Foto: Reprodu\u00e7\u00e3o\/washingtonpost.com<\/p>\n\n\n\n<p>O jornal americano &#8220;The Washington Post&#8221; destaca que &#8220;<a href=\"https:\/\/www.washingtonpost.com\/world\/brazils-amazon-deforestation-surges-to-worst-in-15-years\/2021\/11\/18\/509a4ba0-48c0-11ec-beca-3cc7103bd814_story.html\" target=\"_blank\" rel=\"noreferrer noopener\">o recorde [de desmatamento] em 15 anos voa na cara das recentes tentativas do governo Bolsonaro de refor\u00e7ar sua credibilidade ambiental<\/a>&#8220;.<\/p>\n\n\n\n<p>O jornal destaca tamb\u00e9m que o Brasil se comprometeu a acabar com o desmatamento ilegal na COP26, mas que o relat\u00f3rio do pr\u00f3prio governo brasileiro \u00e9 &#8220;datado de 27 de outubro \u2014 antes do in\u00edcio das negocia\u00e7\u00f5es em Glasgow&#8221;.<\/p>\n\n\n\n<h2 class=\"wp-block-heading\">&#8216;Le Monde&#8217; (Fran\u00e7a)<\/h2>\n\n\n\n<figure class=\"wp-block-image\"><img data-recalc-dims=\"1\" decoding=\"async\" src=\"https:\/\/i0.wp.com\/s2.glbimg.com\/YYFdJi_jOHlLBG3BStBn6UMfSqo%3D\/0x0%3A1478x896\/1008x0\/smart\/filters%3Astrip_icc%28%29\/i.s3.glbimg.com\/v1\/AUTH_59edd422c0c84a879bd37670ae4f538a\/internal_photos\/bs\/2021\/v\/6\/DIO7BAS5ueKLTbQsNGSg\/lemonde.png?w=600&#038;ssl=1\" alt=\"Imprensa internacional repercute maior desmatamento na Amaz\u00f4nia em 15 anos \u2014 Foto: Reprodu\u00e7\u00e3o\/lemonde.fr\"\/><\/figure>\n\n\n\n<p>Imprensa internacional repercute maior desmatamento na Amaz\u00f4nia em 15 anos \u2014 Foto: Reprodu\u00e7\u00e3o\/lemonde.fr<\/p>\n\n\n\n<p>O jornal franc\u00eas &#8220;Le Monde&#8221; afirmou que&nbsp;<a href=\"https:\/\/www.lemonde.fr\/planete\/article\/2021\/11\/19\/la-deforestation-de-l-amazonie-bresilienne-s-accelere_6102660_3244.html\" target=\"_blank\" rel=\"noreferrer noopener\">&#8220;o desmatamento da Amaz\u00f4nia est\u00e1 se acelerando ainda mais&#8221; no Brasil<\/a>. &#8220;A maior floresta tropical do mundo continua encolhendo, apesar das promessas feitas pelo governo de Jair Bolsonaro na COP26&#8221;.<\/p>\n\n\n\n<h2 class=\"wp-block-heading\">Al Jazeera<\/h2>\n\n\n\n<figure class=\"wp-block-image\"><img data-recalc-dims=\"1\" decoding=\"async\" src=\"https:\/\/i0.wp.com\/s2.glbimg.com\/iJ4FSuvApBy1WR6QOsRx899DQds%3D\/0x0%3A1537x896\/1008x0\/smart\/filters%3Astrip_icc%28%29\/i.s3.glbimg.com\/v1\/AUTH_59edd422c0c84a879bd37670ae4f538a\/internal_photos\/bs\/2021\/d\/3\/A5UOerQXGTTUOeRhK5fw\/aljazeera.png?w=600&#038;ssl=1\" alt=\"Imprensa internacional repercute maior desmatamento na Amaz\u00f4nia em 15 anos \u2014 Foto: Reprodu\u00e7\u00e3o\/aljazeera.com\"\/><\/figure>\n\n\n\n<p>Imprensa internacional repercute maior desmatamento na Amaz\u00f4nia em 15 anos \u2014 Foto: Reprodu\u00e7\u00e3o\/aljazeera.com<\/p>\n\n\n\n<p>A rede de televis\u00e3o Al Jazeera destaca que o maior desmatamento na Amaz\u00f4nia em 15 anos foram divulgados &#8220;<a href=\"https:\/\/www.aljazeera.com\/news\/2021\/11\/18\/amazon-deforestation-in-brazil-surges-to-15-year-high\" target=\"_blank\" rel=\"noreferrer noopener\">depois que o governo brasileiro se comprometeu, na COP26, a acabar com o desmatamento ilegal at\u00e9 2028<\/a>&#8220;.<\/p>\n\n\n\n<p>O texto diz tamb\u00e9m que a alta de 22% no desmatamento &#8220;mina as garantias do presidente Jair Bolsonaro de que o pa\u00eds est\u00e1 reduzindo a extra\u00e7\u00e3o ilegal de madeira&#8221; e tamb\u00e9m destaca que a \u00e1rea de floresta derrubada \u00e9 &#8220;quase 17 vezes o tamanho da cidade de Nova York&#8221;.<\/p>\n\n\n\n<h2 class=\"wp-block-heading\">&#8216;El Pa\u00eds&#8217; (Espanha)<\/h2>\n\n\n\n<figure class=\"wp-block-image\"><img data-recalc-dims=\"1\" decoding=\"async\" src=\"https:\/\/i0.wp.com\/s2.glbimg.com\/ok1ZOB0AqYuVyzwyZDCJNSd3Ri4%3D\/0x0%3A1889x896\/1008x0\/smart\/filters%3Astrip_icc%28%29\/i.s3.glbimg.com\/v1\/AUTH_59edd422c0c84a879bd37670ae4f538a\/internal_photos\/bs\/2021\/q\/n\/wzg03NSVC6yhEtSEYovg\/elpais.png?w=600&#038;ssl=1\" alt=\"Imprensa internacional repercute maior desmatamento na Amaz\u00f4nia em 15 anos \u2014 Foto: Reprodu\u00e7\u00e3o\/elpais.com\"\/><\/figure>\n\n\n\n<p>Imprensa internacional repercute maior desmatamento na Amaz\u00f4nia em 15 anos \u2014 Foto: Reprodu\u00e7\u00e3o\/elpais.com<\/p>\n\n\n\n<p>O jornal espanhol &#8220;El Pa\u00eds&#8221; diz que a pol\u00edtica adotada pelo governo Bolsonaro consiste em enfraquecer a vigil\u00e2ncia na floresta, substituindo ambientalistas por militares nos \u00f3rg\u00e3os encarregados da prote\u00e7\u00e3o do meio ambiente e lembra a promessa do presidente brasileiro de n\u00e3o demarcar terras ind\u00edgenas.<\/p>\n\n\n\n<p>&#8220;<a href=\"https:\/\/elpais.com\/clima-y-medio-ambiente\/2021-11-19\/la-deforestacion-ilegal-en-la-amazonia-sube-y-alcanza-el-record-en-los-ultimos-15-anos.html?rel=buscador_noticias\" target=\"_blank\" rel=\"noreferrer noopener\">O Brasil passou de aluno exemplar a vil\u00e3o ambiental em poucos anos<\/a>&#8220;, diz o texto. &#8220;O governo Bolsonaro insiste em proclamar que n\u00e3o vai tolerar atividades ilegais na Amaz\u00f4nia, mas basta ir at\u00e9 l\u00e1 para ser testemunha da velocidade em que avan\u00e7a o desmatamento, a ocupa\u00e7\u00e3o de terras para a cria\u00e7\u00e3o de gado e as invas\u00f5es de mineiros em reservas ind\u00edgenas&#8221;.<\/p>\n\n\n\n<p><br><\/p>\n","protected":false},"excerpt":{"rendered":"<p>Dados que apontam uma alta de 22% no desmatamento entre 2020 e 2021 s\u00e3o de antes do in\u00edcio da COP26 (a Confer\u00eancia do Clima da ONU), mas s\u00f3 foram revelados ap\u00f3s o evento.<\/p>\n","protected":false},"author":1,"featured_media":0,"comment_status":"closed","ping_status":"open","sticky":false,"template":"","format":"standard","meta":{"_exactmetrics_skip_tracking":false,"_exactmetrics_sitenote_active":false,"_exactmetrics_sitenote_note":"","_exactmetrics_sitenote_category":0,"jetpack_post_was_ever_published":false,"_jetpack_newsletter_access":"","_jetpack_dont_email_post_to_subs":false,"_jetpack_newsletter_tier_id":0,"_jetpack_memberships_contains_paywalled_content":false,"_jetpack_memberships_contains_paid_content":false,"footnotes":"","jetpack_publicize_message":"","jetpack_publicize_feature_enabled":true,"jetpack_social_post_already_shared":true,"jetpack_social_options":{"image_generator_settings":{"template":"highway","enabled":false},"version":2}},"categories":[1],"tags":[252,5,387],"class_list":["post-33107","post","type-post","status-publish","format-standard","hentry","category-notas","tag-amazonia","tag-brasil","tag-desmatamento"],"jetpack_publicize_connections":[],"jetpack_sharing_enabled":true,"jetpack_featured_media_url":"","jetpack_shortlink":"https:\/\/wp.me\/p7wKYW-8BZ","jetpack-related-posts":[],"_links":{"self":[{"href":"http:\/\/blogdalucianaoliveira.com.br\/blog\/wp-json\/wp\/v2\/posts\/33107","targetHints":{"allow":["GET"]}}],"collection":[{"href":"http:\/\/blogdalucianaoliveira.com.br\/blog\/wp-json\/wp\/v2\/posts"}],"about":[{"href":"http:\/\/blogdalucianaoliveira.com.br\/blog\/wp-json\/wp\/v2\/types\/post"}],"author":[{"embeddable":true,"href":"http:\/\/blogdalucianaoliveira.com.br\/blog\/wp-json\/wp\/v2\/users\/1"}],"replies":[{"embeddable":true,"href":"http:\/\/blogdalucianaoliveira.com.br\/blog\/wp-json\/wp\/v2\/comments?post=33107"}],"version-history":[{"count":2,"href":"http:\/\/blogdalucianaoliveira.com.br\/blog\/wp-json\/wp\/v2\/posts\/33107\/revisions"}],"predecessor-version":[{"id":33110,"href":"http:\/\/blogdalucianaoliveira.com.br\/blog\/wp-json\/wp\/v2\/posts\/33107\/revisions\/33110"}],"wp:attachment":[{"href":"http:\/\/blogdalucianaoliveira.com.br\/blog\/wp-json\/wp\/v2\/media?parent=33107"}],"wp:term":[{"taxonomy":"category","embeddable":true,"href":"http:\/\/blogdalucianaoliveira.com.br\/blog\/wp-json\/wp\/v2\/categories?post=33107"},{"taxonomy":"post_tag","embeddable":true,"href":"http:\/\/blogdalucianaoliveira.com.br\/blog\/wp-json\/wp\/v2\/tags?post=33107"}],"curies":[{"name":"wp","href":"https:\/\/api.w.org\/{rel}","templated":true}]}}