{"id":33120,"date":"2021-11-22T11:56:13","date_gmt":"2021-11-22T15:56:13","guid":{"rendered":"http:\/\/blogdalucianaoliveira.com.br\/blog\/?p=33120"},"modified":"2021-11-22T11:56:20","modified_gmt":"2021-11-22T15:56:20","slug":"editorial-el-pais-lula-o-social-democrata-latino-americano","status":"publish","type":"post","link":"http:\/\/blogdalucianaoliveira.com.br\/blog\/2021\/11\/22\/editorial-el-pais-lula-o-social-democrata-latino-americano\/","title":{"rendered":"Editorial El Pa\u00eds: Lula, o social-democrata latino-americano"},"content":{"rendered":"\n<figure class=\"wp-block-image\"><img data-recalc-dims=\"1\" decoding=\"async\" src=\"https:\/\/i0.wp.com\/imagens.brasil.elpais.com\/resizer\/-jZ5Tgyo0e793f61rVrdJ70vpU0%3D\/414x0\/cloudfront-eu-central-1.images.arcpublishing.com\/prisa\/TPS32C2KHVB7HFOFC4L6YIQ7QM.JPG?w=600&#038;ssl=1\" alt=\"O ex-presidente Lula no hotel Wellington, em Madri.\"\/><\/figure>\n\n\n\n<p><strong>Sua candidatura \u00e0 presid\u00eancia do Brasil \u00e9 a alternativa para acabar com o populismo de extrema direita de Bolsonaro.<\/strong><\/p>\n\n\n\n<!--more-->\n\n\n\n<p> O ano de 2021 inaugurou um novo ciclo eleitoral na Am\u00e9rica Latina, que ter\u00e1 um de seus eventos decisivos no Brasil, em outubro do ano que vem. Muito provavelmente, a pr\u00f3xima elei\u00e7\u00e3o confrontar\u00e1 o presidente de extrema direita Jair Bolsonaro ao ressurgente ex-sindicalista Luiz In\u00e1cio Lula da Silva, embora este ainda n\u00e3o tenha confirmado que disputar\u00e1 o Planalto. Em Bruxelas,\u00a0<a rel=\"noreferrer noopener\" href=\"https:\/\/brasil.elpais.com\/brasil\/2021-11-16\/em-bruxelas-lula-exige-medidas-contra-a-pobreza-e-que-os-ricos-paguem-impostos.html\" target=\"_blank\">Lula protagonizou v\u00e1rios encontros sobre uma agenda comum<\/a>\u00a0com a fam\u00edlia social-democrata e progressista, o que ajuda a desenhar com for\u00e7a a possibilidade de que Lula, afinal, ser\u00e1 candidato. E isso \u00e9 animador, porque, no dia de hoje, o fundador do Partido dos Trabalhadores parece ser o candidato com maior capacidade para vencer Bolsonaro, um\u00a0<a rel=\"noreferrer noopener\" href=\"https:\/\/brasil.elpais.com\/opiniao\/2020-08-08\/negacionismo-de-bolsonaro-diante-da-pandemia-tem-metodo-e-pode-garantir-sua-sobrevivencia-politica.html\" target=\"_blank\">presidente que desprezou a vida humana<\/a>\u00a0e a autoridade da ci\u00eancia durante a pandemia, levando a seu pa\u00eds a uma das taxas mais altas de mortes por covid-19 em todo o planeta.\u00a0<a rel=\"noreferrer noopener\" href=\"https:\/\/brasil.elpais.com\/brasil\/2021-11-19\/desmatamento-na-amazonia-e-o-maior-em-15-anos-e-governo-e-acusado-de-esconder-dados-da-cop26.html\" target=\"_blank\">Al\u00e9m de tratar de destruir a Amaz\u00f4nia<\/a>, um dos pulm\u00f5es da Terra e foco que abriga a maior diversidade do globo, Bolsonaro desdenhou abertamente das normas democr\u00e1ticas b\u00e1sicas, deslegitimando e tentando anular seus advers\u00e1rios pol\u00edticos. N\u00e3o h\u00e1 nada mais perigoso para a sa\u00fade das democracias que negar a altern\u00e2ncia pol\u00edtica, algo que Lula defende com convic\u00e7\u00e3o para seu pa\u00eds\u00a0<a rel=\"noreferrer noopener\" href=\"https:\/\/brasil.elpais.com\/internacional\/2021-11-20\/tenho-que-voltar-a-recuperar-o-prestigio-do-brasil-e-que-o-povo-coma-tres-vezes-por-dia.html\" target=\"_blank\">na entrevista que concedeu a este jornal<\/a>. <\/p>\n\n\n\n<p>Desde que tomou posse como presidente, em 2019, Bolsonaro segue o manual amplamente conhecido do populismo autorit\u00e1rio.\u00a0<a rel=\"noreferrer noopener\" href=\"https:\/\/brasil.elpais.com\/opiniao\/2021-09-07\/o-momento-mais-perigoso-de-nossa-curta-vida-democratica.html\" target=\"_blank\">Infligiu um incalcul\u00e1vel dano \u00e0s normas constitucionais<\/a>, dividindo e polarizando a sociedade:\u00a0<a rel=\"noreferrer noopener\" href=\"https:\/\/brasil.elpais.com\/brasil\/2021-07-18\/o-metodo-bolsonaro-um-assalto-a-democracia-em-camera-lenta.html\" target=\"_blank\">desprestigia a pol\u00edtica e despreza a verdade<\/a>, ao mesmo tempo em que promove teorias conspirat\u00f3rias negacionistas. As elei\u00e7\u00f5es que antepor\u00e3o Lula a Bolsonaro ter\u00e3o um car\u00e1ter existencial: est\u00e1 em jogo o pr\u00f3prio futuro da democracia no Brasil. O resultado, inevitavelmente, ter\u00e1 um enorme impacto em todo o continente durante a pr\u00f3xima d\u00e9cada, dada a capacidade de irradia\u00e7\u00e3o de um pa\u00eds que j\u00e1 foi considerado um exemplo democr\u00e1tico entre as economias emergentes.<br><\/p>\n\n\n\n<p>A relev\u00e2ncia de Lula e destas elei\u00e7\u00f5es para a estabilidade regional constituem os principais motivos pelos quais vale a pena para a esquerda europeia se aproximar do poss\u00edvel pr\u00f3ximo presidente do Brasil. Ele pode ser considerado sem d\u00favida o representante mais afim \u00e0 fam\u00edlia social-democrata no continente latino-americano. Lula demonstrou sua<a rel=\"noreferrer noopener\" href=\"https:\/\/brasil.elpais.com\/opiniao\/2021-11-18\/auxilio-brasil-e-a-marcha-a-re-na-politica-social-e-liberal-brasileira.html\" target=\"_blank\">\u00a0sensibilidade por temas como a pobreza e a justi\u00e7a social<\/a>\u00a0em uma \u00e1rea fortemente golpeada pela desigualdade. Mas tamb\u00e9m por quest\u00f5es como a mudan\u00e7a clim\u00e1tica, a diversidade e a qualidade democr\u00e1tica. Sua vis\u00e3o em termos de valores e de uma governan\u00e7a global multilateral d\u00e3o sentido a esse di\u00e1logo entre as fam\u00edlias progressistas de ambos os continentes. A constru\u00e7\u00e3o de uma agenda comum chega em um momento no qual os problemas internos europeus continuam afundando o inexplic\u00e1vel vazio e desinteresse da Uni\u00e3o por uma regi\u00e3o com a qual \u00e9 indispens\u00e1vel estabelecer uma alian\u00e7a estrat\u00e9gica para lutar por objetivos comuns, como a mudan\u00e7a clim\u00e1tica e uma globaliza\u00e7\u00e3o que limite os excessos ordoliberais da \u00faltima d\u00e9cada. Lula deixou, \u00e0 sua passagem pela Europa, a mensagem de que o Brasil n\u00e3o \u00e9 Bolsonaro, e que uma esquerda democr\u00e1tica, realista e disposta a batalhar contra a desigualdade \u00e9 poss\u00edvel.<br><\/p>\n","protected":false},"excerpt":{"rendered":"<p>Sua candidatura \u00e0 presid\u00eancia do Brasil \u00e9 a alternativa para acabar com o populismo de extrema direita de Bolsonaro.<\/p>\n","protected":false},"author":1,"featured_media":0,"comment_status":"closed","ping_status":"open","sticky":false,"template":"","format":"standard","meta":{"_exactmetrics_skip_tracking":false,"_exactmetrics_sitenote_active":false,"_exactmetrics_sitenote_note":"","_exactmetrics_sitenote_category":0,"jetpack_post_was_ever_published":false,"_jetpack_newsletter_access":"","_jetpack_dont_email_post_to_subs":false,"_jetpack_newsletter_tier_id":0,"_jetpack_memberships_contains_paywalled_content":false,"_jetpack_memberships_contains_paid_content":false,"footnotes":"","jetpack_publicize_message":"","jetpack_publicize_feature_enabled":true,"jetpack_social_post_already_shared":true,"jetpack_social_options":{"image_generator_settings":{"template":"highway","enabled":false},"version":2}},"categories":[1],"tags":[],"class_list":["post-33120","post","type-post","status-publish","format-standard","hentry","category-notas"],"jetpack_publicize_connections":[],"jetpack_sharing_enabled":true,"jetpack_featured_media_url":"","jetpack_shortlink":"https:\/\/wp.me\/p7wKYW-8Cc","jetpack-related-posts":[],"_links":{"self":[{"href":"http:\/\/blogdalucianaoliveira.com.br\/blog\/wp-json\/wp\/v2\/posts\/33120","targetHints":{"allow":["GET"]}}],"collection":[{"href":"http:\/\/blogdalucianaoliveira.com.br\/blog\/wp-json\/wp\/v2\/posts"}],"about":[{"href":"http:\/\/blogdalucianaoliveira.com.br\/blog\/wp-json\/wp\/v2\/types\/post"}],"author":[{"embeddable":true,"href":"http:\/\/blogdalucianaoliveira.com.br\/blog\/wp-json\/wp\/v2\/users\/1"}],"replies":[{"embeddable":true,"href":"http:\/\/blogdalucianaoliveira.com.br\/blog\/wp-json\/wp\/v2\/comments?post=33120"}],"version-history":[{"count":1,"href":"http:\/\/blogdalucianaoliveira.com.br\/blog\/wp-json\/wp\/v2\/posts\/33120\/revisions"}],"predecessor-version":[{"id":33121,"href":"http:\/\/blogdalucianaoliveira.com.br\/blog\/wp-json\/wp\/v2\/posts\/33120\/revisions\/33121"}],"wp:attachment":[{"href":"http:\/\/blogdalucianaoliveira.com.br\/blog\/wp-json\/wp\/v2\/media?parent=33120"}],"wp:term":[{"taxonomy":"category","embeddable":true,"href":"http:\/\/blogdalucianaoliveira.com.br\/blog\/wp-json\/wp\/v2\/categories?post=33120"},{"taxonomy":"post_tag","embeddable":true,"href":"http:\/\/blogdalucianaoliveira.com.br\/blog\/wp-json\/wp\/v2\/tags?post=33120"}],"curies":[{"name":"wp","href":"https:\/\/api.w.org\/{rel}","templated":true}]}}