{"id":33125,"date":"2021-11-23T07:38:31","date_gmt":"2021-11-23T11:38:31","guid":{"rendered":"http:\/\/blogdalucianaoliveira.com.br\/blog\/?p=33125"},"modified":"2021-11-23T07:38:37","modified_gmt":"2021-11-23T11:38:37","slug":"txai-surui-e-almir-surui-sao-os-entrevistados-do-roda-viva-da-proxima-segunda-feira-29","status":"publish","type":"post","link":"http:\/\/blogdalucianaoliveira.com.br\/blog\/2021\/11\/23\/txai-surui-e-almir-surui-sao-os-entrevistados-do-roda-viva-da-proxima-segunda-feira-29\/","title":{"rendered":"Txai Suru\u00ed e Almir Suru\u00ed s\u00e3o os entrevistados do Roda Viva da pr\u00f3xima segunda-feira (29)"},"content":{"rendered":"\n<figure class=\"wp-block-image size-large\"><img data-recalc-dims=\"1\" loading=\"lazy\" decoding=\"async\" width=\"600\" height=\"403\" data-attachment-id=\"33126\" data-permalink=\"http:\/\/blogdalucianaoliveira.com.br\/blog\/2021\/11\/23\/txai-surui-e-almir-surui-sao-os-entrevistados-do-roda-viva-da-proxima-segunda-feira-29\/20f765f6-8fe1-4a33-a939-073dc12e85f5\/\" data-orig-file=\"https:\/\/i0.wp.com\/blogdalucianaoliveira.com.br\/blog\/wp-content\/uploads\/2021\/11\/20F765F6-8FE1-4A33-A939-073DC12E85F5.jpeg?fit=766%2C514\" data-orig-size=\"766,514\" data-comments-opened=\"0\" data-image-meta=\"{&quot;aperture&quot;:&quot;0&quot;,&quot;credit&quot;:&quot;&quot;,&quot;camera&quot;:&quot;&quot;,&quot;caption&quot;:&quot;&quot;,&quot;created_timestamp&quot;:&quot;0&quot;,&quot;copyright&quot;:&quot;&quot;,&quot;focal_length&quot;:&quot;0&quot;,&quot;iso&quot;:&quot;0&quot;,&quot;shutter_speed&quot;:&quot;0&quot;,&quot;title&quot;:&quot;&quot;,&quot;orientation&quot;:&quot;1&quot;}\" data-image-title=\"20F765F6-8FE1-4A33-A939-073DC12E85F5\" data-image-description=\"\" data-image-caption=\"\" data-medium-file=\"https:\/\/i0.wp.com\/blogdalucianaoliveira.com.br\/blog\/wp-content\/uploads\/2021\/11\/20F765F6-8FE1-4A33-A939-073DC12E85F5.jpeg?fit=300%2C201\" data-large-file=\"https:\/\/i0.wp.com\/blogdalucianaoliveira.com.br\/blog\/wp-content\/uploads\/2021\/11\/20F765F6-8FE1-4A33-A939-073DC12E85F5.jpeg?fit=600%2C403\" src=\"https:\/\/i0.wp.com\/blogdalucianaoliveira.com.br\/blog\/wp-content\/uploads\/2021\/11\/20F765F6-8FE1-4A33-A939-073DC12E85F5.jpeg?resize=600%2C403\" alt=\"\" class=\"wp-image-33126\" srcset=\"https:\/\/i0.wp.com\/blogdalucianaoliveira.com.br\/blog\/wp-content\/uploads\/2021\/11\/20F765F6-8FE1-4A33-A939-073DC12E85F5.jpeg?w=766 766w, https:\/\/i0.wp.com\/blogdalucianaoliveira.com.br\/blog\/wp-content\/uploads\/2021\/11\/20F765F6-8FE1-4A33-A939-073DC12E85F5.jpeg?resize=300%2C201 300w, https:\/\/i0.wp.com\/blogdalucianaoliveira.com.br\/blog\/wp-content\/uploads\/2021\/11\/20F765F6-8FE1-4A33-A939-073DC12E85F5.jpeg?resize=447%2C300 447w\" sizes=\"auto, (max-width: 600px) 100vw, 600px\" \/><\/figure>\n\n\n\n<p>Tv Cultura &#8211; Duas das mais importantes lideran\u00e7as ind\u00edgenas atuais, Almir Suru\u00ed e Txai Suru\u00ed s\u00e3o os entrevistados do Roda Viva da pr\u00f3xima segunda-feira (29).<\/p>\n\n\n\n<!--more-->\n\n\n\n<p>Primeira ind\u00edgena a discursar em uma Confer\u00eancia do Clima da ONU,\u00a0Txai Suru\u00ed trabalha na assessoria jur\u00eddica da Associa\u00e7\u00e3o de Defesa Etnoambiental, ONG que atua em defesa dos direitos dos ind\u00edgenas. Tamb\u00e9m \u00e9 fundadora e coordenadora do\u00a0Movimento da Juventude Ind\u00edgena de Rond\u00f4nia, que promove a\u00e7\u00f5es em defesa da demarca\u00e7\u00e3o de terras e da garantia de direitos aos povos origin\u00e1rios.\u00a0<br><\/p>\n\n\n\n<p>Almir Suru\u00ed \u00e9 reconhecido internacionalmente por denunciar o desmatamento na Amaz\u00f4nia e buscar alternativas sustent\u00e1veis para a floresta.\u00a0Nascido em Rond\u00f4nia, ele j\u00e1 coordenou o movimento ind\u00edgena do estado e discursou na Assembleia Geral da ONU.<\/p>\n\n\n\n<p>O programa vai ao ar \u00e0s 22h, na TV Cultura, no site da emissora, no canal do YouTube, no Dailymotion, nas redes sociais Twitter e Facebook.<\/p>\n\n\n\n<p><\/p>\n","protected":false},"excerpt":{"rendered":"<p>Tv Cultura &#8211; Duas das mais importantes lideran\u00e7as ind\u00edgenas atuais, Almir Suru\u00ed e Txai Suru\u00ed s\u00e3o os entrevistados do Roda Viva da pr\u00f3xima segunda-feira (29).<\/p>\n","protected":false},"author":1,"featured_media":0,"comment_status":"closed","ping_status":"open","sticky":false,"template":"","format":"standard","meta":{"_exactmetrics_skip_tracking":false,"_exactmetrics_sitenote_active":false,"_exactmetrics_sitenote_note":"","_exactmetrics_sitenote_category":0,"jetpack_post_was_ever_published":false,"_jetpack_newsletter_access":"","_jetpack_dont_email_post_to_subs":false,"_jetpack_newsletter_tier_id":0,"_jetpack_memberships_contains_paywalled_content":false,"_jetpack_memberships_contains_paid_content":false,"footnotes":"","jetpack_publicize_message":"","jetpack_publicize_feature_enabled":true,"jetpack_social_post_already_shared":true,"jetpack_social_options":{"image_generator_settings":{"template":"highway","enabled":false},"version":2}},"categories":[1],"tags":[511,628],"class_list":["post-33125","post","type-post","status-publish","format-standard","hentry","category-notas","tag-almir-surui","tag-txai-surui"],"jetpack_publicize_connections":[],"jetpack_sharing_enabled":true,"jetpack_featured_media_url":"","jetpack_shortlink":"https:\/\/wp.me\/p7wKYW-8Ch","jetpack-related-posts":[],"_links":{"self":[{"href":"http:\/\/blogdalucianaoliveira.com.br\/blog\/wp-json\/wp\/v2\/posts\/33125","targetHints":{"allow":["GET"]}}],"collection":[{"href":"http:\/\/blogdalucianaoliveira.com.br\/blog\/wp-json\/wp\/v2\/posts"}],"about":[{"href":"http:\/\/blogdalucianaoliveira.com.br\/blog\/wp-json\/wp\/v2\/types\/post"}],"author":[{"embeddable":true,"href":"http:\/\/blogdalucianaoliveira.com.br\/blog\/wp-json\/wp\/v2\/users\/1"}],"replies":[{"embeddable":true,"href":"http:\/\/blogdalucianaoliveira.com.br\/blog\/wp-json\/wp\/v2\/comments?post=33125"}],"version-history":[{"count":1,"href":"http:\/\/blogdalucianaoliveira.com.br\/blog\/wp-json\/wp\/v2\/posts\/33125\/revisions"}],"predecessor-version":[{"id":33127,"href":"http:\/\/blogdalucianaoliveira.com.br\/blog\/wp-json\/wp\/v2\/posts\/33125\/revisions\/33127"}],"wp:attachment":[{"href":"http:\/\/blogdalucianaoliveira.com.br\/blog\/wp-json\/wp\/v2\/media?parent=33125"}],"wp:term":[{"taxonomy":"category","embeddable":true,"href":"http:\/\/blogdalucianaoliveira.com.br\/blog\/wp-json\/wp\/v2\/categories?post=33125"},{"taxonomy":"post_tag","embeddable":true,"href":"http:\/\/blogdalucianaoliveira.com.br\/blog\/wp-json\/wp\/v2\/tags?post=33125"}],"curies":[{"name":"wp","href":"https:\/\/api.w.org\/{rel}","templated":true}]}}