{"id":33128,"date":"2021-11-23T07:49:36","date_gmt":"2021-11-23T11:49:36","guid":{"rendered":"http:\/\/blogdalucianaoliveira.com.br\/blog\/?p=33128"},"modified":"2021-11-23T07:49:42","modified_gmt":"2021-11-23T11:49:42","slug":"justica-de-rondonia-julga-inconstitucional-lei-que-reduziu-duas-unidades-de-conservacao-no-estado","status":"publish","type":"post","link":"http:\/\/blogdalucianaoliveira.com.br\/blog\/2021\/11\/23\/justica-de-rondonia-julga-inconstitucional-lei-que-reduziu-duas-unidades-de-conservacao-no-estado\/","title":{"rendered":"Justi\u00e7a de Rond\u00f4nia julga inconstitucional lei que reduziu duas unidades de conserva\u00e7\u00e3o no Estado"},"content":{"rendered":"\n<figure class=\"wp-block-image size-large\"><img loading=\"lazy\" decoding=\"async\" width=\"1231\" height=\"768\" data-attachment-id=\"33129\" data-permalink=\"http:\/\/blogdalucianaoliveira.com.br\/blog\/2021\/11\/23\/justica-de-rondonia-julga-inconstitucional-lei-que-reduziu-duas-unidades-de-conservacao-no-estado\/a01943c4-da5e-448f-aa11-f1c9cda0592a\/\" data-orig-file=\"https:\/\/i0.wp.com\/blogdalucianaoliveira.com.br\/blog\/wp-content\/uploads\/2021\/11\/A01943C4-DA5E-448F-AA11-F1C9CDA0592A.jpeg?fit=1231%2C768\" data-orig-size=\"1231,768\" data-comments-opened=\"0\" data-image-meta=\"{&quot;aperture&quot;:&quot;0&quot;,&quot;credit&quot;:&quot;&quot;,&quot;camera&quot;:&quot;&quot;,&quot;caption&quot;:&quot;&quot;,&quot;created_timestamp&quot;:&quot;0&quot;,&quot;copyright&quot;:&quot;&quot;,&quot;focal_length&quot;:&quot;0&quot;,&quot;iso&quot;:&quot;0&quot;,&quot;shutter_speed&quot;:&quot;0&quot;,&quot;title&quot;:&quot;&quot;,&quot;orientation&quot;:&quot;0&quot;}\" data-image-title=\"A01943C4-DA5E-448F-AA11-F1C9CDA0592A\" data-image-description=\"\" data-image-caption=\"\" data-medium-file=\"https:\/\/i0.wp.com\/blogdalucianaoliveira.com.br\/blog\/wp-content\/uploads\/2021\/11\/A01943C4-DA5E-448F-AA11-F1C9CDA0592A.jpeg?fit=300%2C187\" data-large-file=\"https:\/\/i0.wp.com\/blogdalucianaoliveira.com.br\/blog\/wp-content\/uploads\/2021\/11\/A01943C4-DA5E-448F-AA11-F1C9CDA0592A.jpeg?fit=600%2C374\" src=\"https:\/\/i0.wp.com\/blogdalucianaoliveira.com.br\/blog\/wp-content\/uploads\/2021\/11\/A01943C4-DA5E-448F-AA11-F1C9CDA0592A.jpeg?fit=600%2C374\" alt=\"\" class=\"wp-image-33129\" srcset=\"https:\/\/i0.wp.com\/blogdalucianaoliveira.com.br\/blog\/wp-content\/uploads\/2021\/11\/A01943C4-DA5E-448F-AA11-F1C9CDA0592A.jpeg?w=1231 1231w, https:\/\/i0.wp.com\/blogdalucianaoliveira.com.br\/blog\/wp-content\/uploads\/2021\/11\/A01943C4-DA5E-448F-AA11-F1C9CDA0592A.jpeg?resize=300%2C187 300w, https:\/\/i0.wp.com\/blogdalucianaoliveira.com.br\/blog\/wp-content\/uploads\/2021\/11\/A01943C4-DA5E-448F-AA11-F1C9CDA0592A.jpeg?resize=1024%2C639 1024w, https:\/\/i0.wp.com\/blogdalucianaoliveira.com.br\/blog\/wp-content\/uploads\/2021\/11\/A01943C4-DA5E-448F-AA11-F1C9CDA0592A.jpeg?resize=768%2C479 768w, https:\/\/i0.wp.com\/blogdalucianaoliveira.com.br\/blog\/wp-content\/uploads\/2021\/11\/A01943C4-DA5E-448F-AA11-F1C9CDA0592A.jpeg?resize=481%2C300 481w\" sizes=\"auto, (max-width: 600px) 100vw, 600px\" \/><\/figure>\n\n\n\n<p>O Eco &#8211; Reserva Jaci-Paran\u00e1 e Parque Estadual Guaraj\u00e1-Mirim foram reduzidos em quase 220 mil hectares ap\u00f3s aprova\u00e7\u00e3o de lei estadual.<\/p>\n\n\n\n<!--more-->\n\n\n\n<p>O Tribunal de Justi\u00e7a de Rond\u00f4nia (TJRO) declarou inconstitucional a Lei Complementar n\u00ba 1.089\/2021, que alterou os limites da Reserva Extrativista Jaci-Paran\u00e1 e do Parque Estadual de Guaraj\u00e1-Mirim, reduzindo em quase 220 mil hectares as unidades. A decis\u00e3o foi tomada nesta segunda-feira (22) pela maioria dos ju\u00edzes e desembargadores que forma o Tribunal Pleno do \u00f3rg\u00e3o.<\/p>\n\n\n\n<p>A lei, de autoria do governador Marcos Rocha, filiado ao PSL at\u00e9 2020 e atualmente sem partido, foi aprovada na Assembleia Legislativa de Rond\u00f4nia (ALE-RO) e sancionada em maio de 2021.<\/p>\n\n\n\n<p>A justificativa do governador era de que as \u00e1reas desafetadas de ambas as unidades j\u00e1 estavam muito antropizadas e n\u00e3o serviam mais para os prop\u00f3sitos de conserva\u00e7\u00e3o, havendo outras \u00e1reas no estado melhor qualificadas para tal fim.<\/p>\n\n\n\n<p>Com a mudan\u00e7a, a reserva Jaci-Paran\u00e1 foi praticamente extinta, com a redu\u00e7\u00e3o de 169 mil de seus 191 mil hectares originais. J\u00e1 o parque Guaraj\u00e1-Mirim foi reduzido de 216 mil pra 166 mil hectares.<\/p>\n\n\n\n<p>As unidades de conserva\u00e7\u00e3o est\u00e3o localizadas nos munic\u00edpios de Porto Velho, Buritis, Nova Mamor\u00e9 e Guaraj\u00e1-Mirim.<\/p>\n\n\n\n<p>Logo em seguida \u00e0 aprova\u00e7\u00e3o pelos parlamentares, no entanto, o Minist\u00e9rio P\u00fablico do Estado (MPE-RO) ingressou com A\u00e7\u00e3o Direta de Inconstitucionalidade (ADI), por falta de estudos pr\u00e9vios que mensurassem os impactos ambientais da desafeta\u00e7\u00e3o, aus\u00eancia de mapeamento das popula\u00e7\u00f5es residentes nas \u00e1reas desafetadas e falta de consulta p\u00fablica. Pelo menos dois pareceres emitidos por \u00f3rg\u00e3os do pr\u00f3prio governo estadual recomendavam veto \u00e0 proposta, dentre eles a Procuradoria-Geral do Estado (PGE).<\/p>\n\n\n\n<p>Em seu voto, o relator do processo no Tribunal de Justi\u00e7a de Rond\u00f4nia, desembargador Jorge Ribeiro da Luz, tamb\u00e9m argumentou que a norma fere o artigo n\u00ba 225 da Constitui\u00e7\u00e3o Federal e os artigos 218 e 219 da Constitui\u00e7\u00e3o de Rond\u00f4nia, que garantem o direito do ser humano ao meio ambiente ecologicamente equilibrado e atribuem a responsabilidade dessa garantia ao poder p\u00fablico.<\/p>\n\n\n\n<h3 class=\"wp-block-heading\"><strong>\u201cCompensa\u00e7\u00e3o\u201d<\/strong><\/h3>\n\n\n\n<p>Como forma de \u201ccompensar\u201d a redu\u00e7\u00e3o da Reserva Extrativista Jaci-Paran\u00e1 e do Parque Estadual de Guaraj\u00e1-Mirim, a Lei Complementar n\u00ba 1.089\/2021 recriou cinco \u00e1reas protegidas que haviam sido extintas em 2018 por Decretos Legislativos: os parques estaduais da Ilha das Flores (89.789 hectares) e Abaitar\u00e1 (152 hectares), a RDS Bom Jardim (1.678 hectares), a RDS Limoeiro (18.020 hectares) e a Reserva de Fauna Pau D\u2019\u00d3leo (10.463 hectares).\u00a0<br><\/p>\n\n\n\n<p>As cinco \u00e1reas protegidas institu\u00eddas pela Lei n\u00ba 1.089 representam aproximadamente 120 mil hectares, o que corresponde a cerca de 22% do total que seria protegido pelas 11 UCs que seriam criadas em 2018, caso os parlamentares n\u00e3o tivessem publicado decretos para sua extin\u00e7\u00e3o.<\/p>\n\n\n\n<p>No in\u00edcio de julho de 2021, as UCs do estado sofreram outro golpe. Na \u00e9poca, os parlamentares apresentaram dois projetos de lei complementar (PLC),&nbsp;<a href=\"https:\/\/sapl.al.ro.leg.br\/materia\/24814\" target=\"_blank\" rel=\"noreferrer noopener\">o n\u00ba 104\/2021<\/a>, que extinguiu na totalidade o Parque Estadual Ilha das Flores e seus 89.789 mil hectares, e o&nbsp;<a href=\"https:\/\/sapl.al.ro.leg.br\/materia\/24815\" target=\"_blank\" rel=\"noreferrer noopener\">n\u00ba 105\/2021<\/a>, que desafetou 6.566 hectares da Reserva de Desenvolvimento Sustent\u00e1vel (RDS) do Limoeiro. Ambas as leis foram sancionadas, na \u00edntegra, ap\u00f3s&nbsp;<a href=\"https:\/\/www.oeco.org.br\/reportagens\/com-omissao-do-governador-rondonia-realiza-novo-corte-de-ucs\/\">o governador Marcos Rocha n\u00e3o se manifestar<\/a>&nbsp;dentro do prazo que \u00e9 dado ao Executivo.<\/p>\n\n\n\n<p>Com a decis\u00e3o pela inconstitucionalidade da Lei n\u00ba 1.089, as Leis Complementares n\u00ba 104 e 105 tamb\u00e9m foram, por consequ\u00eancia, consideradas inconstitucionais<\/p>\n","protected":false},"excerpt":{"rendered":"<p>O Eco &#8211; Reserva Jaci-Paran\u00e1 e Parque Estadual Guaraj\u00e1-Mirim foram reduzidos em quase 220 mil hectares ap\u00f3s aprova\u00e7\u00e3o de lei estadual.<\/p>\n","protected":false},"author":1,"featured_media":0,"comment_status":"closed","ping_status":"open","sticky":false,"template":"","format":"standard","meta":{"_exactmetrics_skip_tracking":false,"_exactmetrics_sitenote_active":false,"_exactmetrics_sitenote_note":"","_exactmetrics_sitenote_category":0,"jetpack_post_was_ever_published":false,"_jetpack_newsletter_access":"","_jetpack_dont_email_post_to_subs":false,"_jetpack_newsletter_tier_id":0,"_jetpack_memberships_contains_paywalled_content":false,"_jetpack_memberships_contains_paid_content":false,"footnotes":"","jetpack_publicize_message":"","jetpack_publicize_feature_enabled":true,"jetpack_social_post_already_shared":true,"jetpack_social_options":{"image_generator_settings":{"template":"highway","enabled":false},"version":2}},"categories":[1],"tags":[378,494,512,498],"class_list":["post-33128","post","type-post","status-publish","format-standard","hentry","category-notas","tag-guajara-mirim","tag-pl-080","tag-resex-jaci-parana","tag-unidades-de-conservacao"],"jetpack_publicize_connections":[],"jetpack_sharing_enabled":true,"jetpack_featured_media_url":"","jetpack_shortlink":"https:\/\/wp.me\/p7wKYW-8Ck","jetpack-related-posts":[],"_links":{"self":[{"href":"http:\/\/blogdalucianaoliveira.com.br\/blog\/wp-json\/wp\/v2\/posts\/33128","targetHints":{"allow":["GET"]}}],"collection":[{"href":"http:\/\/blogdalucianaoliveira.com.br\/blog\/wp-json\/wp\/v2\/posts"}],"about":[{"href":"http:\/\/blogdalucianaoliveira.com.br\/blog\/wp-json\/wp\/v2\/types\/post"}],"author":[{"embeddable":true,"href":"http:\/\/blogdalucianaoliveira.com.br\/blog\/wp-json\/wp\/v2\/users\/1"}],"replies":[{"embeddable":true,"href":"http:\/\/blogdalucianaoliveira.com.br\/blog\/wp-json\/wp\/v2\/comments?post=33128"}],"version-history":[{"count":1,"href":"http:\/\/blogdalucianaoliveira.com.br\/blog\/wp-json\/wp\/v2\/posts\/33128\/revisions"}],"predecessor-version":[{"id":33130,"href":"http:\/\/blogdalucianaoliveira.com.br\/blog\/wp-json\/wp\/v2\/posts\/33128\/revisions\/33130"}],"wp:attachment":[{"href":"http:\/\/blogdalucianaoliveira.com.br\/blog\/wp-json\/wp\/v2\/media?parent=33128"}],"wp:term":[{"taxonomy":"category","embeddable":true,"href":"http:\/\/blogdalucianaoliveira.com.br\/blog\/wp-json\/wp\/v2\/categories?post=33128"},{"taxonomy":"post_tag","embeddable":true,"href":"http:\/\/blogdalucianaoliveira.com.br\/blog\/wp-json\/wp\/v2\/tags?post=33128"}],"curies":[{"name":"wp","href":"https:\/\/api.w.org\/{rel}","templated":true}]}}