{"id":33131,"date":"2021-11-23T13:36:20","date_gmt":"2021-11-23T17:36:20","guid":{"rendered":"http:\/\/blogdalucianaoliveira.com.br\/blog\/?p=33131"},"modified":"2021-11-23T13:36:25","modified_gmt":"2021-11-23T17:36:25","slug":"abrapo-advogada-popular-dra-lenir-sofre-diversas-violacoes-de-suas-prerrogativas-em-rondonia","status":"publish","type":"post","link":"http:\/\/blogdalucianaoliveira.com.br\/blog\/2021\/11\/23\/abrapo-advogada-popular-dra-lenir-sofre-diversas-violacoes-de-suas-prerrogativas-em-rondonia\/","title":{"rendered":"ABRAPO: ADVOGADA POPULAR DRA LENIR SOFRE DIVERSAS VIOLA\u00c7\u00d5ES DE SUAS PRERROGATIVAS EM ROND\u00d4NIA"},"content":{"rendered":"\n<figure class=\"wp-block-image size-large\"><img data-recalc-dims=\"1\" loading=\"lazy\" decoding=\"async\" width=\"600\" height=\"401\" data-attachment-id=\"33132\" data-permalink=\"http:\/\/blogdalucianaoliveira.com.br\/blog\/2021\/11\/23\/abrapo-advogada-popular-dra-lenir-sofre-diversas-violacoes-de-suas-prerrogativas-em-rondonia\/0d73c943-9032-482a-bfb7-afb1f62f10d9\/\" data-orig-file=\"https:\/\/i0.wp.com\/blogdalucianaoliveira.com.br\/blog\/wp-content\/uploads\/2021\/11\/0D73C943-9032-482A-BFB7-AFB1F62F10D9.jpeg?fit=657%2C439\" data-orig-size=\"657,439\" data-comments-opened=\"0\" data-image-meta=\"{&quot;aperture&quot;:&quot;0&quot;,&quot;credit&quot;:&quot;&quot;,&quot;camera&quot;:&quot;&quot;,&quot;caption&quot;:&quot;&quot;,&quot;created_timestamp&quot;:&quot;0&quot;,&quot;copyright&quot;:&quot;&quot;,&quot;focal_length&quot;:&quot;0&quot;,&quot;iso&quot;:&quot;0&quot;,&quot;shutter_speed&quot;:&quot;0&quot;,&quot;title&quot;:&quot;&quot;,&quot;orientation&quot;:&quot;1&quot;}\" data-image-title=\"0D73C943-9032-482A-BFB7-AFB1F62F10D9\" data-image-description=\"\" data-image-caption=\"\" data-medium-file=\"https:\/\/i0.wp.com\/blogdalucianaoliveira.com.br\/blog\/wp-content\/uploads\/2021\/11\/0D73C943-9032-482A-BFB7-AFB1F62F10D9.jpeg?fit=300%2C200\" data-large-file=\"https:\/\/i0.wp.com\/blogdalucianaoliveira.com.br\/blog\/wp-content\/uploads\/2021\/11\/0D73C943-9032-482A-BFB7-AFB1F62F10D9.jpeg?fit=600%2C401\" src=\"https:\/\/i0.wp.com\/blogdalucianaoliveira.com.br\/blog\/wp-content\/uploads\/2021\/11\/0D73C943-9032-482A-BFB7-AFB1F62F10D9.jpeg?resize=600%2C401\" alt=\"\" class=\"wp-image-33132\" srcset=\"https:\/\/i0.wp.com\/blogdalucianaoliveira.com.br\/blog\/wp-content\/uploads\/2021\/11\/0D73C943-9032-482A-BFB7-AFB1F62F10D9.jpeg?w=657 657w, https:\/\/i0.wp.com\/blogdalucianaoliveira.com.br\/blog\/wp-content\/uploads\/2021\/11\/0D73C943-9032-482A-BFB7-AFB1F62F10D9.jpeg?resize=300%2C200 300w, https:\/\/i0.wp.com\/blogdalucianaoliveira.com.br\/blog\/wp-content\/uploads\/2021\/11\/0D73C943-9032-482A-BFB7-AFB1F62F10D9.jpeg?resize=449%2C300 449w\" sizes=\"auto, (max-width: 600px) 100vw, 600px\" \/><\/figure>\n\n\n\n<p>NOTA P\u00daBLICA &#8211; Ap\u00f3s diversas viola\u00e7\u00f5es aos direitos b\u00e1sicos do Povo pela opera\u00e7\u00e3o de guerra encampada pela Pol\u00edcia Militar de Rond\u00f4nia, do Governador Marcos Rocha e seu Secret\u00e1rio de Seguran\u00e7a P\u00fablica, Jos\u00e9 H\u00e9lio Cysneiros Pach\u00e1, e da For\u00e7a Nacional, de Jair Bolsonaro, como a tentativa de remo\u00e7\u00e3o ilegal dos camponeses dos acampamentos Tiago Capim dos Santos e Ademar Ferreira; a execu\u00e7\u00e3o dos camponeses Gedeon e Rafael, em outubro\/2021; assassinato de dois camponeses, em setembro\/2021; a execu\u00e7\u00e3o dos camponeses Amarildo, Amaral e Kevin, em agosto\/2021; a contamina\u00e7\u00e3o da \u00e1gua dos camponeses durante a opera\u00e7\u00e3o de &#8220;reintegra\u00e7\u00e3o de posse&#8221;; e a destrui\u00e7\u00e3o das casas, pertences e produ\u00e7\u00e3o de in\u00fameros camponeses em Rond\u00f4nia, somente neste \u00faltimo semestre, ocorreu hoje, dia 23 de novembro de 2021, mais uma viola\u00e7\u00e3o do direito do povo em Rond\u00f4nia.<\/p>\n\n\n\n<!--more-->\n\n\n\n<p>Recebemos a den\u00fancia de que a Advogada Popular, Dra. Lenir Correia, membro da Diretoria da ABRAPO, dedicada advogada na defesa do direito dos camponeses, teve sua casa invadida pela Pol\u00edcia Militar de Rond\u00f4nia, e em absoluta ilegalidade, levaram todos os materiais de trabalho da advogada, inclusive agendas com informa\u00e7\u00f5es de clientes, telefone celular e notebook, onde estavam dados \u00edntimos e sigilosos de todos os clientes, de forma truculenta, abusiva e ao arrepio da lei.<\/p>\n\n\n\n<p>Trata-se de graves viola\u00e7\u00f5es \u00e0s prerrogativas do advogado e de clara retalia\u00e7\u00e3o do latif\u00fandio contra a defesa dos camponeses exercida pela Dra. Lenir. \u00c9 uma clara viola\u00e7\u00e3o dos direitos dos defensores do povo e do povo, que sofre a nega\u00e7\u00e3o do seu direito de defesa ao ver seus advogados serem tratados como criminosos por trabalhar na defesa dos camponeses.<\/p>\n\n\n\n<p>Nos da ABRAPO, nos solidarizamos \u00e0 Dra. Lenir e pedimos uma ampla divulga\u00e7\u00e3o destas viola\u00e7\u00f5es para impedir novas ilegalidades contra os advogados populares e a advocacia popular!<\/p>\n\n\n\n<p><em>ABAIXO A CRIMINALIZA\u00c7\u00c3O DA ADVOCACIA PARA O POVO!<\/em><br>\n<em>Associa\u00e7\u00e3o Brasileira dos Advogados do Povo Gabriel Pimenta<\/em><\/p>\n","protected":false},"excerpt":{"rendered":"<p>NOTA P\u00daBLICA &#8211; Ap\u00f3s diversas viola\u00e7\u00f5es aos direitos b\u00e1sicos do Povo pela opera\u00e7\u00e3o de guerra encampada pela Pol\u00edcia Militar de Rond\u00f4nia, do Governador Marcos Rocha e seu Secret\u00e1rio de Seguran\u00e7a P\u00fablica, Jos\u00e9 H\u00e9lio Cysneiros Pach\u00e1, e da For\u00e7a Nacional, de Jair Bolsonaro, como a tentativa de remo\u00e7\u00e3o ilegal dos camponeses dos acampamentos Tiago Capim dos&#8230;<a class=\"more-link\" href=\"http:\/\/blogdalucianaoliveira.com.br\/blog\/2021\/11\/23\/abrapo-advogada-popular-dra-lenir-sofre-diversas-violacoes-de-suas-prerrogativas-em-rondonia\/\">Continue a leitura <span class=\"meta-nav\">&raquo;<\/span><\/a><\/p>\n","protected":false},"author":1,"featured_media":0,"comment_status":"closed","ping_status":"open","sticky":false,"template":"","format":"standard","meta":{"_exactmetrics_skip_tracking":false,"_exactmetrics_sitenote_active":false,"_exactmetrics_sitenote_note":"","_exactmetrics_sitenote_category":0,"jetpack_post_was_ever_published":false,"_jetpack_newsletter_access":"","_jetpack_dont_email_post_to_subs":false,"_jetpack_newsletter_tier_id":0,"_jetpack_memberships_contains_paywalled_content":false,"_jetpack_memberships_contains_paid_content":false,"footnotes":"","jetpack_publicize_message":"","jetpack_publicize_feature_enabled":true,"jetpack_social_post_already_shared":true,"jetpack_social_options":{"image_generator_settings":{"template":"highway","enabled":false},"version":2}},"categories":[1],"tags":[618,632,317],"class_list":["post-33131","post","type-post","status-publish","format-standard","hentry","category-notas","tag-abrapo","tag-advogada","tag-direitos-humanos"],"jetpack_publicize_connections":[],"jetpack_sharing_enabled":true,"jetpack_featured_media_url":"","jetpack_shortlink":"https:\/\/wp.me\/p7wKYW-8Cn","jetpack-related-posts":[],"_links":{"self":[{"href":"http:\/\/blogdalucianaoliveira.com.br\/blog\/wp-json\/wp\/v2\/posts\/33131","targetHints":{"allow":["GET"]}}],"collection":[{"href":"http:\/\/blogdalucianaoliveira.com.br\/blog\/wp-json\/wp\/v2\/posts"}],"about":[{"href":"http:\/\/blogdalucianaoliveira.com.br\/blog\/wp-json\/wp\/v2\/types\/post"}],"author":[{"embeddable":true,"href":"http:\/\/blogdalucianaoliveira.com.br\/blog\/wp-json\/wp\/v2\/users\/1"}],"replies":[{"embeddable":true,"href":"http:\/\/blogdalucianaoliveira.com.br\/blog\/wp-json\/wp\/v2\/comments?post=33131"}],"version-history":[{"count":1,"href":"http:\/\/blogdalucianaoliveira.com.br\/blog\/wp-json\/wp\/v2\/posts\/33131\/revisions"}],"predecessor-version":[{"id":33133,"href":"http:\/\/blogdalucianaoliveira.com.br\/blog\/wp-json\/wp\/v2\/posts\/33131\/revisions\/33133"}],"wp:attachment":[{"href":"http:\/\/blogdalucianaoliveira.com.br\/blog\/wp-json\/wp\/v2\/media?parent=33131"}],"wp:term":[{"taxonomy":"category","embeddable":true,"href":"http:\/\/blogdalucianaoliveira.com.br\/blog\/wp-json\/wp\/v2\/categories?post=33131"},{"taxonomy":"post_tag","embeddable":true,"href":"http:\/\/blogdalucianaoliveira.com.br\/blog\/wp-json\/wp\/v2\/tags?post=33131"}],"curies":[{"name":"wp","href":"https:\/\/api.w.org\/{rel}","templated":true}]}}