{"id":33134,"date":"2021-11-23T18:40:10","date_gmt":"2021-11-23T22:40:10","guid":{"rendered":"http:\/\/blogdalucianaoliveira.com.br\/blog\/?p=33134"},"modified":"2021-11-23T18:40:14","modified_gmt":"2021-11-23T22:40:14","slug":"bloco-pirarucu-do-madeira-suspende-folia-por-causa-da-pandemia","status":"publish","type":"post","link":"http:\/\/blogdalucianaoliveira.com.br\/blog\/2021\/11\/23\/bloco-pirarucu-do-madeira-suspende-folia-por-causa-da-pandemia\/","title":{"rendered":"BLOCO PIRARUCU DO MADEIRA SUSPENDE FOLIA POR CAUSA DA PANDEMIA"},"content":{"rendered":"\n<figure class=\"wp-block-image size-large\"><img data-recalc-dims=\"1\" loading=\"lazy\" decoding=\"async\" width=\"469\" height=\"313\" data-attachment-id=\"33135\" data-permalink=\"http:\/\/blogdalucianaoliveira.com.br\/blog\/2021\/11\/23\/bloco-pirarucu-do-madeira-suspende-folia-por-causa-da-pandemia\/d0c12540-fd5e-4fff-a5e4-5d93e03f0293\/\" data-orig-file=\"https:\/\/i0.wp.com\/blogdalucianaoliveira.com.br\/blog\/wp-content\/uploads\/2021\/11\/D0C12540-FD5E-4FFF-A5E4-5D93E03F0293.jpeg?fit=469%2C313\" data-orig-size=\"469,313\" data-comments-opened=\"0\" data-image-meta=\"{&quot;aperture&quot;:&quot;0&quot;,&quot;credit&quot;:&quot;&quot;,&quot;camera&quot;:&quot;&quot;,&quot;caption&quot;:&quot;&quot;,&quot;created_timestamp&quot;:&quot;0&quot;,&quot;copyright&quot;:&quot;&quot;,&quot;focal_length&quot;:&quot;0&quot;,&quot;iso&quot;:&quot;0&quot;,&quot;shutter_speed&quot;:&quot;0&quot;,&quot;title&quot;:&quot;&quot;,&quot;orientation&quot;:&quot;1&quot;}\" data-image-title=\"D0C12540-FD5E-4FFF-A5E4-5D93E03F0293\" data-image-description=\"\" data-image-caption=\"\" data-medium-file=\"https:\/\/i0.wp.com\/blogdalucianaoliveira.com.br\/blog\/wp-content\/uploads\/2021\/11\/D0C12540-FD5E-4FFF-A5E4-5D93E03F0293.jpeg?fit=300%2C200\" data-large-file=\"https:\/\/i0.wp.com\/blogdalucianaoliveira.com.br\/blog\/wp-content\/uploads\/2021\/11\/D0C12540-FD5E-4FFF-A5E4-5D93E03F0293.jpeg?fit=469%2C313\" src=\"https:\/\/i0.wp.com\/blogdalucianaoliveira.com.br\/blog\/wp-content\/uploads\/2021\/11\/D0C12540-FD5E-4FFF-A5E4-5D93E03F0293.jpeg?resize=469%2C313\" alt=\"\" class=\"wp-image-33135\" srcset=\"https:\/\/i0.wp.com\/blogdalucianaoliveira.com.br\/blog\/wp-content\/uploads\/2021\/11\/D0C12540-FD5E-4FFF-A5E4-5D93E03F0293.jpeg?w=469 469w, https:\/\/i0.wp.com\/blogdalucianaoliveira.com.br\/blog\/wp-content\/uploads\/2021\/11\/D0C12540-FD5E-4FFF-A5E4-5D93E03F0293.jpeg?resize=300%2C200 300w, https:\/\/i0.wp.com\/blogdalucianaoliveira.com.br\/blog\/wp-content\/uploads\/2021\/11\/D0C12540-FD5E-4FFF-A5E4-5D93E03F0293.jpeg?resize=450%2C300 450w\" sizes=\"auto, (max-width: 469px) 100vw, 469px\" \/><\/figure>\n\n\n\n<p>A expectativa era de que em 2022 o bloco mais democr\u00e1tico da capital voltasse \u00e0s ruas para o desfile das cores e fantasias.<br> Com pouco mais de 50% da popula\u00e7\u00e3o do estado totalmente imunizada e o an\u00fancio da prefeitura de Porto Velho de que mais de 60 mil pessoas n\u00e3o tomaram sequer a primeira dose, a diretoria do Pirarucu do Madeira informou que pelo segundo ano consecutivo n\u00e3o vai colocar o bloco na rua.<\/p>\n\n\n\n<!--more-->\n\n\n\n<p><br> \u201cPerdemos muita gente querida para a Covid-19 e n\u00e3o podemos nos responsabilizar por mais perdas. Nossa folia sempre foi de muita alegria e seguran\u00e7a. N\u00e3o h\u00e1 motivos para desafiarmos a pandemia que j\u00e1 tem prevista nova onda de contamina\u00e7\u00e3o\u201d, disse o presidente do bloco Ernande Segismundo.<br> Em 2022 o bloco completa 29 anos e na pausa a diretoria vai planejar o retorno do Pirarucu com novidade da abertura.<br> \u201cAos 30 anos de exist\u00eancia esperamos fazer o melhor carnaval da nossa hist\u00f3ria. Os foli\u00f5es n\u00e3o perdem por esperar. Vamos abrir a folia com o Pirarucu Remix na Amaz\u00f4nia e seguir com a banda Puraqu\u00e9 tocando o seu repert\u00f3rio tradicional\u201d, prev\u00ea Segismundo.<\/p>\n","protected":false},"excerpt":{"rendered":"<p>A expectativa era de que em 2022 o bloco mais democr\u00e1tico da capital voltasse \u00e0s ruas para o desfile das cores e fantasias. Com pouco mais de 50% da popula\u00e7\u00e3o do estado totalmente imunizada e o an\u00fancio da prefeitura de Porto Velho de que mais de 60 mil pessoas n\u00e3o tomaram sequer a primeira dose,&#8230;<a class=\"more-link\" href=\"http:\/\/blogdalucianaoliveira.com.br\/blog\/2021\/11\/23\/bloco-pirarucu-do-madeira-suspende-folia-por-causa-da-pandemia\/\">Continue a leitura <span class=\"meta-nav\">&raquo;<\/span><\/a><\/p>\n","protected":false},"author":1,"featured_media":0,"comment_status":"closed","ping_status":"open","sticky":false,"template":"","format":"standard","meta":{"_exactmetrics_skip_tracking":false,"_exactmetrics_sitenote_active":false,"_exactmetrics_sitenote_note":"","_exactmetrics_sitenote_category":0,"jetpack_post_was_ever_published":false,"_jetpack_newsletter_access":"","_jetpack_dont_email_post_to_subs":false,"_jetpack_newsletter_tier_id":0,"_jetpack_memberships_contains_paywalled_content":false,"_jetpack_memberships_contains_paid_content":false,"footnotes":"","jetpack_publicize_message":"","jetpack_publicize_feature_enabled":true,"jetpack_social_post_already_shared":true,"jetpack_social_options":{"image_generator_settings":{"template":"highway","enabled":false},"version":2}},"categories":[1],"tags":[],"class_list":["post-33134","post","type-post","status-publish","format-standard","hentry","category-notas"],"jetpack_publicize_connections":[],"jetpack_sharing_enabled":true,"jetpack_featured_media_url":"","jetpack_shortlink":"https:\/\/wp.me\/p7wKYW-8Cq","jetpack-related-posts":[],"_links":{"self":[{"href":"http:\/\/blogdalucianaoliveira.com.br\/blog\/wp-json\/wp\/v2\/posts\/33134","targetHints":{"allow":["GET"]}}],"collection":[{"href":"http:\/\/blogdalucianaoliveira.com.br\/blog\/wp-json\/wp\/v2\/posts"}],"about":[{"href":"http:\/\/blogdalucianaoliveira.com.br\/blog\/wp-json\/wp\/v2\/types\/post"}],"author":[{"embeddable":true,"href":"http:\/\/blogdalucianaoliveira.com.br\/blog\/wp-json\/wp\/v2\/users\/1"}],"replies":[{"embeddable":true,"href":"http:\/\/blogdalucianaoliveira.com.br\/blog\/wp-json\/wp\/v2\/comments?post=33134"}],"version-history":[{"count":1,"href":"http:\/\/blogdalucianaoliveira.com.br\/blog\/wp-json\/wp\/v2\/posts\/33134\/revisions"}],"predecessor-version":[{"id":33136,"href":"http:\/\/blogdalucianaoliveira.com.br\/blog\/wp-json\/wp\/v2\/posts\/33134\/revisions\/33136"}],"wp:attachment":[{"href":"http:\/\/blogdalucianaoliveira.com.br\/blog\/wp-json\/wp\/v2\/media?parent=33134"}],"wp:term":[{"taxonomy":"category","embeddable":true,"href":"http:\/\/blogdalucianaoliveira.com.br\/blog\/wp-json\/wp\/v2\/categories?post=33134"},{"taxonomy":"post_tag","embeddable":true,"href":"http:\/\/blogdalucianaoliveira.com.br\/blog\/wp-json\/wp\/v2\/tags?post=33134"}],"curies":[{"name":"wp","href":"https:\/\/api.w.org\/{rel}","templated":true}]}}