{"id":33138,"date":"2021-11-28T11:08:36","date_gmt":"2021-11-28T15:08:36","guid":{"rendered":"http:\/\/blogdalucianaoliveira.com.br\/blog\/?p=33138"},"modified":"2021-11-28T11:08:40","modified_gmt":"2021-11-28T15:08:40","slug":"o-passo-a-passo-da-uniao-entre-mercado-financeiro-e-agronegocio","status":"publish","type":"post","link":"http:\/\/blogdalucianaoliveira.com.br\/blog\/2021\/11\/28\/o-passo-a-passo-da-uniao-entre-mercado-financeiro-e-agronegocio\/","title":{"rendered":"O passo a passo da uni\u00e3o entre mercado financeiro e agroneg\u00f3cio"},"content":{"rendered":"\n<figure class=\"wp-block-image size-large\"><img data-recalc-dims=\"1\" loading=\"lazy\" decoding=\"async\" width=\"600\" height=\"376\" data-attachment-id=\"33139\" data-permalink=\"http:\/\/blogdalucianaoliveira.com.br\/blog\/2021\/11\/28\/o-passo-a-passo-da-uniao-entre-mercado-financeiro-e-agronegocio\/ad00d75a-406c-4352-9e26-2dc92bebe857\/\" data-orig-file=\"https:\/\/i0.wp.com\/blogdalucianaoliveira.com.br\/blog\/wp-content\/uploads\/2021\/11\/AD00D75A-406C-4352-9E26-2DC92BEBE857.jpeg?fit=663%2C415\" data-orig-size=\"663,415\" data-comments-opened=\"0\" data-image-meta=\"{&quot;aperture&quot;:&quot;0&quot;,&quot;credit&quot;:&quot;&quot;,&quot;camera&quot;:&quot;&quot;,&quot;caption&quot;:&quot;&quot;,&quot;created_timestamp&quot;:&quot;0&quot;,&quot;copyright&quot;:&quot;&quot;,&quot;focal_length&quot;:&quot;0&quot;,&quot;iso&quot;:&quot;0&quot;,&quot;shutter_speed&quot;:&quot;0&quot;,&quot;title&quot;:&quot;&quot;,&quot;orientation&quot;:&quot;0&quot;}\" data-image-title=\"AD00D75A-406C-4352-9E26-2DC92BEBE857\" data-image-description=\"\" data-image-caption=\"\" data-medium-file=\"https:\/\/i0.wp.com\/blogdalucianaoliveira.com.br\/blog\/wp-content\/uploads\/2021\/11\/AD00D75A-406C-4352-9E26-2DC92BEBE857.jpeg?fit=300%2C188\" data-large-file=\"https:\/\/i0.wp.com\/blogdalucianaoliveira.com.br\/blog\/wp-content\/uploads\/2021\/11\/AD00D75A-406C-4352-9E26-2DC92BEBE857.jpeg?fit=600%2C376\" src=\"https:\/\/i0.wp.com\/blogdalucianaoliveira.com.br\/blog\/wp-content\/uploads\/2021\/11\/AD00D75A-406C-4352-9E26-2DC92BEBE857.jpeg?resize=600%2C376\" alt=\"\" class=\"wp-image-33139\" srcset=\"https:\/\/i0.wp.com\/blogdalucianaoliveira.com.br\/blog\/wp-content\/uploads\/2021\/11\/AD00D75A-406C-4352-9E26-2DC92BEBE857.jpeg?w=663 663w, https:\/\/i0.wp.com\/blogdalucianaoliveira.com.br\/blog\/wp-content\/uploads\/2021\/11\/AD00D75A-406C-4352-9E26-2DC92BEBE857.jpeg?resize=300%2C188 300w, https:\/\/i0.wp.com\/blogdalucianaoliveira.com.br\/blog\/wp-content\/uploads\/2021\/11\/AD00D75A-406C-4352-9E26-2DC92BEBE857.jpeg?resize=479%2C300 479w\" sizes=\"auto, (max-width: 600px) 100vw, 600px\" \/><\/figure>\n\n\n\n<h4 class=\"wp-block-heading\">Unidos pelo impeachment de 2016, setores contaram com os ventos favor\u00e1veis de Bras\u00edlia para criar novos investimentos&nbsp;<\/h4>\n\n\n\n<!--more-->\n\n\n\n<p>Jo\u00e3o Peres\u00a0<a rel=\"noreferrer noopener\" target=\"_blank\" href=\"https:\/\/ojoioeotrigo.com.br\/2021\/11\/mercado-financeiro-e-agronegocio\/\">O joio e o trigo<\/a>, no Brasil de Fato <\/p>\n\n\n\n<p>Em 7 de outubro de 2021, a edi\u00e7\u00e3o do&nbsp;<em>Jornal Nacional<\/em>&nbsp;foi aberta com a not\u00edcia de que a economia patina. O com\u00e9rcio sofre, a ind\u00fastria virou p\u00f3, o consumo segue no congelador. O telejornal mais importante do pa\u00eds passou \u00e0 margem de um acontecimento que, talvez, tenha sido o mais importante do dia: a Brasil Agro,&nbsp;<a href=\"https:\/\/www.brasildefato.com.br\/2021\/10\/20\/o-agro-nao-e-pop-estudo-aponta-que-a-fome-e-resultado-do-agronegocio\" target=\"_blank\" rel=\"noreferrer noopener\">empresa do setor do agroneg\u00f3cio<\/a>, vendeu uma pequena fatia de sua fazenda em Alto Taquari, no Mato Grosso, por R$ 589 milh\u00f5es.&nbsp;<\/p>\n\n\n\n<p>Tem sido assim sempre que se trata do agroneg\u00f3cio: cifras astron\u00f4micas sobre balan\u00e7a comercial e recorde de exporta\u00e7\u00e3o, sem uma explica\u00e7\u00e3o do que significam na pr\u00e1tica. Bom, na pr\u00e1tica, a venda de 3.723 hectares de uma empresa desconhecida do p\u00fablico \u00e9 o \u00e1pice tempor\u00e1rio de um processo t\u00e3o bem organizado que os recordes se renovam a cada dia.&nbsp;<\/p>\n\n\n\n<p>N\u00e3o importa que a economia esteja mal. N\u00e3o importa que metade da popula\u00e7\u00e3o esteja na mis\u00e9ria. Na verdade, alguns dos p\u00e9ssimos indicadores econ\u00f4micos colocam ainda mais combust\u00edvel no motor do agroneg\u00f3cio. Agricultores combalidos, infla\u00e7\u00e3o de alimentos e supervaloriza\u00e7\u00e3o dos gr\u00e3os criam um cen\u00e1rio perfeito para um ciclo de expans\u00e3o sem precedentes.&nbsp;<\/p>\n\n\n\n<p><a href=\"https:\/\/www.brasildefato.com.br\/2021\/10\/20\/o-agro-nao-e-pop-estudo-aponta-que-a-fome-e-resultado-do-agronegocio\" target=\"_blank\" rel=\"noreferrer noopener\"><strong>::Leia tamb\u00e9m:&nbsp;&#8220;O Agro n\u00e3o \u00e9 pop&#8221;: estudo aponta que a fome \u00e9 resultado do agroneg\u00f3cio::<\/strong><\/a><\/p>\n\n\n\n<p>Cada hectare da Brasil Agro custou ao comprador (cujo nome n\u00e3o foi divulgado) o equivalente a R$ 218 mil. O dobro do que a empresa conseguiu por uma outra fatia dessa mesma fazenda apenas um ano antes. E quase o triplo em rela\u00e7\u00e3o a 2019. Usando os pre\u00e7os atuais da soja, o comprador precisaria de 23 anos de produ\u00e7\u00e3o intensa para recuperar o montante de R$ 589 milh\u00f5es. Um exemplo evidente de que n\u00e3o \u00e9 de soja que estamos falando. Se antes as terras brasileiras j\u00e1 haviam se transformado num dos investimentos mais lucrativos do mundo, agora avan\u00e7amos a um novo patamar.&nbsp;<\/p>\n\n\n\n<p>Na verdade, o fato mais importante do dia n\u00e3o se deu em Alto Taquari, mas a 1.040 quil\u00f4metros dali. \u00c9 na Avenida Faria Lima, no centro de S\u00e3o Paulo, que pulsa o cora\u00e7\u00e3o do agroneg\u00f3cio. L\u00e1, s\u00e3o tomadas as decis\u00f5es sobre o destino de nossas terras, da Amaz\u00f4nia e do Cerrado, dos povos ind\u00edgenas e da produ\u00e7\u00e3o dos nossos alimentos. \u00c9 ali que fica a sede da Brasil Agro, uma empresa sobre a qual voc\u00ea vai ouvir nos pr\u00f3ximos anos.<\/p>\n\n\n\n<p>O edif\u00edcio situado no n\u00famero 1309 da Faria Lima tem o mesmo visual de muitos outros que abrigam empresas de agro e tecnologia. S\u00e3o pr\u00e9dios enormes, espelhados, com torres envidra\u00e7adas, cascatas e fontes. N\u00e3o h\u00e1 mais resqu\u00edcio dos sobradinhos de classe m\u00e9dia que foram demolidos para dar espa\u00e7o \u00e0 opera\u00e7\u00e3o de verticaliza\u00e7\u00e3o da regi\u00e3o.&nbsp;<\/p>\n\n\n\n<p>Brasil Agro e SLC Agr\u00edcola s\u00e3o as duas empresas mais importantes em um processo simples: comprar terras, deix\u00e1-las prontas para cultivo, esperar a especula\u00e7\u00e3o fundi\u00e1ria e vender no melhor momento. Poucas semanas antes de anunciar o neg\u00f3cio em Alto Taquari, a Brasil Agro havia lucrado com um outro peda\u00e7o de fazenda na Bahia, por um valor at\u00e9 ent\u00e3o alt\u00edssimo: R$ 130 milh\u00f5es. Mas aqueles R$ 53 mil por hectare ficaram parecendo brincadeira de crian\u00e7a.&nbsp;<\/p>\n\n\n\n<p>Desde que Jair Bolsonaro vislumbrou o poder, a Brasil Agro vislumbrou as nuvens. O valor das a\u00e7\u00f5es da empresa mais que triplicou desde as elei\u00e7\u00f5es de 2018. \u201cEu falo que a gente est\u00e1 dez anos \u00e0 frente do mercado. Por que eu falo dez anos \u00e0 frente do mercado? N\u00f3s come\u00e7amos a terceirizar nossa opera\u00e7\u00e3o l\u00e1 no in\u00edcio da companhia, em 2006 e 2007.<\/p>\n\n\n\n<p><a href=\"https:\/\/www.brasildefato.com.br\/2021\/08\/30\/agronegocio-um-dos-principais-interessados-no-aprofundamento-do-golpe-a-democracia-brasileira\" target=\"_blank\" rel=\"noreferrer noopener\"><strong>::Agroneg\u00f3cio: um dos principais interessados no aprofundamento do golpe \u00e0 democracia brasileira::<\/strong><\/a><\/p>\n\n\n\n<p>O mercado est\u00e1 come\u00e7ando a terceirizar opera\u00e7\u00f5es agr\u00edcolas agora, depois que passou a reforma trabalhista em 2016\u201d, disse Andr\u00e9 Guillaumon, presidente da empresa, durante&nbsp;<a href=\"https:\/\/www.youtube.com\/watch?v=xo2cpdtYr3Y\" rel=\"noreferrer noopener\" target=\"_blank\">uma transmiss\u00e3o online<\/a>. Ou seja, estar \u00e0 frente do mercado \u00e9 desafiar leis que em algum momento ser\u00e3o revogadas.&nbsp;&nbsp;<\/p>\n\n\n\n<p>Cada vez que uma pe\u00e7a do tabuleiro se movimenta em Bras\u00edlia, o mercado financeiro responde em S\u00e3o Paulo. Ou em algum lugar na nuvem digital que faz neg\u00f3cios em cima de milho, boi e soja com a mesma facilidade com que negocia armas, petr\u00f3leo e carros.<\/p>\n\n\n\n<figure><iframe src=\"https:\/\/flo.uri.sh\/story\/1047604\/embed\"><\/iframe><\/figure>\n\n\n\n<figure class=\"wp-block-image\"><a href=\"https:\/\/public.flourish.studio\/story\/1047604\/?utm_source=embed&amp;utm_campaign=story\/1047604\"><img decoding=\"async\" src=\"https:\/\/public.flourish.studio\/resources\/made_with_flourish.svg\" alt=\"Made with Flourish\"\/><\/a><\/figure>\n\n\n\n<p>Nem sempre \u00e9 f\u00e1cil entender qual pe\u00e7a do tabuleiro se mexeu. A ofensiva do agroneg\u00f3cio \u00e9 t\u00e3o bem coordenada e t\u00e3o vertiginosa que se torna complexo procurar uma rela\u00e7\u00e3o direta entre um pico de movimenta\u00e7\u00e3o financeira e uma medida pol\u00edtica. Mas o balan\u00e7o geral n\u00e3o deixa qualquer d\u00favida: o agroneg\u00f3cio abra\u00e7ou de vez o mercado financeiro. Ou o contr\u00e1rio.&nbsp;<\/p>\n\n\n\n<figure class=\"wp-block-image\"><img data-recalc-dims=\"1\" decoding=\"async\" src=\"https:\/\/i0.wp.com\/images02.brasildefato.com.br\/608debf67933f1d0610e217ef5faaf50.jpeg?w=600&#038;ssl=1\" alt=\"\"\/><\/figure>\n\n\n\n<p><br>A valoriza\u00e7\u00e3o ano a ano de uma fazenda da Brasil Agro \/ Arte\/joio e o trigo<\/p>\n\n\n\n<p>No final de abril, a Comiss\u00e3o de Valores Mobili\u00e1rios, que regula o mercado, enviou um questionamento \u00e0 Brasil Agro: o que estava acontecendo com as a\u00e7\u00f5es da empresa? A movimenta\u00e7\u00e3o era gigantesca: R$ 770 milh\u00f5es em um \u00fanico m\u00eas. Foram cinco milh\u00f5es de pap\u00e9is negociados num \u00fanico dia \u2013 apenas um ano antes, a empresa raramente ultrapassava o patamar de duzentos mil, e durante o m\u00eas inteiro movimentou apenas R$ 53 milh\u00f5es.&nbsp;<\/p>\n\n\n\n<p>A empresa respondeu que n\u00e3o tinha conhecimento de nenhuma irregularidade. E informou que dois relat\u00f3rios importantes, do BTG Pactual e da Empiricus, recomendavam o investimento em seus pap\u00e9is. \u201cTais relat\u00f3rios, apesar de n\u00e3o trazerem nenhuma informa\u00e7\u00e3o nova n\u00e3o divulgada anteriormente pela Companhia, s\u00e3o utilizados por agentes de mercado em suas decis\u00f5es de investimento e podem ter contribu\u00eddo para as oscila\u00e7\u00f5es indicadas.\u201d&nbsp;<\/p>\n\n\n\n<p>Como tem sido a praxe entre os atores do agroneg\u00f3cio relacionados ao mercado financeiro, o recorde da Brasil Agro rapidamente ficou para tr\u00e1s. Em maio a empresa chegou a R$ 819 milh\u00f5es.&nbsp;<\/p>\n\n\n\n<p>Assim como se d\u00e1 em outros investimentos relacionados ao agroneg\u00f3cio, a Brasil Agro passou a atrair parte do enxame de pessoas que investem na bolsa \u2013 abordamos esse fen\u00f4meno na&nbsp;<a href=\"https:\/\/ojoioeotrigo.com.br\/2021\/11\/agronegocio-boom-inedito-mercado-financeiro\/\" rel=\"noreferrer noopener\" target=\"_blank\">primeira reportagem<\/a>&nbsp;da s\u00e9rie. \u201cA gente viu uma entrada importante de pessoas f\u00edsicas na companhia. A gente teve a\u00ed, em seis meses, um salto de 3 mil CPF para 9 mil CPF na companhia\u201d, disse Andr\u00e9 Guillaumon. N\u00e3o custa lembrar que isso foi em julho de 2020, antes de um novo&nbsp;<em>boom<\/em>&nbsp;da Brasil Agro.&nbsp;<\/p>\n\n\n\n<p>Em outubro de 2021, foi a vez de a SLC Agr\u00edcola responder ao questionamento da CVM sobre por que havia tanta movimenta\u00e7\u00e3o em torno dos pap\u00e9is da empresa. Foram seis meses seguidos com mais de R$ 1 bilh\u00e3o em negocia\u00e7\u00f5es, a come\u00e7ar pelo recorde de maio. O R$ 1,7 bilh\u00e3o daquele m\u00eas representa 17 vezes mais do que o obtido um ano antes.&nbsp;<\/p>\n\n\n\n<p><strong>::Leia tamb\u00e9m:&nbsp;<a href=\"https:\/\/www.brasildefato.com.br\/2021\/11\/24\/operacao-investiga-fazendeiros-por-sonegacao-fiscal-nos-municipios-que-mais-produzem-soja-em-mt\" target=\"_blank\" rel=\"noreferrer noopener\">Opera\u00e7\u00e3o investiga fazendeiros por sonega\u00e7\u00e3o fiscal nos munic\u00edpios que mais produzem soja em MT<\/a>::<\/strong><\/p>\n\n\n\n<p>O recorde se deu na semana em que a C\u00e2mara aprovou o projeto de lei que dispensa o pedido de licenciamento ambiental para v\u00e1rios empreendimentos. Relatado pelo deputado e ex-ministro da Agricultura Neri Geller (PP-MT), o&nbsp;<a href=\"https:\/\/www.camara.leg.br\/proposicoesWeb\/fichadetramitacao?idProposicao=257161\" rel=\"noreferrer noopener\" target=\"_blank\">PL 3.729<\/a>, de 2004, facilita o uso agr\u00edcola de terras ind\u00edgenas e quilombolas que n\u00e3o tenham sido demarcadas.&nbsp;<\/p>\n\n\n\n<p>Mas, nesse caso espec\u00edfico, a CVM estava questionando sucessivos dias de frenesi durante setembro. De um lado da Pra\u00e7a dos Tr\u00eas Poderes, o Supremo Tribunal Federal discutia (e n\u00e3o conclu\u00eda) o marco temporal para a demarca\u00e7\u00e3o de terras ind\u00edgenas. Do outro, o Senado avan\u00e7ava com o projeto sobre licenciamento ambiental. Os pap\u00e9is da SLC e da Brasil Agro tiveram forte movimenta\u00e7\u00e3o ao longo de todo o m\u00eas.&nbsp;<\/p>\n\n\n\n<p>Este ano, a SLC comprou uma outra gigante, a Terra Santa, e arrendou uma grande \u00e1rea em Correntina, na Bahia. A estimativa da pr\u00f3pria empresa \u00e9 de chegar a 660 mil hectares, um crescimento de 40% em rela\u00e7\u00e3o ao come\u00e7o de 2021 e o equivalente a quatro cidades e meia de S\u00e3o Paulo.&nbsp;<\/p>\n\n\n\n<p><a href=\"https:\/\/www.brasildefato.com.br\/2021\/10\/03\/por-que-agricultores-e-pesquisadores-defendem-que-agroecologia-pode-sanar-a-fome-no-brasil\" target=\"_blank\" rel=\"noreferrer noopener\"><strong>::&nbsp;Por que agricultores e pesquisadores defendem que agroecologia pode sanar a fome no Brasil ::<\/strong><\/a><\/p>\n\n\n\n<p>Terra e \u00e1gua \u00e0 disposi\u00e7\u00e3o<\/p>\n\n\n\n<p>A mistura de desmatamento da Amaz\u00f4nia e do Cerrado, queimadas, avan\u00e7o sobre terras ind\u00edgenas, revoga\u00e7\u00e3o de subs\u00eddios para a agricultura familiar e ode eterna ao agro pode fazer algumas pessoas arrancarem os cabelos, mas \u00e9 motivo de euforia entre investidores, para quem tudo isso \u00e9 uma garantia de que o enorme territ\u00f3rio e as reservas de \u00e1gua brasileiras estar\u00e3o \u00e0 disposi\u00e7\u00e3o pelos pr\u00f3ximos anos, at\u00e9 que se encontre uma nova maneira para especular.&nbsp;<\/p>\n\n\n\n<p>At\u00e9 2020, a Brasil Agro havia negociado 85 mil hectares e um total de R$ 925 milh\u00f5es. Bastante. Mas pouco, perto de 2021. Com apenas 9.546 hectares vendidos, a empresa fez R$ 786 milh\u00f5es de caixa. Se nos 14 anos anteriores a m\u00e9dia de negocia\u00e7\u00e3o foi de R$ 10 mil por hectare, agora j\u00e1 est\u00e1 em R$ 80 mil.&nbsp;<\/p>\n\n\n\n<p>A Brasil Agro controla 280 mil hectares, duas vezes a cidade de S\u00e3o Paulo. \u201cN\u00f3s somos a \u00fanica empresa do mercado que de fato combina resultados. A gente tem um resultado imobili\u00e1rio e o resultado operacional, e isso est\u00e1 no nosso DNA\u201d, afirmou Guillaumon, em refer\u00eancia ao modelo de neg\u00f3cios que mescla a venda de terras com a produ\u00e7\u00e3o de soja, milho e cana-de-a\u00e7\u00facar.&nbsp;<\/p>\n\n\n\n<p>Criada em 2006 e controlada por investidores argentinos, a empresa nem poderia ser dona de terras no Brasil, a menos que tivesse obtido autoriza\u00e7\u00e3o do Incra e do Congresso Nacional. A Brasil Agro \u00e9 investigada desde 2016 por&nbsp;<a href=\"https:\/\/apublica.org\/2021\/05\/btg-e-xp-estao-a-servico-de-estrangeiros-suspeitos-de-compra-ilegal-de-terras\/#sem-autoriza%C3%A7%C3%A3o-do-Incra-ou-do-Congresso-Nacional\" rel=\"noreferrer noopener\" target=\"_blank\">aquisi\u00e7\u00f5es ilegais de terras<\/a>.&nbsp;<\/p>\n\n\n\n<figure><iframe src=\"https:\/\/flo.uri.sh\/visualisation\/7904404\/embed\"><\/iframe><\/figure>\n\n\n\n<figure class=\"wp-block-image\"><a href=\"https:\/\/public.flourish.studio\/visualisation\/7904404\/?utm_source=embed&amp;utm_campaign=visualisation\/7904404\"><img decoding=\"async\" src=\"https:\/\/public.flourish.studio\/resources\/made_with_flourish.svg\" alt=\"Made with Flourish\"\/><\/a><\/figure>\n\n\n\n<figure><iframe src=\"https:\/\/flo.uri.sh\/visualisation\/7904464\/embed\"><\/iframe><\/figure>\n\n\n\n<figure class=\"wp-block-image\"><a href=\"https:\/\/public.flourish.studio\/visualisation\/7904464\/?utm_source=embed&amp;utm_campaign=visualisation\/7904464\"><img decoding=\"async\" src=\"https:\/\/public.flourish.studio\/resources\/made_with_flourish.svg\" alt=\"Made with Flourish\"\/><\/a><\/figure>\n\n\n\n<p>Se havia alguma incerteza sobre a possibilidade de estrangeiros comprarem im\u00f3veis rurais, a Brasil Agro n\u00e3o parecia ter d\u00favida alguma de que conseguiria autoriza\u00e7\u00e3o. Tanto assim que os dois principais gestores dos novos investimentos do agroneg\u00f3cio, BTG Pactual e XP Investimentos, t\u00eam listado a Brasil Agro como um \u00f3timo neg\u00f3cio.&nbsp;<\/p>\n\n\n\n<p>O maior banco de investimentos da Am\u00e9rica Latina \u00e9 um emblema do casamento entre agroneg\u00f3cio e mercado financeiro. O BTG lan\u00e7ou os primeiros fundos ligados ao setor, esperando atrair um total aproximado de R$ 1 bilh\u00e3o.&nbsp;<\/p>\n\n\n\n<p>O pr\u00e9dio da empresa \u00e9, tamb\u00e9m, um emblema da nova fase da Avenida Faria Lima, que se transformou no cora\u00e7\u00e3o do mercado financeiro. As duas torres do Edif\u00edcio P\u00e1tio Victor Malzoni, com 19 andares, s\u00e3o ainda a morada do Google e ficam no ponto-chave de um processo de valoriza\u00e7\u00e3o imobili\u00e1ria que tem os fundos de investimento como fator-chave. Nas \u00faltimas duas d\u00e9cadas, dezenas de sobrados foram abaixo para dar lugar a um mar de edif\u00edcios gigantes e espelhados que abrigam corpora\u00e7\u00f5es de tecnologia,&nbsp;<em>startups<\/em>&nbsp;e, agora, o agroneg\u00f3cio.&nbsp;<\/p>\n\n\n\n<p>\u00c9 esse processo que o mercado financeiro espera replicar na zona rural. No ano passado, os fundos imobili\u00e1rios bateram&nbsp;<a href=\"https:\/\/www.infomoney.com.br\/onde-investir\/fundos-imobiliarios-no-de-investidores-bate-recorde-em-2020-mas-retorno-com-dividendos-desaba\/\" rel=\"noreferrer noopener\" target=\"_blank\">recorde de movimenta\u00e7\u00e3o<\/a>, com mais de um milh\u00e3o de pessoas f\u00edsicas investindo. O montante de R$ 53,9 bilh\u00f5es representou um crescimento de 67% sobre 2019. Como mostramos na&nbsp;<a href=\"https:\/\/ojoioeotrigo.com.br\/2021\/11\/agronegocio-boom-inedito-mercado-financeiro\/\" rel=\"noreferrer noopener\" target=\"_blank\">primeira reportagem<\/a>&nbsp;da s\u00e9rie, este ano foram aprovados e regulamentados os fundos de investimento do agroneg\u00f3cio, Fiagro, que j\u00e1 come\u00e7am a movimentar seus primeiros milh\u00f5es.&nbsp;<\/p>\n\n\n\n<p><a href=\"https:\/\/www.brasildefato.com.br\/2020\/12\/08\/agronegocio-pagou-apenas-r-16-3-mil-em-imposto-de-exportacao-durante-todo-2019\" target=\"_blank\" rel=\"noreferrer noopener\"><strong>::Agroneg\u00f3cio pagou apenas R$ 16,3 mil em imposto de exporta\u00e7\u00e3o durante todo 2019::<\/strong><\/a><\/p>\n\n\n\n<p>De r\u00e9u a conselheiro<\/p>\n\n\n\n<p>O dono do BTG, Andr\u00e9 Esteves, chegou a ser preso durante a Opera\u00e7\u00e3o Lava Jato, mas foi liberado por determina\u00e7\u00e3o do Supremo Tribunal Federal. Em outubro de 2021, veio \u00e0 tona o \u00e1udio de uma palestra que ele deu a jovens investidores. Na condi\u00e7\u00e3o de or\u00e1culo, ele explicou a influ\u00eancia que tem sobre o STF, o Banco Central, o Minist\u00e9rio da Economia e o Congresso Nacional.&nbsp;<\/p>\n\n\n\n<p>E nos ajudou a entender por que o agroneg\u00f3cio e o mercado financeiro s\u00e3o t\u00e3o fi\u00e9is a Jair Bolsonaro. \u201cVoc\u00ea fala com o gerente de uma fazenda e o sujeito vai votar no Bolsonaro. T\u00e1 convencido de que \u00e9 Bolsonaro\u201d, explicou, acrescentando que essas pessoas n\u00e3o ca\u00edram na ladainha antivacina do presidente nem s\u00e3o a favor de uma ditadura. Ele exemplificou o que tem ouvido quando circula por \u00e1reas rurais:<\/p>\n\n\n\n<p>\u201cSabe o que \u00e9? O vizinho aqui limpou o pasto. H\u00e1 uns dois anos atr\u00e1s o Ibama e uns petistas meteram uma multa no cara porque ele est\u00e1 suprimindo Mata Atl\u00e2ntica. N\u00e3o d\u00e1 para conviver com esse neg\u00f3cio. H\u00e1 uns anos atr\u00e1s andou um neg\u00f3cio de&nbsp;MST&nbsp;aqui e era um estresse aqui todo dia, com homem armado na fazenda.\u201d Na vis\u00e3o dele, o vento no Brasil sopra a favor da \u201ccentro-direita\u201d e ningu\u00e9m quer \u201cmaluquice\u201d.<\/p>\n\n\n\n<p>Se algu\u00e9m quer saber para que lado sopra o vento, basta olhar a Faria Lima. \u201cA gente est\u00e1 tentando junto com bastante gente a\u00ed brilhante tamb\u00e9m tocar esse bumbo de terras para estrangeiro\u201d, disse Andr\u00e9 Guillaumon, o presidente da Brasil Agro. Durante uma transmiss\u00e3o online, ele disse que h\u00e1 uma articula\u00e7\u00e3o em torno do senador ruralista Iraj\u00e1 Abreu (PSD-TO) para derrubar essa restri\u00e7\u00e3o. Isso foi em julho de 2020.&nbsp;<\/p>\n\n\n\n<p><a href=\"https:\/\/www.brasildefato.com.br\/2021\/10\/08\/os-numeros-mostram-agronegocio-recebe-muitos-recursos-e-contribui-pouco-para-o-pais\" target=\"_blank\" rel=\"noreferrer noopener\"><strong>::Os n\u00fameros mostram: agroneg\u00f3cio recebe muitos recursos e contribui pouco para o pa\u00eds::<\/strong><\/a><\/p>\n\n\n\n<p>\u201cA Sociedade Rural, Abag [Associa\u00e7\u00e3o Brasileira do Agroneg\u00f3cio], todo mundo, porque a gente entende que eu falo sempre que a restri\u00e7\u00e3o n\u00e3o \u00e9 uma restri\u00e7\u00e3o \u00e0 terra, \u00e9 uma restri\u00e7\u00e3o ao capital. O que est\u00e1 se restringindo \u00e9 a entrada do capital no pa\u00eds, e isso a gente tem que tirar.\u201d&nbsp;<\/p>\n\n\n\n<p>O bumbo tocado na Faria Lima ecoava por todo o Brasil. Afinal, nas proje\u00e7\u00f5es da Brasil Agro, R$ 40 bilh\u00f5es ao ano estavam esperando pela libera\u00e7\u00e3o da venda de terras para estrangeiros. Considerando uma compra recente feita pela empresa, de R$ 9 mil por hectare, esse dinheiro seria suficiente para adquirir quatro milh\u00f5es e meio de hectares por ano. D\u00e1 um estado do Rio de Janeiro. Sim, um estado do Rio de Janeiro. N\u00f3s refizemos essa conta dez vezes para termos certeza de que est\u00e1vamos certos.&nbsp;<\/p>\n\n\n\n<figure><iframe src=\"https:\/\/flo.uri.sh\/visualisation\/7915404\/embed\"><\/iframe><\/figure>\n\n\n\n<figure class=\"wp-block-image\"><a href=\"https:\/\/public.flourish.studio\/visualisation\/7915404\/?utm_source=embed&amp;utm_campaign=visualisation\/7915404\"><img decoding=\"async\" src=\"https:\/\/public.flourish.studio\/resources\/made_with_flourish.svg\" alt=\"Made with Flourish\"\/><\/a><\/figure>\n\n\n\n<p>Em junho de 2021, mais uma vez a ministra da Agricultura, Tereza Cristina,&nbsp;fazia a fun\u00e7\u00e3o de captadora de recursos do agroneg\u00f3cio. \u201cSabemos da exist\u00eancia de trilh\u00f5es de d\u00f3lares em busca de boas alternativas de investimento, melhores retornos e riscos menores\u201d, disse, durante o F\u00f3rum de Investimentos Brasil 2021, um encontro promovido por um sem-fim de corpora\u00e7\u00f5es e&nbsp;<em>think tanks<\/em>&nbsp;privados. \u201cE o agroneg\u00f3cio brasileiro tem resposta para isso. Nosso mercado banc\u00e1rio e de capitais est\u00e1 maduro e pronto para receber investidores do mundo todo.\u201d<\/p>\n\n\n\n<p>Se em 2016 o antecessor, Blairo Maggi, fazia promessas, Tereza Cristina entregava encomendas: os trilh\u00f5es do mercado financeiro j\u00e1 flu\u00edam com a mesma naturalidade que as \u00e1guas do rio Amazonas. Na vis\u00e3o do governo, os R$ 250 bilh\u00f5es do Plano Safra se tornaram insuficientes, e \u00e9 preciso captar ao menos R$ 500 bilh\u00f5es ao ano no mercado financeiro.<\/p>\n\n\n\n<p>Por\u00e9m, sem o padrinho pol\u00edtico, a atual equipe do Minist\u00e9rio da Agricultura n\u00e3o teria conseguido. Tereza Cristina levou adiante articula\u00e7\u00f5es, estruturas e ideias lan\u00e7adas durante a gest\u00e3o de Blairo Maggi. Ent\u00e3o, de certa maneira, tudo come\u00e7a com o golpe de 2016.<\/p>\n\n\n\n<p>Preparando o terreno<\/p>\n\n\n\n<p>Dez dias depois de o&nbsp;<em>impeachment<\/em>&nbsp;de Dilma Rousseff passar na C\u00e2mara, Michel Temer recebeu formalmente o documento do Instituto Pensar Agro (IPA) com as prioridades para o bi\u00eanio. O IPA \u00e9 uma organiza\u00e7\u00e3o criada na virada da d\u00e9cada&nbsp;e que mudou radicalmente as rela\u00e7\u00f5es da bancada ruralista dentro do Congresso Nacional ao aumentar o grau de organiza\u00e7\u00e3o e coes\u00e3o dos parlamentares. \u00c9 de dentro da mans\u00e3o do IPA que saem as diretrizes que guiam a atua\u00e7\u00e3o de deputados e senadores.&nbsp;<\/p>\n\n\n\n<p>Em 2016, ao ser o fiador da queda de Dilma, o agroneg\u00f3cio deixou patente: daqui por diante, quem quiser se tornar e se manter como presidente da Rep\u00fablica, vai precisar pedir a b\u00ean\u00e7\u00e3o do IPA.&nbsp;<\/p>\n\n\n\n<p>No documento, a quest\u00e3o fundi\u00e1ria era uma das prioridades. A organiza\u00e7\u00e3o queria que im\u00f3veis rurais pudessem ser comprados por empresas controladas por capital estrangeiro. \u00c9 um ponto bastante curioso para uma bancada que alega que a demarca\u00e7\u00e3o de terras ind\u00edgenas serve para a atua\u00e7\u00e3o de ONGs estrangeiras interessadas em roubar nossas riquezas. E para um setor econ\u00f4mico que devastou o Cerrado e est\u00e1 devastando a Amaz\u00f4nia movido pelo mote militar de \u201cintegrar para n\u00e3o entregar\u201d.&nbsp;<\/p>\n\n\n\n<p>Em julho de 2016, Michel Temer esteve no Global Agribusiness Forum, em S\u00e3o Paulo. O agroneg\u00f3cio deu o apoio expl\u00edcito a que o Senado terminasse de derrubar Dilma, numa carta firmada por 46 organiza\u00e7\u00f5es.&nbsp;<\/p>\n\n\n\n<p>Ces\u00e1rio Ramalho, presidente do conselho que organiza o encontro, explicou que a decis\u00e3o de apoiar Temer foi \u201cuma op\u00e7\u00e3o muito justa\u201d e que o agroneg\u00f3cio havia cometido o erro de n\u00e3o se manifestar politicamente em outras ocasi\u00f5es. \u201cN\u00f3s temos que abrir o pa\u00eds. Temos que debater, temos que falar que n\u00f3s fazemos agricultura com respeito ao meio ambiente, com respeito \u00e0s quest\u00f5es sociais, com respeito \u00e0s quest\u00f5es do capital. N\u00f3s temos que ligar com o mundo. O mundo \u00e9 global.\u201d<\/p>\n\n\n\n<p>No discurso, Temer disse que o Brasil deve muito \u00e0 agricultura e se comprometeu a viajar pelo mundo para promover o setor. \u201cDevo at\u00e9 registrar que muitos investidores estrangeiros ainda est\u00e3o esperando um pouquinho. Para ver o que \u00e9 que acontece, daqui um m\u00eas, um m\u00eas e meio, para depois investirem, Ces\u00e1rio, com muita for\u00e7a aqui no nosso pa\u00eds. E o que \u00e9 preciso no pa\u00eds \u00e9 exatamente restabelecer a credibilidade, a confian\u00e7a.\u201d<\/p>\n\n\n\n<p>Blairo Maggi estava na primeira leva de ministros nomeados por Temer. O ex-deputado, ex-senador e governador de Mato Grosso n\u00e3o \u00e9 qualquer um nesse grupinho: \u00e9 um enorme dono de terras, produtor de soja e uma pessoa que milita pela financeiriza\u00e7\u00e3o do agroneg\u00f3cio.&nbsp;<\/p>\n\n\n\n<p>Pouco antes de o Senado confirmar a queda de Dilma, o novo ministro da Agricultura reabriu a C\u00e2mara Tem\u00e1tica do Cr\u00e9dito, Seguro e Comercializa\u00e7\u00e3o do Agroneg\u00f3cio. O grupo passou a ser presidido por Ivan Wedekin, representante da bolsa de valores de S\u00e3o Paulo, hoje em dia chamada B3, com a participa\u00e7\u00e3o de bancos, cooperativas de cr\u00e9dito, seguradoras e organiza\u00e7\u00f5es do agroneg\u00f3cio.&nbsp;<\/p>\n\n\n\n<p>Wedekin foi secret\u00e1rio de Pol\u00edtica Agr\u00edcola na gest\u00e3o de Roberto Rodrigues, ministro da Agricultura no primeiro mandato de Lula. E foi a pessoa central na cria\u00e7\u00e3o das Letras de Cr\u00e9dito do Agroneg\u00f3cio (LCAs) e dos Certificados de Receb\u00edveis do Agroneg\u00f3cio (CRAs), que come\u00e7aram a ser negociados em 2005, ainda que em volumes baixos.&nbsp;<\/p>\n\n\n\n<p><a href=\"https:\/\/www.brasildefato.com.br\/2019\/06\/08\/gestao-bolsonaro-agrava-grilagem-e-estrangeirizacao-de-terras-dizem-especialistas\/\"><strong>::Gest\u00e3o Bolsonaro agrava grilagem e estrangeiriza\u00e7\u00e3o de terras, dizem especialistas::<\/strong><\/a><\/p>\n\n\n\n<p>O agro n\u00e3o cabe mais<\/p>\n\n\n\n<p>A C\u00e2mara Tem\u00e1tica retoma alguns debates sobre como fazer do financiamento privado a fonte predominante de recursos para o agroneg\u00f3cio. Alguns participantes chegam a projetar que, com o tempo, o investimento se torne exclusivamente privado.&nbsp;<\/p>\n\n\n\n<p>Para isso, \u00e9 preciso criar novos mecanismos para as LCAs e os CRAs. E \u00e9 preciso quebrar o controle dos bancos sobre o setor, permitindo que milhares de institui\u00e7\u00f5es financeiras participem.&nbsp;<\/p>\n\n\n\n<p>Um m\u00eas depois da reabertura da C\u00e2mara Tem\u00e1tica foi anunciado o Subcomit\u00ea de Agricultura da Iniciativa Brasileira de Finan\u00e7as Verdes (IBFV). Apesar do nome de \u00f3rg\u00e3o p\u00fablico, \u00e9 um mecanismo privado composto por Banco do Brasil, B3, Cargill, Confedera\u00e7\u00e3o da Agricultura e Pecu\u00e1ria do Brasil (CNA), Ecoagro, Sociedade Rural Brasileira e bancas de advogados. O grupo diz controlar o equivalente a R$ 18 trilh\u00f5es em ativos, ou dois PIBs do Brasil.&nbsp;<\/p>\n\n\n\n<p>O subcomit\u00ea teria como miss\u00e3o \u201cidentificar e propor oportunidades de financiamento verde. Isso inclui o fortalecimento das linhas de financiamento existentes e a cria\u00e7\u00e3o de novas alternativas para atrair capital nacional e internacional de longo prazo para projetos sustent\u00e1veis no Brasil\u201d.<\/p>\n\n\n\n<p>Na mesma \u00e9poca, a Globo lan\u00e7a a campanha \u201cAgro \u00e9 Pop\u201d, uma iniciativa completamente at\u00edpica para os padr\u00f5es da emissora ao misturar conte\u00fado editorial e propaganda. Estava \u00f3bvio que havia uma articula\u00e7\u00e3o do agroneg\u00f3cio para abrir uma guerra de narrativas e consolidar a ideia de que o setor \u00e9 o futuro do Brasil \u2013 e o mote de que o \u201cAgro \u00e9 tudo\u201d serve para homogeneizar a zona rural, sem distin\u00e7\u00f5es entre camponeses, ind\u00edgenas, ribeirinhos, latifundi\u00e1rios, nem entre modelos de produ\u00e7\u00e3o.&nbsp;&nbsp;<\/p>\n\n\n\n<p>Em outubro de 2016, a Federa\u00e7\u00e3o Brasileira dos Bancos (Febraban) promoveu um evento no qual se falou sobre a necessidade primordial de aumentar o financiamento privado do setor. Na ocasi\u00e3o, Wedekin declarou que era preciso aumentar o conhecimento dos produtores rurais sobre a exist\u00eancia de uma s\u00e9rie de t\u00edtulos ligados ao agro:<\/p>\n\n\n\n<p>\u201cAs cooperativas t\u00eam centenas de milhares de associados e podem usar uma parte dos estoques de d\u00edvida desses produtores com elas para come\u00e7ar a embutir o CDCA [Certificado de Direitos Credit\u00f3rios do Agroneg\u00f3cio] ou participar de opera\u00e7\u00f5es de CRA [Certificado de Receb\u00edveis do Agroneg\u00f3cio].\u201d<\/p>\n\n\n\n<p>Mas ampliar o conhecimento obviamente seria insuficiente. Era preciso criar novos mecanismos. Foi, ent\u00e3o, que entrou em cena a Climate Bonds Initiative, que&nbsp;<a href=\"https:\/\/www.gov.br\/agricultura\/pt-br\/assuntos\/noticias\/novacki-fala-a-investidores-estrangeiros-sobre-oportunidades-na-agropecuaria\" rel=\"noreferrer noopener\" target=\"_blank\">pelo menos desde 2016<\/a>&nbsp;realiza eventos em Londres e Nova York para a promo\u00e7\u00e3o do agroneg\u00f3cio brasileiro. O&nbsp;<em>roadshow<\/em>&nbsp;j\u00e1 est\u00e1 se tornando uma esp\u00e9cie de tradi\u00e7\u00e3o anual do ministro da Agricultura.&nbsp;<\/p>\n\n\n\n<p>Apesar de se apresentar como \u201cinstitui\u00e7\u00e3o sem fins lucrativos\u201d, a Climate Bonds \u00e9 um&nbsp;<em>think tank<\/em>&nbsp;que busca promover investimentos. No caso, \u201csolu\u00e7\u00f5es para a mudan\u00e7a do clima\u201d, cujo potencial de valor \u00e9 estimado num documento entregue ao Minist\u00e9rio da Agricultura em US$ 100 trilh\u00f5es \u2013 para que se tenha uma ideia, o PIB dos Estados Unidos equivale a um quinto disso.<\/p>\n\n\n\n<p><a href=\"https:\/\/www.brasildefato.com.br\/2021\/04\/26\/monocultura-da-soja-pode-deixar-o-brasileiro-sem-arroz-e-feijao-na-mesa\" target=\"_blank\" rel=\"noreferrer noopener\"><strong>::Monocultura da soja pode deixar o brasileiro sem arroz e feij\u00e3o na mesa::<\/strong><\/a><\/p>\n\n\n\n<p>Conhecer os desejos da terra<\/p>\n\n\n\n<p>Em novembro de 2019, atendendo a essa esp\u00e9cie de nova tradi\u00e7\u00e3o, a ministra Tereza Cristina esteve no&nbsp;<em>roadshow<\/em>&nbsp;da Climate Bonds em Nova York. Na ocasi\u00e3o, \u00f3rg\u00e3o p\u00fablico e&nbsp;<em>think tank<\/em>&nbsp;privado assinaram um memorando para promover a emiss\u00e3o de t\u00edtulos verdes no Brasil.&nbsp;<\/p>\n\n\n\n<p>\u201cEste tipo de iniciativa \u00e9 poss\u00edvel a partir da edi\u00e7\u00e3o da Medida Provis\u00f3ria do Agro [MP 897\/2019], que estabelece mecanismos para investimento no setor rural brasileiro. A MP est\u00e1 tramitando no Congresso\u201d, disse a ministra.&nbsp;<\/p>\n\n\n\n<p>A MP do Agro, como ficou conhecida, foi apresentada em outubro. Um&nbsp;<a href=\"https:\/\/www.gov.br\/agricultura\/pt-br\/assuntos\/camaras-setoriais-tematicas\/documentos\/camaras-setoriais\/citricultura\/2019-1\/58a-ro\/credito-privado-ao-agronegocio-convertido.pdf\" rel=\"noreferrer noopener\" target=\"_blank\"><em>slide<\/em><\/a>&nbsp;do Minist\u00e9rio da Agricultura mostra que a formula\u00e7\u00e3o do texto envolveu 18 equipes do Executivo, com destaque para o Banco Central, o Minist\u00e9rio da Economia, a Casa Civil e a Comiss\u00e3o de Valores Mobili\u00e1rios, al\u00e9m do pr\u00f3prio MAPA.&nbsp;<\/p>\n\n\n\n<p>A MP define uma s\u00e9rie de instrumentos que atrelam o agroneg\u00f3cio e o mercado financeiro. Enquanto o ministro do Meio Ambiente, Ricardo Salles, come\u00e7ava a passar a boiada no desmonte da legisla\u00e7\u00e3o, Tereza Cristina concretizava um novo arcabou\u00e7o legal destinado a ser, nas palavras da ministra, \u201cum divisor de \u00e1guas\u201d para o cr\u00e9dito rural brasileiro.&nbsp;<\/p>\n\n\n\n<p>Em meio a tudo isso, seguiam caminhando o PL da Grilagem, o projeto que d\u00e1 fim \u00e0 demarca\u00e7\u00e3o de terras ind\u00edgenas, o PL que afrouxa o licenciamento ambiental e muitas outras medidas. A boiada j\u00e1 havia chegado \u00e0 Faria Lima.&nbsp;<\/p>\n\n\n\n<figure class=\"wp-block-image\"><img data-recalc-dims=\"1\" decoding=\"async\" src=\"https:\/\/i0.wp.com\/images03.brasildefato.com.br\/95fe9a8f0def88b7f5e5652fa96c16b4.jpeg?w=600&#038;ssl=1\" alt=\"\"\/><\/figure>\n\n\n\n<p><br>Apresenta\u00e7\u00e3o feita na C\u00e2mara de Cr\u00e9dito do Minist\u00e9rio da Agricultura \/ Governo Federal<\/p>\n\n\n\n<p>De um lado, a Lei do Agro pretende baixar os juros no financiamento, usando para isso a garantia do Estado. De outro, pretende desregular geral para expandir os \u201crecursos livres\u201d do mercado privado de capitais.&nbsp;<\/p>\n\n\n\n<p>Na vis\u00e3o do secret\u00e1rio-adjunto da Secretaria de Pol\u00edtica Agr\u00edcola do Minist\u00e9rio da Agricultura, Jos\u00e9 Angelo Mazzillo Jr., a ent\u00e3o MP \u201caperfei\u00e7oa a C\u00e9dula de Produto Rural (CPR) e os t\u00edtulos do agro, lan\u00e7ando as bases para um mercado privado de cr\u00e9dito com maior liberdade de contrata\u00e7\u00e3o e seguran\u00e7a jur\u00eddica, menos oneroso e mais transparente\u201d. Conforme ele disse numa reuni\u00e3o da C\u00e2mara Tem\u00e1tica, o agro brasileiro \u201cn\u00e3o cabe\u201d no cr\u00e9dito p\u00fablico.&nbsp;<\/p>\n\n\n\n<p>Como era de se esperar, a MP n\u00e3o enfrentou resist\u00eancias no Congresso Nacional, e em 7 de abril de 2020 j\u00e1 estava convertida em lei. Se antes o mercado financeiro demonstrava euforia com os rumos do governo, agora essa euforia era ampliada \u00e0 en\u00e9sima pot\u00eancia.&nbsp;<\/p>\n\n\n\n<p>Em entrevista ao&nbsp;<em>The Intercept<\/em>&nbsp;dos Estados Unidos, Kelli Mafort, do&nbsp;MST, questionou a possibilidade de subdividir propriedades rurais para entregar como garantias em empr\u00e9stimos. \u201c\u00c9 uma privatiza\u00e7\u00e3o da reforma agr\u00e1ria\u201d, diz, em refer\u00eancia \u00e0 ideia de que fica mais f\u00e1cil contrair uma d\u00edvida e, como consequ\u00eancia, perder a terra.<\/p>\n\n\n\n<p>Sem cercas<\/p>\n\n\n\n<p>J\u00e1 em junho de 2020, a Climate Bonds Initiative e a Iniciativa Brasileira de Finan\u00e7as Verdes publicaram um estudo conjunto, o Plano de Investimento para a Agricultura Sustent\u00e1vel, encampado com tanta \u00eanfase pelo Minist\u00e9rio da Agricultura que se torna dif\u00edcil saber onde est\u00e3o as linhas entre p\u00fablico e privado \u2013 o trabalho foi coordenado por um servidor do BNDES que, em seguida, migrou a uma corpora\u00e7\u00e3o privada de saneamento.<\/p>\n\n\n\n<p>O documento aposta que o agroneg\u00f3cio pode atrair R$ 692 bilh\u00f5es em finan\u00e7as \u201cverdes\u201d. E comemora v\u00e1rias das mudan\u00e7as introduzidas pela Lei do Agro, em particular aquelas que atrelam as terras brasileiras a investidores estrangeiros. \u201cEsse desdobramento recente pode promover e facilitar emiss\u00f5es de t\u00edtulos verdes para produtores m\u00e9dios, cooperativas e outras empresas do setor de agroneg\u00f3cio.\u201d&nbsp;<\/p>\n\n\n\n<p>A Climate Bonds \u00e9 financiada pelos pesos-pesado do mercado financeiro, como BlackRock, State Street Global Advisors, Citigroup, Goldman Sachs, HSBC, Credit Suisse, Barclays e BNP Paribas.<\/p>\n\n\n\n<p>Como mostra a investiga\u00e7\u00e3o feita pelo Intercept dos Estados Unidos em parceria com o&nbsp;<strong><em>Joio<\/em><\/strong>, a empresa n\u00e3o verifica se os t\u00edtulos \u201cverdes\u201d est\u00e3o de fato cumprindo com o prometido: ela repassa essa atividade a terceiros. Em outra frente, as grandes gestoras de investimentos do mundo fizeram lobby contra mecanismos que poderiam definir padr\u00f5es obrigat\u00f3rios, e n\u00e3o volunt\u00e1rios.<\/p>\n\n\n\n<p>\u201cEstamos abertos a ambas abordagens\u201d, disse Leisa Souza, l\u00edder da CBI para a Am\u00e9rica Latina. \u201cClaro, n\u00e3o vamos dizer que \u00e9 preciso haver regula\u00e7\u00e3o e que isso precisa ser feito, porque, mesmo que consideremos apenas o mercado como um todo, a autorregula\u00e7\u00e3o funciona muito bem.\u201d<\/p>\n\n\n\n<p>A Climate Bonds, via de regra, aparece em cena acompanhada de uma outra empresa que voc\u00ea provavelmente desconhece: a EcoAgro. Criada em 2009, \u00e9 a maior emissora de CRAs do Brasil \u2013 at\u00e9 setembro de 2021, eram R$ 25 bilh\u00f5es, pouco menos de um ter\u00e7o do total.&nbsp;<\/p>\n\n\n\n<p>No formul\u00e1rio apresentado ao mercado financeiro, a EcoAgro lista os riscos relacionados a seu neg\u00f3cio. E um chama aten\u00e7\u00e3o: \u201cMovimentos sociais podem&nbsp;afetar as atividades dos emitentes dos Cr\u00e9ditos: movimentos sociais, como o Movimento dos Trabalhadores Rurais Sem Terra e a Comiss\u00e3o Pastoral da Terra, s\u00e3o ativos no Brasil.<\/p>\n\n\n\n<p>Invas\u00f5es e ocupa\u00e7\u00f5es de terrenos agr\u00edcolas por grande n\u00famero de participantes desses movimentos s\u00e3o comuns e, em algumas \u00e1reas, os propriet\u00e1rios n\u00e3o contam com a prote\u00e7\u00e3o efetiva da pol\u00edcia nem com procedimentos eficientes de reintegra\u00e7\u00e3o de posse.\u201d Nesse sentido, a conjuntura fortemente repressiva atenua bastante o risco para os investidores \u2013 em outras palavras, repress\u00e3o vira dinheiro.&nbsp;<\/p>\n\n\n\n<figure class=\"wp-block-image\"><img data-recalc-dims=\"1\" decoding=\"async\" src=\"https:\/\/i0.wp.com\/images02.brasildefato.com.br\/499ad8f43c44ae9e2d8d7bc9b50da06d.jpeg?w=600&#038;ssl=1\" alt=\"\"\/><\/figure>\n\n\n\n<p><br>Trecho do relat\u00f3rio da EcoAgro \/ Reprodu\u00e7\u00e3o<\/p>\n\n\n\n<p>Assim como tem a primazia em rela\u00e7\u00e3o aos CRAs, a EcoAgro explicitamente aposta em liderar a era dos CRAs verdes. Em mais uma mistura entre p\u00fablico e privado, em abril de 2021 Tereza Cristina anunciou a emiss\u00e3o, em car\u00e1ter experimental, de CRAs com garantia do BNDES. O valor total de R$ 29 milh\u00f5es \u00e9 intermediado pela EcoAgro para uma das maiores cooperativas do pa\u00eds, a Cotrijal, do Rio Grande do Sul.&nbsp;<\/p>\n\n\n\n<p>Em paralelo, a EcoAgro esperava captar mais R$ 60 milh\u00f5es, dessa vez para a usina Rio Amambai, em Navira\u00ed, no Mato Grosso do Sul. O mercado de t\u00edtulos verdes vai passando do papel \u00e0 pr\u00e1tica.<\/p>\n\n\n\n<p><\/p>\n","protected":false},"excerpt":{"rendered":"<p>Unidos pelo impeachment de 2016, setores contaram com os ventos favor\u00e1veis de Bras\u00edlia para criar novos investimentos&nbsp;<\/p>\n","protected":false},"author":1,"featured_media":0,"comment_status":"closed","ping_status":"open","sticky":false,"template":"","format":"standard","meta":{"_exactmetrics_skip_tracking":false,"_exactmetrics_sitenote_active":false,"_exactmetrics_sitenote_note":"","_exactmetrics_sitenote_category":0,"jetpack_post_was_ever_published":false,"_jetpack_newsletter_access":"","_jetpack_dont_email_post_to_subs":false,"_jetpack_newsletter_tier_id":0,"_jetpack_memberships_contains_paywalled_content":false,"_jetpack_memberships_contains_paid_content":false,"footnotes":"","jetpack_publicize_message":"","jetpack_publicize_feature_enabled":true,"jetpack_social_post_already_shared":true,"jetpack_social_options":{"image_generator_settings":{"template":"highway","enabled":false},"version":2}},"categories":[1],"tags":[],"class_list":["post-33138","post","type-post","status-publish","format-standard","hentry","category-notas"],"jetpack_publicize_connections":[],"jetpack_sharing_enabled":true,"jetpack_featured_media_url":"","jetpack_shortlink":"https:\/\/wp.me\/p7wKYW-8Cu","jetpack-related-posts":[],"_links":{"self":[{"href":"http:\/\/blogdalucianaoliveira.com.br\/blog\/wp-json\/wp\/v2\/posts\/33138","targetHints":{"allow":["GET"]}}],"collection":[{"href":"http:\/\/blogdalucianaoliveira.com.br\/blog\/wp-json\/wp\/v2\/posts"}],"about":[{"href":"http:\/\/blogdalucianaoliveira.com.br\/blog\/wp-json\/wp\/v2\/types\/post"}],"author":[{"embeddable":true,"href":"http:\/\/blogdalucianaoliveira.com.br\/blog\/wp-json\/wp\/v2\/users\/1"}],"replies":[{"embeddable":true,"href":"http:\/\/blogdalucianaoliveira.com.br\/blog\/wp-json\/wp\/v2\/comments?post=33138"}],"version-history":[{"count":1,"href":"http:\/\/blogdalucianaoliveira.com.br\/blog\/wp-json\/wp\/v2\/posts\/33138\/revisions"}],"predecessor-version":[{"id":33140,"href":"http:\/\/blogdalucianaoliveira.com.br\/blog\/wp-json\/wp\/v2\/posts\/33138\/revisions\/33140"}],"wp:attachment":[{"href":"http:\/\/blogdalucianaoliveira.com.br\/blog\/wp-json\/wp\/v2\/media?parent=33138"}],"wp:term":[{"taxonomy":"category","embeddable":true,"href":"http:\/\/blogdalucianaoliveira.com.br\/blog\/wp-json\/wp\/v2\/categories?post=33138"},{"taxonomy":"post_tag","embeddable":true,"href":"http:\/\/blogdalucianaoliveira.com.br\/blog\/wp-json\/wp\/v2\/tags?post=33138"}],"curies":[{"name":"wp","href":"https:\/\/api.w.org\/{rel}","templated":true}]}}