{"id":33145,"date":"2021-11-30T13:40:53","date_gmt":"2021-11-30T17:40:53","guid":{"rendered":"http:\/\/blogdalucianaoliveira.com.br\/blog\/?p=33145"},"modified":"2021-11-30T13:40:56","modified_gmt":"2021-11-30T17:40:56","slug":"mortandade-de-peixes-nas-aguas-do-rio-branco-intriga-indigenas-e-produtores-rurais-em-alta-floresta-doeste","status":"publish","type":"post","link":"http:\/\/blogdalucianaoliveira.com.br\/blog\/2021\/11\/30\/mortandade-de-peixes-nas-aguas-do-rio-branco-intriga-indigenas-e-produtores-rurais-em-alta-floresta-doeste\/","title":{"rendered":"Mortandade de peixes nas \u00e1guas do Rio Branco intriga ind\u00edgenas e produtores rurais em Alta Floresta d\u2019Oeste"},"content":{"rendered":"\n<figure class=\"wp-block-image size-large\"><img data-recalc-dims=\"1\" loading=\"lazy\" decoding=\"async\" width=\"600\" height=\"465\" data-attachment-id=\"33146\" data-permalink=\"http:\/\/blogdalucianaoliveira.com.br\/blog\/2021\/11\/30\/mortandade-de-peixes-nas-aguas-do-rio-branco-intriga-indigenas-e-produtores-rurais-em-alta-floresta-doeste\/efe0690f-26e1-4fe2-b57a-047ab8df90ee\/\" data-orig-file=\"https:\/\/i0.wp.com\/blogdalucianaoliveira.com.br\/blog\/wp-content\/uploads\/2021\/11\/EFE0690F-26E1-4FE2-B57A-047AB8DF90EE.jpeg?fit=680%2C527\" data-orig-size=\"680,527\" data-comments-opened=\"0\" data-image-meta=\"{&quot;aperture&quot;:&quot;0&quot;,&quot;credit&quot;:&quot;&quot;,&quot;camera&quot;:&quot;&quot;,&quot;caption&quot;:&quot;&quot;,&quot;created_timestamp&quot;:&quot;0&quot;,&quot;copyright&quot;:&quot;&quot;,&quot;focal_length&quot;:&quot;0&quot;,&quot;iso&quot;:&quot;0&quot;,&quot;shutter_speed&quot;:&quot;0&quot;,&quot;title&quot;:&quot;&quot;,&quot;orientation&quot;:&quot;1&quot;}\" data-image-title=\"EFE0690F-26E1-4FE2-B57A-047AB8DF90EE\" data-image-description=\"\" data-image-caption=\"\" data-medium-file=\"https:\/\/i0.wp.com\/blogdalucianaoliveira.com.br\/blog\/wp-content\/uploads\/2021\/11\/EFE0690F-26E1-4FE2-B57A-047AB8DF90EE.jpeg?fit=300%2C233\" data-large-file=\"https:\/\/i0.wp.com\/blogdalucianaoliveira.com.br\/blog\/wp-content\/uploads\/2021\/11\/EFE0690F-26E1-4FE2-B57A-047AB8DF90EE.jpeg?fit=600%2C465\" src=\"https:\/\/i0.wp.com\/blogdalucianaoliveira.com.br\/blog\/wp-content\/uploads\/2021\/11\/EFE0690F-26E1-4FE2-B57A-047AB8DF90EE.jpeg?resize=600%2C465\" alt=\"\" class=\"wp-image-33146\" srcset=\"https:\/\/i0.wp.com\/blogdalucianaoliveira.com.br\/blog\/wp-content\/uploads\/2021\/11\/EFE0690F-26E1-4FE2-B57A-047AB8DF90EE.jpeg?w=680 680w, https:\/\/i0.wp.com\/blogdalucianaoliveira.com.br\/blog\/wp-content\/uploads\/2021\/11\/EFE0690F-26E1-4FE2-B57A-047AB8DF90EE.jpeg?resize=300%2C233 300w, https:\/\/i0.wp.com\/blogdalucianaoliveira.com.br\/blog\/wp-content\/uploads\/2021\/11\/EFE0690F-26E1-4FE2-B57A-047AB8DF90EE.jpeg?resize=387%2C300 387w\" sizes=\"auto, (max-width: 600px) 100vw, 600px\" \/><\/figure>\n\n\n\n<h4 class=\"wp-block-heading\">Express\u00e3o Rond\u00f4nia &#8211; MAB e grupo de mulheres ind\u00edgenas temem envenenamento, apelam a \u00f3rg\u00e3os ambientais e acionam o Minist\u00e9rio P\u00fablico Federal<\/h4>\n\n\n\n<!--more-->\n\n\n\n<p><strong>ROLIM DE MOURA \u2013 O aparecimento de peixes mortos boiando nas \u00e1guas do Rio Branco, na Terra Ind\u00edgena com o mesmo nome, na Zona da Mata de Rond\u00f4nia, est\u00e1 tirando o sono das comunidades ind\u00edgenas, popula\u00e7\u00f5es tradicionais e agricultores que vivem ao longo do leito do rio, entre Rolim de Moura e Alta Floresta d\u2019Oeste. O volume de esp\u00e9cies mortas entre a Aldeia Colorado, Aldeia Palhal, Morada Nova e Barranco Alto j\u00e1 teria ultrapassado cinco toneladas. S\u00e3o peixes pintado, pirara, arraia, tra\u00edra, tucunar\u00e9 e outros mais.<\/strong><\/p>\n\n\n\n<p>A den\u00fancia \u00e9 do Povo Makurap, da Aldeia Barranco Alto, e do coordenador estadual do Movimento dos Atingidos por Barragens, Oc\u00e9lio Muniz. A regi\u00e3o conhece a mortandade de peixes e r\u00e9pteis desde a d\u00e9cada anterior. A Funai j\u00e1 foi comunicada e o Minist\u00e9rio P\u00fablico Federal acionado.<\/p>\n\n\n\n<p>\u201cPrecisamos esclarecer a origem desse fen\u00f4meno\u201d, apelou Muniz. Ele pede urgentemente a\u00e7\u00f5es do Batalh\u00e3o de Pol\u00edcia Militar Ambiental, Secretaria de Estado do Desenvolvimento Ambiental (Sedam), Ibama e ICMBio.<\/p>\n\n\n\n<p>Para o vereador Dalto Tupari (PTB), de Alta Floresta d\u2019Oeste, \u00e9 urgente saber se houve ou n\u00e3o envenenamento das \u00e1guas do Rio Branco. \u201cEstamos com essa preocupa\u00e7\u00e3o h\u00e1 alguns anos, e nunca vimos tanta mortandade de peixe como acontece hoje\u201d, ele alertou.<\/p>\n\n\n\n<p>Os ind\u00edgenas est\u00e3o irritados com a situa\u00e7\u00e3o, pois, at\u00e9 o momento n\u00e3o houve qualquer autoriza\u00e7\u00e3o para o recolhimento de peixes ou das \u00e1guas, para exames de laborat\u00f3rio.Tocador de v\u00eddeo00:0000:52<\/p>\n\n\n\n<p>O grupo Cassol \u00e9 propriet\u00e1rio de oito pequenas centrais hidrel\u00e9tricas (PCHs) no Rio Branco. Para Oc\u00e9lio Muniz, uma das causas da mortandade de peixes pode ser a reten\u00e7\u00e3o da \u00e1gua e a falta de oxig\u00eanio para os cardumes. A possibilidade \u00e9 real. A Sedam envia t\u00e9cnico \u00e0 regi\u00e3o ainda hoje, 30.<\/p>\n\n\n\n<p>O fen\u00f4meno est\u00e1 ocorrendo durante o vigoramento da portaria do defeso, que abrange pescadores artesanais amadores, os quais, n\u00e3o depredam nem 10% do volume atualmente visto nas \u00e1guas do rio.<\/p>\n\n\n\n<p>O presidente da Aruana \u2013 A\u00e7\u00e3o Ambiental na Amaz\u00f4nia, Fabiano Gomes, tamb\u00e9m alerta \u00f3rg\u00e3os ambientais no estado para controlar a situa\u00e7\u00e3o de agress\u00f5es \u00e0s aguas e \u00e0 mata ciliar da regi\u00e3o.<\/p>\n\n\n\n<h3 class=\"wp-block-heading\"><strong>\u201cA situa\u00e7\u00e3o preocupa os povos Arikapu, Aru\u00e1, Diahoi, Kanoe, Kampe Tupari e Sakibiat\u201d<\/strong>, disse hoje, 30, a ambientalista Luzeny Amaral.<\/h3>\n\n\n\n<figure class=\"wp-block-image\"><img data-recalc-dims=\"1\" height=\"300\" width=\"276\" decoding=\"async\" src=\"https:\/\/i0.wp.com\/expressaorondonia.com.br\/wp-content\/uploads\/2021\/11\/luza-ama%25200014-276x300.jpg?resize=276%2C300&#038;ssl=1\" alt=\"\" class=\"wp-image-414461\"\/><figcaption><strong>Luzeny Amaral<\/strong><\/figcaption><\/figure>\n\n\n\n<p>O grupo de mulheres ind\u00edgenas da Terra Ind\u00edgena Rio Branco anunciou que encaminhar\u00e1 den\u00fancia oficial ao Minist\u00e9rio P\u00fablico, a fim de obter urgentes provid\u00eancias, entre as quais, o exame da \u00e1gua e dos peixes mortos.<\/p>\n\n\n\n<p>A Sedam possui em Porto Velho, na Estrada de Santo Ant\u00f4nio, um laborat\u00f3rio que estuda e informa a qualidade da \u00e1gua em diversas regi\u00f5es de Rond\u00f4nia. A professora C\u00edntia Lauxen, de Rolim de Moura, est\u00e1 organizando o pedido de an\u00e1lises da situa\u00e7\u00e3o \u201cin loco\u201d, informou Luzeny Amaral.<\/p>\n\n\n\n<p>Anteriormente, conforme relatam, houve coletas de \u00e1gua do rio a pedido do pessoal das PCHs do grupo Cassol, mas nenhuma resposta das an\u00e1lises chegou ao conhecimento deles.<\/p>\n\n\n\n<p>O rio exala um odor f\u00e9tido, ela conta. E acrescenta: \u201cPrecisam descobrir o que \u00e9, porque as pessoas comem os peixes e, se se for comprovado isso, elas est\u00e3o sujeitas a contamina\u00e7\u00e3o, isso \u00e9 muito s\u00e9rio\u201d.<\/p>\n\n\n\n<h3 class=\"wp-block-heading\"><strong>Rio Bambu contaminado em 2010<\/strong><\/h3>\n\n\n\n<p>Em 2010, no Rio Bambu, a polui\u00e7\u00e3o foi grave. Agravado por friagem, o inflam\u00e1vel g\u00e1s sulf\u00eddrico (H<sub>2<\/sub>S) causou a mortandade de peixes, r\u00e9pteis e anf\u00edbios nesse rio, um dos principais afluentes do Rio S\u00e3o Pedro, em Rolim de Moura, a 500 quil\u00f4metros de Porto Velho. A nascente dele fica no munic\u00edpio de Santa Luzia do Oeste.<\/p>\n\n\n\n<p>Na an\u00e1lise de pH e oxig\u00eanio da \u00e1gua coletada do rio encontrou-se um valor de sulfeto acima do recomendado pela Resolu\u00e7\u00e3o n\u00ba 357 do Conselho Nacional do Meio Ambiente (Conama), disse naquela ocasi\u00e3o a nota t\u00e9cnica redigida pela Divis\u00e3o de Recursos Pesqueiros da Coordenadoria do Meio F\u00edsico da Sedam.<\/p>\n\n\n\n<p>O pH expressa a intensidade da condi\u00e7\u00e3o \u00e1cida ou b\u00e1sica de um determinado meio. A resolu\u00e7\u00e3o do Conama estabelece os par\u00e2metros da qualidade de \u00e1gua doce tipo 1. \u201cO sulfeto, quando solubilizado em \u00e1gua \u00e9 chamado de g\u00e1s sulf\u00eddrico, incolor, com odor caracter\u00edstico a ovo podre. \u00c9 produto de dejetos animais e humanos\u201d, afirmava o relat\u00f3rio.<\/p>\n\n\n\n<div class=\"wp-block-image\"><figure class=\"aligncenter\"><img data-recalc-dims=\"1\" decoding=\"async\" src=\"https:\/\/i0.wp.com\/expressaorondonia.com.br\/wp-content\/uploads\/2021\/11\/peixes-m%25201229.jpg?w=600&#038;ssl=1\" alt=\"\" class=\"wp-image-414432\"\/><\/figure><\/div>\n\n\n\n<p>As lideran\u00e7as est\u00e3o exigindo que o Comit\u00ea do Rio Branco apresente relat\u00f3rio das atividades realizadas na primeira gest\u00e3o.<\/p>\n","protected":false},"excerpt":{"rendered":"<p>Express\u00e3o Rond\u00f4nia &#8211; MAB e grupo de mulheres ind\u00edgenas temem envenenamento, apelam a \u00f3rg\u00e3os ambientais e acionam o Minist\u00e9rio P\u00fablico Federal<\/p>\n","protected":false},"author":1,"featured_media":0,"comment_status":"closed","ping_status":"open","sticky":false,"template":"","format":"standard","meta":{"_exactmetrics_skip_tracking":false,"_exactmetrics_sitenote_active":false,"_exactmetrics_sitenote_note":"","_exactmetrics_sitenote_category":0,"jetpack_post_was_ever_published":false,"_jetpack_newsletter_access":"","_jetpack_dont_email_post_to_subs":false,"_jetpack_newsletter_tier_id":0,"_jetpack_memberships_contains_paywalled_content":false,"_jetpack_memberships_contains_paid_content":false,"footnotes":"","jetpack_publicize_message":"","jetpack_publicize_feature_enabled":true,"jetpack_social_post_already_shared":true,"jetpack_social_options":{"image_generator_settings":{"template":"highway","enabled":false},"version":2}},"categories":[1],"tags":[237,634,633],"class_list":["post-33145","post","type-post","status-publish","format-standard","hentry","category-notas","tag-cassol","tag-imdigebas","tag-peixes"],"jetpack_publicize_connections":[],"jetpack_sharing_enabled":true,"jetpack_featured_media_url":"","jetpack_shortlink":"https:\/\/wp.me\/p7wKYW-8CB","jetpack-related-posts":[],"_links":{"self":[{"href":"http:\/\/blogdalucianaoliveira.com.br\/blog\/wp-json\/wp\/v2\/posts\/33145","targetHints":{"allow":["GET"]}}],"collection":[{"href":"http:\/\/blogdalucianaoliveira.com.br\/blog\/wp-json\/wp\/v2\/posts"}],"about":[{"href":"http:\/\/blogdalucianaoliveira.com.br\/blog\/wp-json\/wp\/v2\/types\/post"}],"author":[{"embeddable":true,"href":"http:\/\/blogdalucianaoliveira.com.br\/blog\/wp-json\/wp\/v2\/users\/1"}],"replies":[{"embeddable":true,"href":"http:\/\/blogdalucianaoliveira.com.br\/blog\/wp-json\/wp\/v2\/comments?post=33145"}],"version-history":[{"count":1,"href":"http:\/\/blogdalucianaoliveira.com.br\/blog\/wp-json\/wp\/v2\/posts\/33145\/revisions"}],"predecessor-version":[{"id":33147,"href":"http:\/\/blogdalucianaoliveira.com.br\/blog\/wp-json\/wp\/v2\/posts\/33145\/revisions\/33147"}],"wp:attachment":[{"href":"http:\/\/blogdalucianaoliveira.com.br\/blog\/wp-json\/wp\/v2\/media?parent=33145"}],"wp:term":[{"taxonomy":"category","embeddable":true,"href":"http:\/\/blogdalucianaoliveira.com.br\/blog\/wp-json\/wp\/v2\/categories?post=33145"},{"taxonomy":"post_tag","embeddable":true,"href":"http:\/\/blogdalucianaoliveira.com.br\/blog\/wp-json\/wp\/v2\/tags?post=33145"}],"curies":[{"name":"wp","href":"https:\/\/api.w.org\/{rel}","templated":true}]}}