{"id":33148,"date":"2021-11-30T18:20:38","date_gmt":"2021-11-30T22:20:38","guid":{"rendered":"http:\/\/blogdalucianaoliveira.com.br\/blog\/?p=33148"},"modified":"2021-11-30T18:20:42","modified_gmt":"2021-11-30T22:20:42","slug":"epidemiologistas-cobram-governo-por-mas-acoes-e-omissoes-na-pandemia","status":"publish","type":"post","link":"http:\/\/blogdalucianaoliveira.com.br\/blog\/2021\/11\/30\/epidemiologistas-cobram-governo-por-mas-acoes-e-omissoes-na-pandemia\/","title":{"rendered":"Epidemiologistas cobram governo por m\u00e1s a\u00e7\u00f5es e omiss\u00f5es na pandemia"},"content":{"rendered":"\n<figure class=\"wp-block-image\"><img data-recalc-dims=\"1\" decoding=\"async\" src=\"https:\/\/i0.wp.com\/www.abrasco.org.br\/site\/wp-content\/uploads\/2021\/11\/carta-final_epi21.png?w=600&#038;ssl=1\" alt=\"\"\/><\/figure>\n\n\n\n<p>&#8220;Muitas mortes poderiam ter sido evitadas e muitas fam\u00edlias foram destro\u00e7adas. Estudos brasileiros comprovam que, al\u00e9m do boicote \u00e0s pr\u00e1ticas de preven\u00e7\u00e3o, o chefe da na\u00e7\u00e3o, ativamente, concorreu para a dissemina\u00e7\u00e3o da pandemia no pa\u00eds&#8221;, escrevem os&nbsp;epidemiologistas em carta&nbsp;publicada no&nbsp;<a href=\"https:\/\/www.ihu.unisinos.br\/78-noticias\/605000-saude-publica-nao-e-custo-mas-sim-investimento-em-estabilidade-social-politica-e-economica\" target=\"_blank\" rel=\"noreferrer noopener\">11\u00ba Congresso Brasileiro de Epidemiologia da ABRASCO<\/a><strong>.<\/strong>&nbsp;<\/p>\n\n\n\n<!--more-->\n\n\n\n<p>Humanitas Unisinos &#8211; A carta foi publicada pelo portal da\u00a0<strong>Associa\u00e7\u00e3o Brasileira Coletiva de Sa\u00fade &#8211; ABRASCO<\/strong>, 29-11-2021.<\/p>\n\n\n\n<h3 class=\"wp-block-heading\"><strong>Eis a carta.<\/strong><\/h3>\n\n\n\n<p>N\u00f3s epidemiologistas, profissionais da sa\u00fade, estudantes de gradua\u00e7\u00e3o e p\u00f3s-gradua\u00e7\u00e3o, reunidos no&nbsp;<a href=\"https:\/\/www.ihu.unisinos.br\/614755-a-epidemiologia-precisa-de-humildade-epistemica-e-compaixao-radical\" target=\"_blank\" rel=\"noreferrer noopener\">11\u00ba Congresso Brasileiro de Epidemiologia da ABRASCO<\/a>, vimos, atrav\u00e9s desta carta, denunciar as s\u00e9rias condi\u00e7\u00f5es socioecon\u00f4micas e de sa\u00fade que, agravadas pela&nbsp;<strong>pandemia de COVID-19<\/strong>&nbsp;e pelas pol\u00edticas de austeridade econ\u00f4mica, t\u00eam levado a um imenso sofrimento da nossa popula\u00e7\u00e3o.<\/p>\n\n\n\n<p>A&nbsp;<strong>COVID-19<\/strong>&nbsp;deixou um rastro de milh\u00f5es de casos e de milhares de mortos no Brasil. Nos \u00faltimos dois anos nosso pa\u00eds sofreu enormes transforma\u00e7\u00f5es que promoveram mudan\u00e7as marcantes na vida dos brasileiros. O&nbsp;<strong>Brasil<\/strong>&nbsp;registrou o segundo maior n\u00famero de mortes por<strong>&nbsp;COVID-19<\/strong>&nbsp;no mundo, atr\u00e1s apenas dos&nbsp;<strong>EUA<\/strong>. A pol\u00edtica de enfrentamento \u00e0 epidemia por parte do governo federal foi catastr\u00f3fica! Agora, nos confrontamos com um enorme decl\u00ednio econ\u00f4mico, a volta da fome, aumento desastroso do desemprego, e um cen\u00e1rio de ataques \u00e0 ci\u00eancia e \u00e0 educa\u00e7\u00e3o.<\/p>\n\n\n\n<p>\u00c9 sabido que a ocorr\u00eancia de pandemias\/epidemias como a<strong>&nbsp;COVID-19<\/strong>,&nbsp;<strong>AIDS<\/strong>,&nbsp;<strong>MERS<\/strong>,&nbsp;<strong>SARS<\/strong>,&nbsp;<strong>ZIKA<\/strong>,&nbsp;<strong>CHIKUNGUNYA<\/strong>, entre outras, s\u00e3o consequ\u00eancias da maior degrada\u00e7\u00e3o ambiental ocorrida em nosso planeta nas \u00faltimas d\u00e9cadas. O Brasil, ao inv\u00e9s de reduzir seus ataques \u00e0s nossas matas, tem promovido uma das maiores devasta\u00e7\u00f5es da floresta amaz\u00f4nica e do cerrado deste s\u00e9culo. Facilitou a \u201cpassagem da boiada\u201d permitindo que grileiros, garimpeiros, madeireiros ilegais e assassinos de ind\u00edgenas praticassem seus crimes livremente. O garimpo afetou gravemente as popula\u00e7\u00f5es ind\u00edgenas, destruindo suas reservas e envenenando seus rios e seus peixes, e levou o coronav\u00edrus para estas comunidades que, como consequ\u00eancia, tiveram as maiores taxas de mortalidade do pa\u00eds.<\/p>\n\n\n\n<p>Desde que a pandemia se instalou no pa\u00eds, o&nbsp;<strong>Minist\u00e9rio da Sa\u00fade<\/strong>&nbsp;do Brasil teve quatro diferentes ministros, nenhum dois quais foi capaz de liderar o processo de mitiga\u00e7\u00e3o da&nbsp;<strong>COVID-19<\/strong>. Muitas mortes poderiam ter sido evitadas e muitas fam\u00edlias foram destro\u00e7adas. Estudos brasileiros comprovam que, al\u00e9m do boicote \u00e0s pr\u00e1ticas de preven\u00e7\u00e3o, o chefe da na\u00e7\u00e3o, ativamente, concorreu para a dissemina\u00e7\u00e3o da pandemia no pa\u00eds: rejeitou a gravidade do v\u00edrus, n\u00e3o providenciou testes, n\u00e3o organizou a aten\u00e7\u00e3o b\u00e1sica na pandemia, criou crises diplom\u00e1ticas que interferiram na aquisi\u00e7\u00e3o das vacinas, incentivou o uso de medicamentos sem efic\u00e1cia cient\u00edfica comprovada e tentou impedir a implementa\u00e7\u00e3o de medidas n\u00e3o farmac\u00eauticas pelos governadores e prefeitos, permitindo que o&nbsp;<a href=\"https:\/\/www.ihu.unisinos.br\/78-noticias\/597349-o-sarscov2-mudou\" target=\"_blank\" rel=\"noreferrer noopener\">SARS-CoV-2<\/a>&nbsp;se disseminasse por todo o pa\u00eds. Os maiores afetados por esta a\u00e7\u00e3o deliberada foram os&nbsp;<strong>idosos<\/strong>, os&nbsp;<strong>negros<\/strong>, as&nbsp;<strong>popula\u00e7\u00f5es ind\u00edgenas<\/strong>, as&nbsp;<strong>comunidades quilombolas<\/strong>&nbsp;e todos aqueles que vivem em maior vulnerabilidade.<\/p>\n\n\n\n<p>Apesar de toda a in\u00e9pcia, depois de um retardo de seis meses, as vacinas chegaram ao pa\u00eds, mas n\u00e3o na quantidade suficiente. Com isto, a vacina\u00e7\u00e3o avan\u00e7ou gra\u00e7as \u00e0 resposta do&nbsp;<strong>Programa Nacional de Imuniza\u00e7\u00f5es<\/strong>&nbsp;(<strong>PNI<\/strong>) que, apesar de sua desestrutura\u00e7\u00e3o central, mostrou sua presen\u00e7a e capilaridade nos estados e munic\u00edpios. Entre atrasos, erros e suspeitas de corrup\u00e7\u00e3o investigadas pela&nbsp;<strong>Comiss\u00e3o Parlamentar de Inqu\u00e9rito<\/strong>&nbsp;(<strong>CPI<\/strong>) da&nbsp;<strong>COVID-19<\/strong>&nbsp;no&nbsp;<strong>Senado<\/strong>&nbsp;<strong>Federal<\/strong>, cerca de 60% dos brasileiros j\u00e1 receberam as duas doses de imunizantes ou a dose \u00fanica, ultrapassando os EUA. As coberturas alcan\u00e7adas no Brasil contrastam com a forma premeditadamente err\u00e1tica com que o presidente&nbsp;<strong>Bolsonaro<\/strong>&nbsp;lidou com a pandemia. Relembram e refor\u00e7am a extens\u00e3o da confian\u00e7a que n\u00f3s brasileiros temos no nosso robusto sistema de sa\u00fade p\u00fablico \u2013 o&nbsp;<strong>SUS<\/strong>, e no hist\u00f3rico de sucesso e de respostas r\u00e1pidas a crises que muitas vezes conseguimos dar. Vencemos a&nbsp;<strong>p\u00f3lio<\/strong>, o&nbsp;<strong>sarampo<\/strong>, o&nbsp;<strong>H1N1<\/strong>, nosso&nbsp;<strong>Programa Nacional de Controle da epidemia de HIV\/Aids<\/strong>&nbsp;foi considerado um modelo mundial, nossos esfor\u00e7os na redu\u00e7\u00e3o da mortalidade infantil e mortalidade materna e em in\u00fameras outras a\u00e7\u00f5es que, mesmo com reveses e dificuldades enormes, nos enchem de orgulho. Todos sabemos que a pandemia seria ainda muito mais devastadora se n\u00e3o tiv\u00e9ssemos o&nbsp;<strong>SUS<\/strong>.<\/p>\n\n\n\n<p>Nossos desafios, contudo, ainda s\u00e3o enormes. Mais de 20 milh\u00f5es de brasileiros com a primeira dose, ainda n\u00e3o tomaram a segunda dose e n\u00e3o est\u00e3o, portanto, adequadamente protegidos. \u00c9 urgente que os gestores de sa\u00fade promovam as condi\u00e7\u00f5es para que o&nbsp;<strong>SUS<\/strong>&nbsp;fa\u00e7a a busca ativa destas pessoas, e v\u00e1rios munic\u00edpios mostraram que isto \u00e9 poss\u00edvel.<\/p>\n\n\n\n<p>Real\u00e7amos, contudo, que mesmo depois de atingirmos o controle da pandemia, o&nbsp;<strong>SUS<\/strong>, cronicamente subfinanciado, continuar\u00e1 sobrecarregado, lidando com as demandas de sa\u00fade represadas e com as sequelas da&nbsp;<strong>COVID-19<\/strong>. Por isto, nossa luta pela revoga\u00e7\u00e3o da&nbsp;<strong>Emenda Constitucional 95<\/strong>&nbsp;que congelou os gastos p\u00fablicos precisa ser incessante. Com todos os ataques, o&nbsp;<strong>SUS<\/strong>&nbsp;foi efetivo em garantir que a vacina\u00e7\u00e3o chegasse em todos os pontos do pa\u00eds. A pequenez do atual governo ficar\u00e1 na sombra da grandeza do nosso&nbsp;<strong>SUS<\/strong>.<\/p>\n\n\n\n<p>N\u00e3o podemos esquecer de que a pandemia nos atingiu em meio a uma crise pol\u00edtica e econ\u00f4mica imposta sobre o nosso pa\u00eds com o golpe parlamentar de 2016 aprofundada pelas desigualdades j\u00e1 existentes. O Atlas das situa\u00e7\u00f5es alimentares no Brasil deixa claro que no per\u00edodo entre 2004 e 2013 a fome e o risco de&nbsp;<strong>fome<\/strong>&nbsp;apresentaram uma tend\u00eancia de queda, enquanto que entre 2017-2018 se observa um aumento dessas duas situa\u00e7\u00f5es que se agravaram mais recentemente.<\/p>\n\n\n\n<p>A alta vulnerabilidade em que se encontram diversos segmentos de trabalhadores ocupa centralidade no Brasil. As dificuldades quanto \u00e0 garantia do emprego e da sobreviv\u00eancia, marcam o atual momento hist\u00f3rico no pa\u00eds. A remo\u00e7\u00e3o de direitos e garantias sociais pela reforma trabalhista de 2017 ampliou as desigualdades e repercuss\u00f5es da atual crise sanit\u00e1ria. Como consequ\u00eancia, muitos trabalhadores n\u00e3o puderam atender \u00e0s recomenda\u00e7\u00f5es de distanciamento f\u00edsico para conten\u00e7\u00e3o da&nbsp;<a href=\"https:\/\/www.ihu.unisinos.br\/78-noticias\/606920-covid-19-a-sociedade-esta-em-xeque-total-estamos-a-beira-do-colapso-nos-proximos-dias\" target=\"_blank\" rel=\"noreferrer noopener\">COVID-19<\/a>. Exclu\u00eddos do mercado formal de trabalho passaram a depender de programas tempor\u00e1rios e insuficientes de transfer\u00eancia de renda e muitos engrossaram a multid\u00e3o daqueles vivendo em situa\u00e7\u00f5es extremas de inseguran\u00e7a alimentar, sem saber se ou quando v\u00e3o poder comer.<\/p>\n\n\n\n<p>Hoje, se de um lado temos fam\u00edlias desesperadas, buscando restos de alimentos no lixo ou comprando ossos para cozinhar; temos cerca de 15 milh\u00f5es de desempregados no pa\u00eds; mais uns 50 milh\u00f5es em trabalhos informais e outros novos empregos com sal\u00e1rios menores, de outro lado, assistimos \u00e0 concentra\u00e7\u00e3o de renda ser incrementada durante a pandemia: 1% dos brasileiros mais ricos se tornaram donos de metade das riquezas do pa\u00eds. S\u00e3o tristes recordes que o Brasil insiste em ostentar, refor\u00e7ando aquilo que h\u00e1 de pior da desigualdade social.<\/p>\n\n\n\n<p>N\u00e3o colher, esconder e manipular dados virou especialidade deste governo.&nbsp;<strong>Bolsonaro<\/strong>&nbsp;tentou substituir o sistema de medi\u00e7\u00e3o de desmatamento da Floresta Amaz\u00f4nica para omitir os dados corretos. Enquanto seu ministro do Ambiente assinava compromissos na recente reuni\u00e3o da&nbsp;<a href=\"https:\/\/www.ihu.unisinos.br\/78-noticias\/614151-vinte-e-seis-palavras-para-entender-a-cop26\" target=\"_blank\" rel=\"noreferrer noopener\">COP26<\/a>, o pa\u00eds registrava desmatamento recorde e atrasou a divulga\u00e7\u00e3o de dados do monitoramento do desmatamento do<strong>&nbsp;Instituto Nacional de Pesquisa Espacial<\/strong>&nbsp;(<strong>INPE<\/strong>). Na sa\u00fade, em meio \u00e0 pandemia, em meados de 2020, o<strong>&nbsp;Minist\u00e9rio da Sa\u00fade<\/strong>&nbsp;ocultou o n\u00famero total de infectados pelo&nbsp;<strong>SARS-CoV-2<\/strong>&nbsp;e o acumulado de \u00f3bitos no pa\u00eds, tentando apagar o efeito desastroso de sua estrat\u00e9gia de deixar a transmiss\u00e3o do v\u00edrus circular livremente entre os brasileiros. Com o&nbsp;<strong>Censo Demogr\u00e1fico de 2021<\/strong>&nbsp;persegue a mesma estrat\u00e9gia. O que foi dificultado pela pandemia em 2020, agora \u00e9 adiado para 2022, sob alega\u00e7\u00e3o de falta de verba. A pesquisa, principal instrumento para a formula\u00e7\u00e3o de pol\u00edticas p\u00fablicas nas \u00e1reas da sa\u00fade, educa\u00e7\u00e3o e situa\u00e7\u00e3o das desigualdades, e que deveria ser realizada a cada 10 anos, n\u00e3o poder\u00e1 revelar o panorama dram\u00e1tico resultante da crise econ\u00f4mica e social p\u00f3s pandemia na popula\u00e7\u00e3o brasileira e o papel do governo.<\/p>\n\n\n\n<p>Na educa\u00e7\u00e3o o caos n\u00e3o foi menor. Os ataques do governo \u00e0 ci\u00eancia, \u00e0s universidades e \u00e0s ag\u00eancias de fomento \u00e0 pesquisa s\u00e3o impiedosos. Os or\u00e7amentos da&nbsp;<strong>Capes<\/strong>&nbsp;e do&nbsp;<strong>CNPq<\/strong>&nbsp;ca\u00edram 73% desde 2015, e juntas, estas duas ag\u00eancias tiveram uma redu\u00e7\u00e3o real de quase 10 bilh\u00f5es de reais em seus or\u00e7amentos. O or\u00e7amento de 2021 \u00e9 quase \u00bc daquele de 2015. O&nbsp;<strong>Enem<\/strong>, exame que democratizou o acesso \u00e0s universidades brasileiras, foi o mais excludente, com o menor n\u00famero de inscri\u00e7\u00f5es, implicando em uma maior exclus\u00e3o de estudantes de escola p\u00fablica e de estudantes negros no ensino universit\u00e1rio.<\/p>\n\n\n\n<p>Atrav\u00e9s de nossa entidade, a&nbsp;<strong>Associa\u00e7\u00e3o Brasileira de Sa\u00fade Coletiva<\/strong>&nbsp;(<strong>ABRASCO<\/strong>), que agrega pesquisadores, profissionais e estudantes das diversas \u00e1reas da sa\u00fade coletiva, nos mobilizamos e juntamente com outras entidades de sa\u00fade e com o&nbsp;<strong>Conselho Nacional de Sa\u00fade<\/strong>&nbsp;elaboramos um&nbsp;<strong>Plano de Enfrentamento \u00e0 COVID-19<\/strong>, que foi lan\u00e7ado publicamente em ato pol\u00edtico no dia 3 de julho 2020 com a participa\u00e7\u00e3o de muitas entidades, movimentos e parlamentares e no dia 28 de julho 2020 foi entregue ao&nbsp;<strong>Minist\u00e9rio da Sa\u00fade<\/strong>. Neste plano, analisamos a situa\u00e7\u00e3o da pandemia e todas as suas consequ\u00eancias e apresentamos recomenda\u00e7\u00f5es para autoridades pol\u00edticas, sanit\u00e1rias, gestores e sociedade em geral.<\/p>\n\n\n\n<p>Neste congresso temas altamente relevantes sobre a sa\u00fade no Brasil foram amplamente apresentados e discutidos com participa\u00e7\u00e3o de importantes nomes da comunidade cient\u00edfica brasileira e internacional. Debatemos exaustivamente a situa\u00e7\u00e3o da pandemia de&nbsp;<strong>COVID<\/strong>&#8211;<strong>19<\/strong>&nbsp;e \u00e9 nosso dever e compromisso colocar nosso conhecimento e nossa experi\u00eancia a favor da defesa da vida e da sa\u00fade dos brasileiros.<\/p>\n\n\n\n<p>Temos a certeza que a sa\u00edda da atual&nbsp;<strong>crise sanit\u00e1ria<\/strong>&nbsp;dever\u00e1 ser de forma coletiva. \u00c9 urgente fortalecer o&nbsp;<strong>SUS<\/strong>&nbsp;para que ele possa responder aos desafios atuais e futuros, assim como defender, de forma incondicional, todas as institui\u00e7\u00f5es brasileiras de ensino e pesquisa. Nosso compromisso \u00e9 com a diminui\u00e7\u00e3o das desigualdades e com a garantia de acesso universal e p\u00fablico \u00e0s a\u00e7\u00f5es de sa\u00fade e \u00e0 educa\u00e7\u00e3o. Assim sendo, apelamos para que toda a popula\u00e7\u00e3o entenda que a pandemia de&nbsp;<strong>COVID<\/strong>&#8211;<strong>19<\/strong>&nbsp;n\u00e3o terminou, \u00e9 necess\u00e1rio que todos tenham acesso a vacina\u00e7\u00e3o completa e que sigam as medidas de sa\u00fade p\u00fablica que h\u00e1 quase dois anos repetimos em todos os espa\u00e7os insistentemente: m\u00e1scaras, distanciamento f\u00edsico e evitar aglomera\u00e7\u00f5es. \u00c9 nossa responsabilidade exigir que o governo federal cumpra seu dever de garantir sa\u00fade e educa\u00e7\u00e3o para todos, direitos conquistados em nossa Constitui\u00e7\u00e3o Federal.<\/p>\n\n\n\n<p>Nos solidarizamos com todas as fam\u00edlias que perderam seus entes queridos e conclamamos todas e todos para se somarem \u00e0 luta em defesa da vida, da democracia e do&nbsp;<strong>SUS<\/strong>. Continuamos firmemente trabalhando e contribuindo para a supera\u00e7\u00e3o desta que \u00e9 a mais grave crise deste s\u00e9culo. Viva o&nbsp;<strong>SUS<\/strong>!<br><\/p>\n\n\n\n<p><br><\/p>\n","protected":false},"excerpt":{"rendered":"<p>&#8220;Muitas mortes poderiam ter sido evitadas e muitas fam\u00edlias foram destro\u00e7adas. Estudos brasileiros comprovam que, al\u00e9m do boicote \u00e0s pr\u00e1ticas de preven\u00e7\u00e3o, o chefe da na\u00e7\u00e3o, ativamente, concorreu para a dissemina\u00e7\u00e3o da pandemia no pa\u00eds&#8221;, escrevem os&nbsp;epidemiologistas em carta&nbsp;publicada no&nbsp;11\u00ba Congresso Brasileiro de Epidemiologia da ABRASCO.&nbsp;<\/p>\n","protected":false},"author":1,"featured_media":0,"comment_status":"closed","ping_status":"open","sticky":false,"template":"","format":"standard","meta":{"_exactmetrics_skip_tracking":false,"_exactmetrics_sitenote_active":false,"_exactmetrics_sitenote_note":"","_exactmetrics_sitenote_category":0,"jetpack_post_was_ever_published":false,"_jetpack_newsletter_access":"","_jetpack_dont_email_post_to_subs":false,"_jetpack_newsletter_tier_id":0,"_jetpack_memberships_contains_paywalled_content":false,"_jetpack_memberships_contains_paid_content":false,"footnotes":"","jetpack_publicize_message":"","jetpack_publicize_feature_enabled":true,"jetpack_social_post_already_shared":true,"jetpack_social_options":{"image_generator_settings":{"template":"highway","enabled":false},"version":2}},"categories":[1],"tags":[],"class_list":["post-33148","post","type-post","status-publish","format-standard","hentry","category-notas"],"jetpack_publicize_connections":[],"jetpack_sharing_enabled":true,"jetpack_featured_media_url":"","jetpack_shortlink":"https:\/\/wp.me\/p7wKYW-8CE","jetpack-related-posts":[],"_links":{"self":[{"href":"http:\/\/blogdalucianaoliveira.com.br\/blog\/wp-json\/wp\/v2\/posts\/33148","targetHints":{"allow":["GET"]}}],"collection":[{"href":"http:\/\/blogdalucianaoliveira.com.br\/blog\/wp-json\/wp\/v2\/posts"}],"about":[{"href":"http:\/\/blogdalucianaoliveira.com.br\/blog\/wp-json\/wp\/v2\/types\/post"}],"author":[{"embeddable":true,"href":"http:\/\/blogdalucianaoliveira.com.br\/blog\/wp-json\/wp\/v2\/users\/1"}],"replies":[{"embeddable":true,"href":"http:\/\/blogdalucianaoliveira.com.br\/blog\/wp-json\/wp\/v2\/comments?post=33148"}],"version-history":[{"count":1,"href":"http:\/\/blogdalucianaoliveira.com.br\/blog\/wp-json\/wp\/v2\/posts\/33148\/revisions"}],"predecessor-version":[{"id":33149,"href":"http:\/\/blogdalucianaoliveira.com.br\/blog\/wp-json\/wp\/v2\/posts\/33148\/revisions\/33149"}],"wp:attachment":[{"href":"http:\/\/blogdalucianaoliveira.com.br\/blog\/wp-json\/wp\/v2\/media?parent=33148"}],"wp:term":[{"taxonomy":"category","embeddable":true,"href":"http:\/\/blogdalucianaoliveira.com.br\/blog\/wp-json\/wp\/v2\/categories?post=33148"},{"taxonomy":"post_tag","embeddable":true,"href":"http:\/\/blogdalucianaoliveira.com.br\/blog\/wp-json\/wp\/v2\/tags?post=33148"}],"curies":[{"name":"wp","href":"https:\/\/api.w.org\/{rel}","templated":true}]}}