{"id":33155,"date":"2021-12-02T08:59:39","date_gmt":"2021-12-02T12:59:39","guid":{"rendered":"http:\/\/blogdalucianaoliveira.com.br\/blog\/?p=33155"},"modified":"2021-12-02T08:59:43","modified_gmt":"2021-12-02T12:59:43","slug":"parte-1-o-mst-e-a-reforma-agraria-popular","status":"publish","type":"post","link":"http:\/\/blogdalucianaoliveira.com.br\/blog\/2021\/12\/02\/parte-1-o-mst-e-a-reforma-agraria-popular\/","title":{"rendered":"Parte 1 : O MST e a Reforma Agr\u00e1ria Popular"},"content":{"rendered":"\n<figure class=\"wp-block-image size-large\"><img loading=\"lazy\" decoding=\"async\" width=\"1280\" height=\"720\" data-attachment-id=\"33156\" data-permalink=\"http:\/\/blogdalucianaoliveira.com.br\/blog\/2021\/12\/02\/parte-1-o-mst-e-a-reforma-agraria-popular\/5699e398-e1f9-43fb-89b9-8d403ce78890\/\" data-orig-file=\"https:\/\/i0.wp.com\/blogdalucianaoliveira.com.br\/blog\/wp-content\/uploads\/2021\/12\/5699E398-E1F9-43FB-89B9-8D403CE78890.jpeg?fit=1280%2C720\" data-orig-size=\"1280,720\" data-comments-opened=\"0\" data-image-meta=\"{&quot;aperture&quot;:&quot;0&quot;,&quot;credit&quot;:&quot;&quot;,&quot;camera&quot;:&quot;&quot;,&quot;caption&quot;:&quot;&quot;,&quot;created_timestamp&quot;:&quot;0&quot;,&quot;copyright&quot;:&quot;&quot;,&quot;focal_length&quot;:&quot;0&quot;,&quot;iso&quot;:&quot;0&quot;,&quot;shutter_speed&quot;:&quot;0&quot;,&quot;title&quot;:&quot;&quot;,&quot;orientation&quot;:&quot;0&quot;}\" data-image-title=\"5699E398-E1F9-43FB-89B9-8D403CE78890\" data-image-description=\"\" data-image-caption=\"\" data-medium-file=\"https:\/\/i0.wp.com\/blogdalucianaoliveira.com.br\/blog\/wp-content\/uploads\/2021\/12\/5699E398-E1F9-43FB-89B9-8D403CE78890.jpeg?fit=300%2C169\" data-large-file=\"https:\/\/i0.wp.com\/blogdalucianaoliveira.com.br\/blog\/wp-content\/uploads\/2021\/12\/5699E398-E1F9-43FB-89B9-8D403CE78890.jpeg?fit=600%2C338\" src=\"https:\/\/i0.wp.com\/blogdalucianaoliveira.com.br\/blog\/wp-content\/uploads\/2021\/12\/5699E398-E1F9-43FB-89B9-8D403CE78890.jpeg?fit=600%2C338\" alt=\"\" class=\"wp-image-33156\" srcset=\"https:\/\/i0.wp.com\/blogdalucianaoliveira.com.br\/blog\/wp-content\/uploads\/2021\/12\/5699E398-E1F9-43FB-89B9-8D403CE78890.jpeg?w=1280 1280w, https:\/\/i0.wp.com\/blogdalucianaoliveira.com.br\/blog\/wp-content\/uploads\/2021\/12\/5699E398-E1F9-43FB-89B9-8D403CE78890.jpeg?resize=300%2C169 300w, https:\/\/i0.wp.com\/blogdalucianaoliveira.com.br\/blog\/wp-content\/uploads\/2021\/12\/5699E398-E1F9-43FB-89B9-8D403CE78890.jpeg?resize=1024%2C576 1024w, https:\/\/i0.wp.com\/blogdalucianaoliveira.com.br\/blog\/wp-content\/uploads\/2021\/12\/5699E398-E1F9-43FB-89B9-8D403CE78890.jpeg?resize=768%2C432 768w, https:\/\/i0.wp.com\/blogdalucianaoliveira.com.br\/blog\/wp-content\/uploads\/2021\/12\/5699E398-E1F9-43FB-89B9-8D403CE78890.jpeg?resize=533%2C300 533w, https:\/\/i0.wp.com\/blogdalucianaoliveira.com.br\/blog\/wp-content\/uploads\/2021\/12\/5699E398-E1F9-43FB-89B9-8D403CE78890.jpeg?w=1200 1200w\" sizes=\"auto, (max-width: 600px) 100vw, 600px\" \/><\/figure>\n\n\n\n<p><strong>Brasil 247, por Luciana Oliveira<\/strong> &#8211; A s\u00e9rie O MST e a Reforma Agr\u00e1ria Popular, produzida pelo Brasil 247, vai mostrar assentamentos modelo em Rond\u00f4nia.<\/p>\n\n\n\n<p>S\u00e3o  tr\u00eas assentamentos na regi\u00e3o central do estado onde h\u00e1 fartura de organiza\u00e7\u00e3o, educa\u00e7\u00e3o e produ\u00e7\u00e3o. <\/p>\n\n\n\n<!--more-->\n\n\n\n<p>A \u00e1rea altamente produtiva onde vivem cerca de mil fam\u00edlias j\u00e1 esteve nas m\u00e3os de um fazendeiro. <\/p>\n\n\n\n<p>Essa s\u00e9rie de reportagens \u00e9 sobre os bons frutos que a reforma agr\u00e1ria d\u00e1. <\/p>\n\n\n\n<p>A primeira reportagem destaca o poder transformador da educa\u00e7\u00e3o nos assentamentos Palmares, Margarida Alves e Padre Ezequiel. <br><\/p>\n\n\n\n<p>assista: <\/p>\n\n\n\n<figure class=\"wp-block-embed-youtube wp-block-embed is-type-video is-provider-youtube wp-embed-aspect-16-9 wp-has-aspect-ratio\"><div class=\"wp-block-embed__wrapper\">\n<div class=\"jetpack-video-wrapper\"><iframe loading=\"lazy\" title=\"O MST e a reforma agr\u00e1ria popular: o valor da educa\u00e7\u00e3o\" width=\"600\" height=\"338\" src=\"https:\/\/www.youtube.com\/embed\/adhFqvXarpg?feature=oembed\" frameborder=\"0\" allow=\"accelerometer; autoplay; clipboard-write; encrypted-media; gyroscope; picture-in-picture; web-share\" referrerpolicy=\"strict-origin-when-cross-origin\" allowfullscreen><\/iframe><\/div>\n<\/div><\/figure>\n\n\n\n<p><\/p>\n","protected":false},"excerpt":{"rendered":"<p>Brasil 247, por Luciana Oliveira &#8211; A s\u00e9rie O MST e a Reforma Agr\u00e1ria Popular, produzida pelo Brasil 247, vai mostrar assentamentos modelo em Rond\u00f4nia. S\u00e3o tr\u00eas assentamentos na regi\u00e3o central do estado onde h\u00e1 fartura de organiza\u00e7\u00e3o, educa\u00e7\u00e3o e produ\u00e7\u00e3o.<\/p>\n","protected":false},"author":1,"featured_media":0,"comment_status":"closed","ping_status":"open","sticky":false,"template":"","format":"standard","meta":{"_exactmetrics_skip_tracking":false,"_exactmetrics_sitenote_active":false,"_exactmetrics_sitenote_note":"","_exactmetrics_sitenote_category":0,"jetpack_post_was_ever_published":false,"_jetpack_newsletter_access":"","_jetpack_dont_email_post_to_subs":false,"_jetpack_newsletter_tier_id":0,"_jetpack_memberships_contains_paywalled_content":false,"_jetpack_memberships_contains_paid_content":false,"footnotes":"","jetpack_publicize_message":"","jetpack_publicize_feature_enabled":true,"jetpack_social_post_already_shared":true,"jetpack_social_options":{"image_generator_settings":{"template":"highway","enabled":false},"version":2}},"categories":[1],"tags":[636,638,635,637,7],"class_list":["post-33155","post","type-post","status-publish","format-standard","hentry","category-notas","tag-assentamentos","tag-mirante-da-serra","tag-mst","tag-nova-uniao","tag-rondonia"],"jetpack_publicize_connections":[],"jetpack_sharing_enabled":true,"jetpack_featured_media_url":"","jetpack_shortlink":"https:\/\/wp.me\/p7wKYW-8CL","jetpack-related-posts":[],"_links":{"self":[{"href":"http:\/\/blogdalucianaoliveira.com.br\/blog\/wp-json\/wp\/v2\/posts\/33155","targetHints":{"allow":["GET"]}}],"collection":[{"href":"http:\/\/blogdalucianaoliveira.com.br\/blog\/wp-json\/wp\/v2\/posts"}],"about":[{"href":"http:\/\/blogdalucianaoliveira.com.br\/blog\/wp-json\/wp\/v2\/types\/post"}],"author":[{"embeddable":true,"href":"http:\/\/blogdalucianaoliveira.com.br\/blog\/wp-json\/wp\/v2\/users\/1"}],"replies":[{"embeddable":true,"href":"http:\/\/blogdalucianaoliveira.com.br\/blog\/wp-json\/wp\/v2\/comments?post=33155"}],"version-history":[{"count":1,"href":"http:\/\/blogdalucianaoliveira.com.br\/blog\/wp-json\/wp\/v2\/posts\/33155\/revisions"}],"predecessor-version":[{"id":33157,"href":"http:\/\/blogdalucianaoliveira.com.br\/blog\/wp-json\/wp\/v2\/posts\/33155\/revisions\/33157"}],"wp:attachment":[{"href":"http:\/\/blogdalucianaoliveira.com.br\/blog\/wp-json\/wp\/v2\/media?parent=33155"}],"wp:term":[{"taxonomy":"category","embeddable":true,"href":"http:\/\/blogdalucianaoliveira.com.br\/blog\/wp-json\/wp\/v2\/categories?post=33155"},{"taxonomy":"post_tag","embeddable":true,"href":"http:\/\/blogdalucianaoliveira.com.br\/blog\/wp-json\/wp\/v2\/tags?post=33155"}],"curies":[{"name":"wp","href":"https:\/\/api.w.org\/{rel}","templated":true}]}}