{"id":33167,"date":"2021-12-07T10:19:07","date_gmt":"2021-12-07T14:19:07","guid":{"rendered":"http:\/\/blogdalucianaoliveira.com.br\/blog\/?p=33167"},"modified":"2021-12-07T10:19:11","modified_gmt":"2021-12-07T14:19:11","slug":"documento-de-treinamento-anti-esquerda-do-exercito-tem-mlt-partido-dos-operarios-e-midia-samurai-como-inimigos","status":"publish","type":"post","link":"http:\/\/blogdalucianaoliveira.com.br\/blog\/2021\/12\/07\/documento-de-treinamento-anti-esquerda-do-exercito-tem-mlt-partido-dos-operarios-e-midia-samurai-como-inimigos\/","title":{"rendered":"DOCUMENTO DE TREINAMENTO ANTI-ESQUERDA DO EX\u00c9RCITO TEM MLT, PARTIDO DOS OPER\u00c1RIOS E M\u00cdDIA SAMURAI COMO INIMIGOS"},"content":{"rendered":"\n<figure class=\"wp-block-image size-large\"><img data-recalc-dims=\"1\" loading=\"lazy\" decoding=\"async\" width=\"600\" height=\"313\" data-attachment-id=\"33168\" data-permalink=\"http:\/\/blogdalucianaoliveira.com.br\/blog\/2021\/12\/07\/documento-de-treinamento-anti-esquerda-do-exercito-tem-mlt-partido-dos-operarios-e-midia-samurai-como-inimigos\/operacao-exercito-esquerda-redes\/\" data-orig-file=\"https:\/\/i0.wp.com\/blogdalucianaoliveira.com.br\/blog\/wp-content\/uploads\/2021\/12\/Opera%C3%A7%C3%A3o-Ex%C3%A9rcito-Esquerda-redes.jpg?fit=758%2C396\" data-orig-size=\"758,396\" data-comments-opened=\"0\" data-image-meta=\"{&quot;aperture&quot;:&quot;0&quot;,&quot;credit&quot;:&quot;&quot;,&quot;camera&quot;:&quot;&quot;,&quot;caption&quot;:&quot;&quot;,&quot;created_timestamp&quot;:&quot;0&quot;,&quot;copyright&quot;:&quot;&quot;,&quot;focal_length&quot;:&quot;0&quot;,&quot;iso&quot;:&quot;0&quot;,&quot;shutter_speed&quot;:&quot;0&quot;,&quot;title&quot;:&quot;&quot;,&quot;orientation&quot;:&quot;0&quot;}\" data-image-title=\"Opera\u00e7\u00e3o-Ex\u00e9rcito-Esquerda-redes\" data-image-description=\"\" data-image-caption=\"\" data-medium-file=\"https:\/\/i0.wp.com\/blogdalucianaoliveira.com.br\/blog\/wp-content\/uploads\/2021\/12\/Opera%C3%A7%C3%A3o-Ex%C3%A9rcito-Esquerda-redes.jpg?fit=300%2C157\" data-large-file=\"https:\/\/i0.wp.com\/blogdalucianaoliveira.com.br\/blog\/wp-content\/uploads\/2021\/12\/Opera%C3%A7%C3%A3o-Ex%C3%A9rcito-Esquerda-redes.jpg?fit=600%2C313\" src=\"https:\/\/i0.wp.com\/blogdalucianaoliveira.com.br\/blog\/wp-content\/uploads\/2021\/12\/Opera%C3%A7%C3%A3o-Ex%C3%A9rcito-Esquerda-redes.jpg?resize=600%2C313&#038;ssl=1\" alt=\"\" class=\"wp-image-33168\" srcset=\"https:\/\/i0.wp.com\/blogdalucianaoliveira.com.br\/blog\/wp-content\/uploads\/2021\/12\/Opera%C3%A7%C3%A3o-Ex%C3%A9rcito-Esquerda-redes.jpg?w=758 758w, https:\/\/i0.wp.com\/blogdalucianaoliveira.com.br\/blog\/wp-content\/uploads\/2021\/12\/Opera%C3%A7%C3%A3o-Ex%C3%A9rcito-Esquerda-redes.jpg?resize=300%2C157 300w, https:\/\/i0.wp.com\/blogdalucianaoliveira.com.br\/blog\/wp-content\/uploads\/2021\/12\/Opera%C3%A7%C3%A3o-Ex%C3%A9rcito-Esquerda-redes.jpg?resize=574%2C300 574w\" sizes=\"auto, (max-width: 600px) 100vw, 600px\" \/><\/figure>\n\n\n\n<h4 class=\"wp-block-heading\">Simula\u00e7\u00e3o feita em 2020 revela como a tropa de elite do Ex\u00e9rcito est\u00e1 sendo treinada para combater a esquerda e movimentos sociais.<\/h4>\n\n\n\n<!--more-->\n\n\n\n<p><a href=\"https:\/\/theintercept.com\/equipe\/rafaelmartins\/\">Rafael Moro Martins<\/a>, no The Intercept<\/p>\n\n\n\n<p>O EX\u00c9RCITO REALIZOU&nbsp;em 2020 uma simula\u00e7\u00e3o em que candidatos a integrar a sua tropa de elite tiveram de combater uma \u201corganiza\u00e7\u00e3o armada clandestina\u201d. No texto que apresenta o exerc\u00edcio, a for\u00e7a explica que o inimigo fict\u00edcio surgiu \u201cde uma dissid\u00eancia do Partido dos Oper\u00e1rios\u201d, o \u201cPO\u201d, que \u201crecruta e treina militantes do MLT\u201d, o&nbsp; \u201cMovimento de Luta pela Terra\u201d.<\/p>\n\n\n\n<p>Os&nbsp;<a href=\"https:\/\/www.documentcloud.org\/documents\/21138614-exercicio-ciopesp\" rel=\"noreferrer noopener\" target=\"_blank\">documentos<\/a>&nbsp;que descrevem o exerc\u00edcio foram entregues ao&nbsp;<strong>Intercept<\/strong>&nbsp;por uma fonte que pediu para n\u00e3o ser identificada por medo de retalia\u00e7\u00f5es. A&nbsp;<a href=\"http:\/\/www.cml.eb.mil.br\/ultimas-noticias\/2420-opera%C3%A7%C3%A3o-mantiqueira.html\" target=\"_blank\" rel=\"noreferrer noopener\">Opera\u00e7\u00e3o Mantiqueira<\/a>&nbsp;foi realizada em novembro de 2020 em Piquete, cidade paulista de menos de 15 mil habitantes localizada no Vale do Para\u00edba e pr\u00f3xima \u00e0 divisa com Minas Gerais e Rio de Janeiro. A loca\u00e7\u00e3o n\u00e3o foi escolhida \u00e0 toa: a cidade \u00e9 sede de uma das mais antigas unidades da Imbel, a Ind\u00fastria de Material B\u00e9lico do Brasil, uma estatal vinculada ao Ex\u00e9rcito.<\/p>\n\n\n\n<p>O teor do exerc\u00edcio a que os oficiais do Ex\u00e9rcito submetem candidatos \u00e0s suas For\u00e7as Especiais deixa claro que, passados quase 40 anos desde a redemocratiza\u00e7\u00e3o, a maior das tr\u00eas For\u00e7as Armadas n\u00e3o apenas segue a enxergar movimentos sociais e pol\u00edticos de esquerda como inimigos \u2013 ela tamb\u00e9m est\u00e1 sendo treinada para combat\u00ea-los.<\/p>\n\n\n\n<p>Participaram da Opera\u00e7\u00e3o Mantiqueira cabos e soldados do Ex\u00e9rcito que eram alunos do Centro de Instru\u00e7\u00e3o de Opera\u00e7\u00f5es Especiais, o CIOpEsp, localizado em Niter\u00f3i, cidade da regi\u00e3o metropolitana do estado do Rio. Ela foi a \u00faltima atividade do curso que serve como vestibular para o ingresso nas For\u00e7as Especiais. Em 2020, segundo a fonte que entregou os documentos ao Intercept, de uma turma de quase 40 alunos, 17 foram aprovados para trabalhar no Batalh\u00e3o de For\u00e7as Especiais, o BFEsp, sediado em Goi\u00e2nia.<\/p>\n\n\n\n<p>Eu apresentei os documentos a dois pesquisadores que det\u00eam amplo conhecimento do universo militar e a um alto oficial da reserva \u2013&nbsp;este pediu para n\u00e3o ser identificado, tamb\u00e9m pelo temor de repres\u00e1lias. Os tr\u00eas os consideraram aut\u00eanticos.<\/p>\n\n\n\n<p>Tamb\u00e9m submeti os pap\u00e9is \u00e0 assessoria de imprensa do Ex\u00e9rcito, questionando-a sobre a autenticidade deles e fazendo uma s\u00e9rie de perguntas sobre a atividade. Minhas quest\u00f5es chegaram a ser encaminhadas ao Comando Militar do Planalto \u2013&nbsp;a quem o BFEsp \u00e9 subordinado \u2013&nbsp;antes de voltarem ao Quartel General, em Bras\u00edlia.<\/p>\n\n\n\n<p>De posse das quest\u00f5es por mais de tr\u00eas semanas, o Ex\u00e9rcito me disse na sexta-feira, 3 de dezembro, que n\u00e3o as responderia. Em momento algum, por\u00e9m, a for\u00e7a ou os oficiais da assessoria de imprensa \u2013&nbsp;dois coron\u00e9is, um capit\u00e3o e um tenente \u2013&nbsp;com quem tratei sobre o pedido de informa\u00e7\u00f5es desmentiram os documentos.<\/p>\n\n\n\n<figure class=\"wp-block-image\"><img data-recalc-dims=\"1\" decoding=\"async\" src=\"https:\/\/i0.wp.com\/s3.documentcloud.org\/documents\/21138614\/pages\/exercicio-ciopesp-p1-normal.gif?w=600&#038;ssl=1\" alt=\"\"\/><\/figure>\n\n\n\n<p>Exerc\u00edcio CIOpEsp5 pages<\/p>\n\n\n\n<h3 class=\"wp-block-heading\">\u2018Objetivos pol\u00edticos\u2019<\/h3>\n\n\n\n<p>O texto que apresenta o exerc\u00edcio aos alunos do CIOpEsp come\u00e7a apresentando o \u201cEx\u00e9rcito de Liberta\u00e7\u00e3o do Povo Brasaniano\u201d, o ELPB, \u201ccriado a partir de um projeto de partido pol\u00edtico de car\u00e1ter marxista e com uma organiza\u00e7\u00e3o armada clandestina, nascido de uma dissid\u00eancia do Partido dos Oper\u00e1rios e que recruta e treina militantes do MLT\u201d num pa\u00eds fict\u00edcio chamado Bras\u00e2nia. As refer\u00eancias, \u00f3bvias, s\u00e3o ao Ex\u00e9rcito de Liberta\u00e7\u00e3o Nacional da Col\u00f4mbia, ao Partido dos Trabalhadores e ao MST.<\/p>\n\n\n\n<p>\u201cAs cores do ELPB s\u00e3o defendidas em diversos tipos de protestos pelo pa\u00eds, logo o ELPB n\u00e3o \u00e9 apenas um grupo criminal, mas um movimento que assume contornos de irregularidade com&nbsp;<strong>objetivos pol\u00edtic0s\u201d<\/strong>, prossegue o texto assinado pelo major Marcos Lu\u00eds Firmino, oficial de intelig\u00eancia do BPFesp \u2013&nbsp;o negrito \u00e9 do documento original. Busquei pelo nome de Firmino no Portal da Transpar\u00eancia do governo federal, mas n\u00e3o o encontrei. Alguns integrantes das For\u00e7as Especiais podem ter os nomes ocultados ali, como ocorre com delegados da Pol\u00edcia Federal ou agentes da Abin, a Ag\u00eancia Brasileira de Intelig\u00eancia.<\/p>\n\n\n\n<p>\u201cNos \u00faltimos anos, o ELPB foi reestruturado, afastado dos grandes centros e interiorizado [para] investir em recrutamento e treinamento em \u00e1reas rurais, bem como formar novas alian\u00e7as\u201d. Aqui \u00e9 \u00f3bvia a emula\u00e7\u00e3o da&nbsp;<a href=\"http:\/\/cnv.memoriasreveladas.gov.br\/16-grupos-de-trabalho\/52-araguaia.html\" target=\"_blank\" rel=\"noreferrer noopener\">guerrilha do Araguaia<\/a>, a \u00faltima c\u00e9lula da resist\u00eancia armada \u00e0 ditadura militar, dizimada com requintes de crueldade pelo Ex\u00e9rcito ap\u00f3s o exterm\u00ednio da guerrilha urbana \u2013 retratada em \u201c<a href=\"https:\/\/telepadi.folha.uol.com.br\/foco-nas-maos-de-seu-jorge-nao-e-a-toa-que-marighella-incomoda-tanta-gente\/\" target=\"_blank\" rel=\"noreferrer noopener\">Marighella<\/a>\u201c, filme de Wagner Moura.<\/p>\n\n\n\n<blockquote class=\"wp-block-quote is-layout-flow wp-block-quote-is-layout-flow\"><p><strong><\/strong><br><\/p><cite> \u2018S\u00f3 serve para doutrina\u00e7\u00e3o, para relacionar a esquerda a amea\u00e7as\u2019.<br><br> <br><\/cite><\/blockquote>\n\n\n\n<p>Do in\u00edcio dos anos 1970, a fantasia paran\u00f3ica do major Firmino salta de repente \u00e0s jornadas de 2013. \u201cA primeira frente do EPLB se organizou em 2012, recrutada de diversos grupos de press\u00e3o insatisfeitos com a situa\u00e7\u00e3o do pa\u00eds [e] infiltrando elementos violentos em diversos protestos. Esses grupos infiltrados em protestos causaram grande destrui\u00e7\u00e3o em propriedades governamentais e privadas, estabelecendo um clima de desordem e inefici\u00eancia do aparato de seguran\u00e7a do estado\u201d, afirma o texto.<\/p>\n\n\n\n<p>\u201cCabe ressaltar que esses grupos t\u00eam utilizado canais da Deep Web e de m\u00eddias sociais para disseminar v\u00eddeos, imagens e outros produtos sobre as a\u00e7\u00f5es violentas executadas. Essa pr\u00e1tica ficou conhecida como \u2018M\u00eddia Samurai&#8217;\u201d \u2013&nbsp;aqui a refer\u00eancia \u00e9 \u00e0 M\u00eddia Ninja, que documentou os protestos contra reajustes nas tarifas do transporte p\u00fablico em S\u00e3o Paulo e outras capitais e depois se tornou um ve\u00edculo de m\u00eddia popular na esquerda.<\/p>\n\n\n\n<p>Mas n\u00e3o s\u00e3o apenas as m\u00eddias de esquerda as citadas no documento: a imprensa como um todo apanha. \u201cUma ala mais tendenciosa da imprensa vem acompanhando o ELPB de forma velada, com not\u00edcias que buscam divulgar o car\u00e1ter \u2018democr\u00e1tico e de liberdade\u2019 que o ELPB \u2018defende&#8217;\u201d, critica o texto.<\/p>\n\n\n\n<p>Tamb\u00e9m \u00e9 dif\u00edcil n\u00e3o notar a coincid\u00eancia dos personagens fict\u00edcios com figuras reais.&nbsp;Pedro Jo\u00e3o Cavalero, criador das ELPB, e a deputada estadual Erica Ericsson, \u201cexpulsa do PO por portar-se de maneira extremada\u201d, parecem men\u00e7\u00f5es \u00f3bvias a Jo\u00e3o Pedro St\u00e9dile, do MST, e Erica Malunguinho ou Erika Hilton, respectivamente a primeira mulher transexual eleita para a Assembleia Legislativa de S\u00e3o Paulo e primeira mulher trans eleita vereadora na capital paulista. Ambas s\u00e3o filiadas ao Psol.<\/p>\n\n\n\n<p>Para Juliano Cortinhas, professor do Instituto de Rela\u00e7\u00f5es Internacionais da Universidade de Bras\u00edlia, a UnB, o uso de termos nos documentos do treinamento n\u00e3o \u00e9 aleat\u00f3rio. \u201cDizer que o partido tem car\u00e1ter marxista \u00e9 totalmente in\u00fatil [para uma a\u00e7\u00e3o militar], s\u00f3 serve para doutrina\u00e7\u00e3o, para relacionar a esquerda a amea\u00e7as. Toda a nomenclatura indica a necessidade de doutrina\u00e7\u00e3o\u201d, avaliou ele, que tamb\u00e9m coordena o Grupo de Estudos e Pesquisas em Seguran\u00e7a Internacional.<\/p>\n\n\n\n<p>O professor, que j\u00e1 acompanhou diversos exerc\u00edcios a convite do pr\u00f3prio Ex\u00e9rcito, avaliou a meu pedido os documentos sobre a simula\u00e7\u00e3o realizada em Piquete entregues ao Intercept.<\/p>\n\n\n\n<p>\u201c\u00c9 nitidamente um documento que faz um exerc\u00edcio de intelig\u00eancia voltado para [combater] a esquerda, com refer\u00eancias temporais contempor\u00e2neas que marcariam hipot\u00e9ticas amea\u00e7as\u201d, fez coro Jo\u00e3o Roberto Martins Filho, professor titular s\u00eanior de Ci\u00eancia Pol\u00edtica da Universidade Federal de S\u00e3o Carlos, a UFSCar, e um dos decanos dos estudos sobre militares no Brasil. Ele tamb\u00e9m leu os documentos.<\/p>\n\n\n\n<figure class=\"wp-block-image\"><img data-recalc-dims=\"1\" decoding=\"async\" src=\"https:\/\/i0.wp.com\/theintercept.com\/wp-uploads\/sites\/1\/2021\/12\/cac_19-10.jpeg?w=600&#038;ssl=1\" alt=\"No dia 8 de mar\u00e7o, 50 militares do Ex\u00e9rcito Brasileiro conclu\u00edram o m\u00f3dulo de nivelamento do Curso de A\u00e7\u00f5es de Comandos (CAC). O CAC \u00e9 conduzido pelo Centro de Instru\u00e7\u00e3o de Opera\u00e7\u00f5es Especiais em ritmo de opera\u00e7\u00f5es continuadas, desenvolvendo compet\u00eancias atitudinais, com o m\u00e1ximo de realismo na imita\u00e7\u00e3o do combate e grande conhecimento de todos os ambientes operacionais do Pa\u00eds.\"\/><\/figure>\n\n\n\n<figure class=\"wp-block-image\"><img data-recalc-dims=\"1\" decoding=\"async\" src=\"https:\/\/i0.wp.com\/theintercept.com\/wp-uploads\/sites\/1\/2021\/12\/cac_19-5.jpeg?w=600&#038;ssl=1\" alt=\"No dia 8 de mar\u00e7o, 50 militares do Ex\u00e9rcito Brasileiro conclu\u00edram o m\u00f3dulo de nivelamento do Curso de A\u00e7\u00f5es de Comandos (CAC). O CAC \u00e9 conduzido pelo Centro de Instru\u00e7\u00e3o de Opera\u00e7\u00f5es Especiais em ritmo de opera\u00e7\u00f5es continuadas, desenvolvendo compet\u00eancias atitudinais, com o m\u00e1ximo de realismo na imita\u00e7\u00e3o do combate e grande conhecimento de todos os ambientes operacionais do Pa\u00eds.\"\/><\/figure>\n\n\n\n<p>A elite da tropa: For\u00e7as Especiais s\u00e3o respons\u00e1veis por opera\u00e7\u00f5es de intelig\u00eancia, incurs\u00e3o ao territ\u00f3rio inimigo e elabora\u00e7\u00e3o de planos de a\u00e7\u00e3o.Fotos: Reprodu\u00e7\u00e3o\/Academia Militar das Agulhas Negras<\/p>\n\n\n\n<h3 class=\"wp-block-heading\">\u2018Completamente ilegal\u2019<\/h3>\n\n\n\n<p>O CIOpEsp, em Niter\u00f3i, e o BFEsp, em Goi\u00e2nia, s\u00e3o subordinados ao Comando de Opera\u00e7\u00f5es Especiais, que por sua vez \u00e9 uma unidade do&nbsp;<a href=\"http:\/\/www.cmp.eb.mil.br\/\" target=\"_blank\" rel=\"noreferrer noopener\">Comando Militar do Planalto<\/a>, que abrange o Distrito Federal, Goi\u00e1s, Tocantins, o&nbsp;<a href=\"https:\/\/pt.wikipedia.org\/wiki\/Tri%C3%A2ngulo_Mineiro\" target=\"_blank\" rel=\"noreferrer noopener\">Tri\u00e2ngulo Mineiro e&nbsp;<\/a>Bras\u00edlia.<\/p>\n\n\n\n<p>Via Lei de Acesso \u00e0 Informa\u00e7\u00e3o, o Ex\u00e9rcito me informou que a&nbsp;<a href=\"http:\/\/www.cmp.eb.mil.br\/images\/sistema\/organograma_cmp.png\" target=\"_blank\" rel=\"noreferrer noopener\">Base Administrativa do Comando de Opera\u00e7\u00f5es Especiais<\/a>, que tem autonomia operacional e CNPJ pr\u00f3prio, administrou um or\u00e7amento de R$ 43 milh\u00f5es em 2020, \u201cdestinados \u00e0 toda vida administrativa e ao preparo e emprego das organiza\u00e7\u00f5es militares operacionais e de apoio operacional e log\u00edstico do COpEsp\u201d.<\/p>\n\n\n\n<p>Segundo o cientista pol\u00edtico e historiador&nbsp;<a href=\"https:\/\/todavialivros.com.br\/livros\/forcas-armadas-e-politica-no-brasil\" target=\"_blank\" rel=\"noreferrer noopener\">Jos\u00e9 Murilo de Carvalho<\/a>, as For\u00e7as Especiais s\u00e3o de alguma maneira descendentes do aparato montado pelo Ex\u00e9rcito para perseguir, torturar e assassinar inimigos pol\u00edticos durante a ditadura, os&nbsp;<a href=\"http:\/\/www.fgv.br\/cpdoc\/acervo\/dicionarios\/verbete-tematico\/destacamento-de-operacoes-e-informacoes-centro-de-operacoes-e-defesa-interna-doi-codi\" target=\"_blank\" rel=\"noreferrer noopener\">DOI-Codi<\/a>&nbsp;\u2013 sigla para&nbsp;Destacamento de Opera\u00e7\u00f5es de Informa\u00e7\u00e3o \u2013 Centro de Opera\u00e7\u00f5es de Defesa Interna.<\/p>\n\n\n\n<p>S\u00e3o a \u201celite da tropa\u201d, treinada para opera\u00e7\u00f5es que exigem agilidade e precis\u00e3o, como uma incurs\u00e3o a territ\u00f3rio inimigo. \u201cPor exemplo: h\u00e1 uma amea\u00e7a de invas\u00e3o do territ\u00f3rio brasileiro. Usam-se as for\u00e7as especiais para atravessar a fronteira e buscar informa\u00e7\u00f5es, fazer capturas de intelig\u00eancia, para municiar o plano de rea\u00e7\u00e3o\u201d, explicou Cortinhas. \u201cNum plano como esse, as For\u00e7as Especiais se infiltrariam nos grupos ou no territ\u00f3rio inimigo. S\u00e3o tropas extremamente bem treinadas, de preparo f\u00edsico invej\u00e1vel, alta capacidade cognitiva\u201d, ele me disse.\u2018N\u00e3o h\u00e1 nenhum respaldo legal ou constitucional. O exerc\u00edcio est\u00e1 desconectado de qualquer respeito ao estado de direito brasileiro\u2019.<\/p>\n\n\n\n<p>Para Cortinhas, exerc\u00edcios s\u00f3 s\u00e3o \u00fateis quando se referem a situa\u00e7\u00f5es plaus\u00edveis, com que os militares podem eventualmente se deparar. Emular organiza\u00e7\u00f5es de esquerda como inimigos, avaliou, \u201ctem um peso na cria\u00e7\u00e3o de uma mentalidade conservadora nas For\u00e7as Armadas\u201d. \u201cDesde o in\u00edcio da sua educa\u00e7\u00e3o, os militares s\u00e3o alimentados de forma a verem como amea\u00e7as grupos de esquerda que brigam por direitos, como o uso social da terra\u201d, analisou.<\/p>\n\n\n\n<p>O anticomunismo ferrenho \u00e9 um dos valores fundamentais dos militares brasileiros desde 1935, quando eles combateram e derrotaram&nbsp;<a href=\"https:\/\/cpdoc.fgv.br\/producao\/dossies\/FatosImagens\/RevoltaComunista\" target=\"_blank\" rel=\"noreferrer noopener\">levantes<\/a>&nbsp;em suas tropas lideradas pela Alian\u00e7a Libertadora Nacional, de Lu\u00eds Carlos Prestes, que posteriormente batizaram de \u201cintentona comunista\u201d. \u201cA frustrada revolta comunista de novembro de 1935 foi um evento-chave que desencadeou um processo de institucionaliza\u00e7\u00e3o da ideologia anticomunista no interior das For\u00e7as Armadas\u201d, escreveu o antrop\u00f3logo Celso de Castro, outro dos principais pesquisadores da caserna, em \u201c<a href=\"https:\/\/livraria.fgv.br\/produto\/republica-119344\/invencao-do-exercito-brasileiro-a-colecao-descobrindo-o-brasil\/\" target=\"_blank\" rel=\"noreferrer noopener\">A Inven\u00e7\u00e3o do Ex\u00e9rcito Brasileiro<\/a>\u201c.<\/p>\n\n\n\n<p>Nos anos seguintes, o imagin\u00e1rio anticomunista se cristalizou: o comunismo era associado com o \u201cmal, representado como uma enfermidade\u201d. \u201cDa\u00ed a met\u00e1fora, que teria vida longa, de uma \u2018infiltra\u00e7\u00e3o\u2019 comunista, como se fosse uma doen\u00e7a\/doutrina \u2018ex\u00f3tica\u2019 introduzida no Brasil por agentes estrangeiros ou por traidores da p\u00e1tria\u201d, diz o livro.<\/p>\n\n\n\n<p>Chamou a aten\u00e7\u00e3o dos pesquisadores o descolamento do tema do treinamento com o momento pol\u00edtico brasileiro. \u201cN\u00e3o h\u00e1 nenhuma amea\u00e7a \u00e0 democracia partindo de organiza\u00e7\u00f5es de esquerda, mas sim das de direita, que t\u00eam amea\u00e7ado institui\u00e7\u00f5es democr\u00e1ticas e sendo investigadas em inqu\u00e9ritos do Supremo Tribunal Federal\u201d, argumentou o professor da UFSCar. Ele se referia, por exemplo, aos protestos organizados em Bras\u00edlia nos \u00faltimos dois anos por partid\u00e1rios de Jair Bolsonaro, como os&nbsp;<a href=\"https:\/\/noticias.uol.com.br\/politica\/ultimas-noticias\/2020\/05\/31\/grupo-300-protesto-supremo.htm\" target=\"_blank\" rel=\"noreferrer noopener\">300 do Brasil<\/a>, inclusive convocados pelo pr\u00f3prio presidente, como no&nbsp;<a href=\"https:\/\/www.poder360.com.br\/governo\/bolsonaro-chama-moraes-de-canalha-e-diz-que-nunca-sera-preso\/\" target=\"_blank\" rel=\"noreferrer noopener\">\u00faltimo 7 de setembro<\/a>.<\/p>\n\n\n\n<p>\u201c\u00c9 uma refer\u00eancia muito clara \u00e0 situa\u00e7\u00e3o dos anos 1960 e 70, porque todas essas formas de organiza\u00e7\u00e3o ficaram datadas de l\u00e1. Mas a esquerda n\u00e3o teve mais nenhum tipo de organiza\u00e7\u00e3o desse tipo depois\u201d, criticou Martins Filho.<\/p>\n\n\n\n<p>Al\u00e9m disso, ainda que houvesse uma guerrilha pol\u00edtica \u2013&nbsp;de esquerda ou direita \u2013&nbsp;atuando no pa\u00eds, combat\u00ea-la seria atribui\u00e7\u00e3o da Pol\u00edcia Federal.<\/p>\n\n\n\n<p>\u201cUma opera\u00e7\u00e3o como essa, de For\u00e7as Especiais, seria completamente ilegal. N\u00e3o h\u00e1 nenhum respaldo legal ou constitucional [para uma a\u00e7\u00e3o como a simulada no exerc\u00edcio]. Ele est\u00e1 desconectado de qualquer respeito ao estado de direito brasileiro\u201d, me disse o professor da UnB. \u201c\u00c9 presente entre os militares a ideia de que eles s\u00e3o solucionadores de quaisquer problemas [do pa\u00eds], o que gera situa\u00e7\u00f5es como o que vivemos na atualidade, com militares da ativa e da reserva em todos os ambientes pol\u00edticos e estrat\u00e9gicos do pa\u00eds\u201d, afirmou.<\/p>\n\n\n\n<p>A ilegalidade para que o professor Cortinhas chamou a aten\u00e7\u00e3o \u00e9 flagrante no pr\u00f3prio documento assinado pelo major Firmino. Em determinado trecho, ele diz que \u201cas autoridades n\u00e3o percebem o ELPB como amea\u00e7a \u00e0 democracia\u201d.&nbsp;Ou seja: at\u00e9 mesmo na simula\u00e7\u00e3o, o Ex\u00e9rcito agiu por conta pr\u00f3pria.<\/p>\n","protected":false},"excerpt":{"rendered":"<p>Simula\u00e7\u00e3o feita em 2020 revela como a tropa de elite do Ex\u00e9rcito est\u00e1 sendo treinada para combater a esquerda e movimentos sociais.<\/p>\n","protected":false},"author":1,"featured_media":0,"comment_status":"closed","ping_status":"open","sticky":false,"template":"","format":"standard","meta":{"_exactmetrics_skip_tracking":false,"_exactmetrics_sitenote_active":false,"_exactmetrics_sitenote_note":"","_exactmetrics_sitenote_category":0,"jetpack_post_was_ever_published":false,"_jetpack_newsletter_access":"","_jetpack_dont_email_post_to_subs":false,"_jetpack_newsletter_tier_id":0,"_jetpack_memberships_contains_paywalled_content":false,"_jetpack_memberships_contains_paid_content":false,"footnotes":"","jetpack_publicize_message":"","jetpack_publicize_feature_enabled":true,"jetpack_social_post_already_shared":true,"jetpack_social_options":{"image_generator_settings":{"template":"highway","enabled":false},"version":2}},"categories":[1],"tags":[],"class_list":["post-33167","post","type-post","status-publish","format-standard","hentry","category-notas"],"jetpack_publicize_connections":[],"jetpack_sharing_enabled":true,"jetpack_featured_media_url":"","jetpack_shortlink":"https:\/\/wp.me\/p7wKYW-8CX","jetpack-related-posts":[],"_links":{"self":[{"href":"http:\/\/blogdalucianaoliveira.com.br\/blog\/wp-json\/wp\/v2\/posts\/33167","targetHints":{"allow":["GET"]}}],"collection":[{"href":"http:\/\/blogdalucianaoliveira.com.br\/blog\/wp-json\/wp\/v2\/posts"}],"about":[{"href":"http:\/\/blogdalucianaoliveira.com.br\/blog\/wp-json\/wp\/v2\/types\/post"}],"author":[{"embeddable":true,"href":"http:\/\/blogdalucianaoliveira.com.br\/blog\/wp-json\/wp\/v2\/users\/1"}],"replies":[{"embeddable":true,"href":"http:\/\/blogdalucianaoliveira.com.br\/blog\/wp-json\/wp\/v2\/comments?post=33167"}],"version-history":[{"count":1,"href":"http:\/\/blogdalucianaoliveira.com.br\/blog\/wp-json\/wp\/v2\/posts\/33167\/revisions"}],"predecessor-version":[{"id":33169,"href":"http:\/\/blogdalucianaoliveira.com.br\/blog\/wp-json\/wp\/v2\/posts\/33167\/revisions\/33169"}],"wp:attachment":[{"href":"http:\/\/blogdalucianaoliveira.com.br\/blog\/wp-json\/wp\/v2\/media?parent=33167"}],"wp:term":[{"taxonomy":"category","embeddable":true,"href":"http:\/\/blogdalucianaoliveira.com.br\/blog\/wp-json\/wp\/v2\/categories?post=33167"},{"taxonomy":"post_tag","embeddable":true,"href":"http:\/\/blogdalucianaoliveira.com.br\/blog\/wp-json\/wp\/v2\/tags?post=33167"}],"curies":[{"name":"wp","href":"https:\/\/api.w.org\/{rel}","templated":true}]}}