{"id":33172,"date":"2021-12-08T11:32:58","date_gmt":"2021-12-08T15:32:58","guid":{"rendered":"http:\/\/blogdalucianaoliveira.com.br\/blog\/?p=33172"},"modified":"2021-12-08T11:33:02","modified_gmt":"2021-12-08T15:33:02","slug":"fotografia-luiz-brito-e-juraci-junior-batem-papo-sobre-o-olhar-para-a-cidade-em-live-de-lancamento-de-livro-na-sexta-10","status":"publish","type":"post","link":"http:\/\/blogdalucianaoliveira.com.br\/blog\/2021\/12\/08\/fotografia-luiz-brito-e-juraci-junior-batem-papo-sobre-o-olhar-para-a-cidade-em-live-de-lancamento-de-livro-na-sexta-10\/","title":{"rendered":"Fotografia: Luiz Brito e Juraci J\u00fanior batem papo sobre o olhar para a cidade em live de lan\u00e7amento de livro na sexta, 10"},"content":{"rendered":"\n<figure class=\"wp-block-image size-large\"><img loading=\"lazy\" decoding=\"async\" width=\"1280\" height=\"1600\" data-attachment-id=\"33174\" data-permalink=\"http:\/\/blogdalucianaoliveira.com.br\/blog\/2021\/12\/08\/fotografia-luiz-brito-e-juraci-junior-batem-papo-sobre-o-olhar-para-a-cidade-em-live-de-lancamento-de-livro-na-sexta-10\/ab6a83bd-2b5c-4e4d-9564-28550f981969\/\" data-orig-file=\"https:\/\/i0.wp.com\/blogdalucianaoliveira.com.br\/blog\/wp-content\/uploads\/2021\/12\/AB6A83BD-2B5C-4E4D-9564-28550F981969.jpeg?fit=1280%2C1600\" data-orig-size=\"1280,1600\" data-comments-opened=\"0\" data-image-meta=\"{&quot;aperture&quot;:&quot;0&quot;,&quot;credit&quot;:&quot;&quot;,&quot;camera&quot;:&quot;&quot;,&quot;caption&quot;:&quot;&quot;,&quot;created_timestamp&quot;:&quot;0&quot;,&quot;copyright&quot;:&quot;&quot;,&quot;focal_length&quot;:&quot;0&quot;,&quot;iso&quot;:&quot;0&quot;,&quot;shutter_speed&quot;:&quot;0&quot;,&quot;title&quot;:&quot;&quot;,&quot;orientation&quot;:&quot;0&quot;}\" data-image-title=\"AB6A83BD-2B5C-4E4D-9564-28550F981969\" data-image-description=\"\" data-image-caption=\"\" data-medium-file=\"https:\/\/i0.wp.com\/blogdalucianaoliveira.com.br\/blog\/wp-content\/uploads\/2021\/12\/AB6A83BD-2B5C-4E4D-9564-28550F981969.jpeg?fit=240%2C300\" data-large-file=\"https:\/\/i0.wp.com\/blogdalucianaoliveira.com.br\/blog\/wp-content\/uploads\/2021\/12\/AB6A83BD-2B5C-4E4D-9564-28550F981969.jpeg?fit=600%2C750\" src=\"https:\/\/i2.wp.com\/blogdalucianaoliveira.com.br\/blog\/wp-content\/uploads\/2021\/12\/AB6A83BD-2B5C-4E4D-9564-28550F981969.jpeg?fit=600%2C750\" alt=\"\" class=\"wp-image-33174\" srcset=\"https:\/\/i0.wp.com\/blogdalucianaoliveira.com.br\/blog\/wp-content\/uploads\/2021\/12\/AB6A83BD-2B5C-4E4D-9564-28550F981969.jpeg?w=1280 1280w, https:\/\/i0.wp.com\/blogdalucianaoliveira.com.br\/blog\/wp-content\/uploads\/2021\/12\/AB6A83BD-2B5C-4E4D-9564-28550F981969.jpeg?resize=240%2C300 240w, https:\/\/i0.wp.com\/blogdalucianaoliveira.com.br\/blog\/wp-content\/uploads\/2021\/12\/AB6A83BD-2B5C-4E4D-9564-28550F981969.jpeg?resize=819%2C1024 819w, https:\/\/i0.wp.com\/blogdalucianaoliveira.com.br\/blog\/wp-content\/uploads\/2021\/12\/AB6A83BD-2B5C-4E4D-9564-28550F981969.jpeg?resize=768%2C960 768w, https:\/\/i0.wp.com\/blogdalucianaoliveira.com.br\/blog\/wp-content\/uploads\/2021\/12\/AB6A83BD-2B5C-4E4D-9564-28550F981969.jpeg?resize=1229%2C1536 1229w\" sizes=\"auto, (max-width: 600px) 100vw, 600px\" \/><\/figure>\n\n\n\n<p>O ator e comunicador Juraci J\u00fanior recebe como convidado na pr\u00f3xima sexta-feira (10) o fot\u00f3grafo e documentarista Luiz Brito para um bate-papo com o tema &#8220;Olhar Sobre a Cidade: Afeto e Mem\u00f3ria Sobre Porto Velho&#8221;, semin\u00e1rio online que marca o lan\u00e7amento do seu primeiro livro, o Pele de Rio, que une fotografias e poesias inspiradas na cidade e suas afetividades. O evento acontece a partir das 19h30, com media\u00e7\u00e3o do diretor teatral Francis Madson, atrav\u00e9s do <a rel=\"noreferrer noopener\" target=\"_blank\" href=\"https:\/\/www.youtube.com\/watch?v=AWd9w_VlK0E\">YouTube (clique para ativar o lembrete)<\/a>.<\/p>\n\n\n\n<!--more-->\n\n\n\n<p>O olhar sens\u00edvel de Luiz sobre o cotidiano da cidade se tornou sua marca e ganhou espa\u00e7o em jornais, galerias e museus, documentando as transforma\u00e7\u00f5es dos espa\u00e7os, a hist\u00f3ria e os costumes da nossa gente ao longo dos anos.<\/p>\n\n\n\n<p>Entre os temas sempre presentes em sua obra est\u00e3o a Estrada de Ferro Madeira-Mamor\u00e9 e o abandono da ferrovia, a Festa do Divino Esp\u00edrito Santo e as queimadas, sendo inclusive temas de exposi\u00e7\u00f5es do fot\u00f3grafo.<\/p>\n\n\n\n<p>\u00c9 a partir dessa perspectiva atenta sobre a cidade, seu cotidiano e as pessoas que as duas gera\u00e7\u00f5es se encontram. Em seu livro, e tamb\u00e9m em seu trabalho na TV e no cinema, Juraci J\u00fanior registra espa\u00e7os que muitas vezes passam despercebidos e convida o p\u00fablico a olhar mais de perto, e com mais afeto, para ruas, mercados, balne\u00e1rios e mesmo para a nossa hist\u00f3ria, h\u00e1bitos, costumes e tamb\u00e9m para a culin\u00e1ria, fugindo do \u00f3bvio e dos t\u00e3o conhecidos \u201ccart\u00f5es postais\u201d da cidade. \u201cEntre os objetivos deste trabalho est\u00e1 exatamente apresentar aos leitores uma obra liter\u00e1ria baseada no car\u00e1ter hist\u00f3rico-cultural de Porto Velho, propondo uma ressignifica\u00e7\u00e3o do olhar para a cidade, nossos costumes e para as pessoas\u201d, reflete o autor.<\/p>\n\n\n\n<p>Pele de Rio \u00e9 um projeto fomentando com recursos da lei 14.017\/2020 &#8211; Lei Aldir Blanc, por meio da Prefeitura do Munic\u00edpio de Porto Velho &#8211; FUNCULTURAL.<\/p>\n\n\n\n<p>Os participantes do evento online receber\u00e3o certificado. Em vers\u00e3o digital, o livro estar\u00e1 dispon\u00edvel para download gratuito a partir do dia 10, data do lan\u00e7amento.<\/p>\n\n\n\n<figure class=\"wp-block-image size-large\"><img loading=\"lazy\" decoding=\"async\" width=\"2251\" height=\"1234\" data-attachment-id=\"33175\" data-permalink=\"http:\/\/blogdalucianaoliveira.com.br\/blog\/2021\/12\/08\/fotografia-luiz-brito-e-juraci-junior-batem-papo-sobre-o-olhar-para-a-cidade-em-live-de-lancamento-de-livro-na-sexta-10\/fc31cdc3-a172-4fd3-80c2-74bc23accc4a\/\" data-orig-file=\"https:\/\/i0.wp.com\/blogdalucianaoliveira.com.br\/blog\/wp-content\/uploads\/2021\/12\/FC31CDC3-A172-4FD3-80C2-74BC23ACCC4A.jpeg?fit=2251%2C1234\" data-orig-size=\"2251,1234\" data-comments-opened=\"0\" data-image-meta=\"{&quot;aperture&quot;:&quot;0&quot;,&quot;credit&quot;:&quot;&quot;,&quot;camera&quot;:&quot;&quot;,&quot;caption&quot;:&quot;&quot;,&quot;created_timestamp&quot;:&quot;1638741000&quot;,&quot;copyright&quot;:&quot;&quot;,&quot;focal_length&quot;:&quot;0&quot;,&quot;iso&quot;:&quot;0&quot;,&quot;shutter_speed&quot;:&quot;0&quot;,&quot;title&quot;:&quot;&quot;,&quot;orientation&quot;:&quot;0&quot;}\" data-image-title=\"FC31CDC3-A172-4FD3-80C2-74BC23ACCC4A\" data-image-description=\"\" data-image-caption=\"\" data-medium-file=\"https:\/\/i0.wp.com\/blogdalucianaoliveira.com.br\/blog\/wp-content\/uploads\/2021\/12\/FC31CDC3-A172-4FD3-80C2-74BC23ACCC4A.jpeg?fit=300%2C164\" data-large-file=\"https:\/\/i0.wp.com\/blogdalucianaoliveira.com.br\/blog\/wp-content\/uploads\/2021\/12\/FC31CDC3-A172-4FD3-80C2-74BC23ACCC4A.jpeg?fit=600%2C329\" src=\"https:\/\/i1.wp.com\/blogdalucianaoliveira.com.br\/blog\/wp-content\/uploads\/2021\/12\/FC31CDC3-A172-4FD3-80C2-74BC23ACCC4A.jpeg?fit=600%2C329\" alt=\"\" class=\"wp-image-33175\" srcset=\"https:\/\/i0.wp.com\/blogdalucianaoliveira.com.br\/blog\/wp-content\/uploads\/2021\/12\/FC31CDC3-A172-4FD3-80C2-74BC23ACCC4A.jpeg?w=2251 2251w, https:\/\/i0.wp.com\/blogdalucianaoliveira.com.br\/blog\/wp-content\/uploads\/2021\/12\/FC31CDC3-A172-4FD3-80C2-74BC23ACCC4A.jpeg?resize=300%2C164 300w, https:\/\/i0.wp.com\/blogdalucianaoliveira.com.br\/blog\/wp-content\/uploads\/2021\/12\/FC31CDC3-A172-4FD3-80C2-74BC23ACCC4A.jpeg?resize=1024%2C561 1024w, https:\/\/i0.wp.com\/blogdalucianaoliveira.com.br\/blog\/wp-content\/uploads\/2021\/12\/FC31CDC3-A172-4FD3-80C2-74BC23ACCC4A.jpeg?resize=768%2C421 768w, https:\/\/i0.wp.com\/blogdalucianaoliveira.com.br\/blog\/wp-content\/uploads\/2021\/12\/FC31CDC3-A172-4FD3-80C2-74BC23ACCC4A.jpeg?resize=1536%2C842 1536w, https:\/\/i0.wp.com\/blogdalucianaoliveira.com.br\/blog\/wp-content\/uploads\/2021\/12\/FC31CDC3-A172-4FD3-80C2-74BC23ACCC4A.jpeg?resize=2048%2C1123 2048w, https:\/\/i0.wp.com\/blogdalucianaoliveira.com.br\/blog\/wp-content\/uploads\/2021\/12\/FC31CDC3-A172-4FD3-80C2-74BC23ACCC4A.jpeg?resize=547%2C300 547w, https:\/\/i0.wp.com\/blogdalucianaoliveira.com.br\/blog\/wp-content\/uploads\/2021\/12\/FC31CDC3-A172-4FD3-80C2-74BC23ACCC4A.jpeg?w=1200 1200w, https:\/\/i0.wp.com\/blogdalucianaoliveira.com.br\/blog\/wp-content\/uploads\/2021\/12\/FC31CDC3-A172-4FD3-80C2-74BC23ACCC4A.jpeg?w=1800 1800w\" sizes=\"auto, (max-width: 600px) 100vw, 600px\" \/><\/figure>\n","protected":false},"excerpt":{"rendered":"<p>O ator e comunicador Juraci J\u00fanior recebe como convidado na pr\u00f3xima sexta-feira (10) o fot\u00f3grafo e documentarista Luiz Brito para um bate-papo com o tema &#8220;Olhar Sobre a Cidade: Afeto e Mem\u00f3ria Sobre Porto Velho&#8221;, semin\u00e1rio online que marca o lan\u00e7amento do seu primeiro livro, o Pele de Rio, que une fotografias e poesias inspiradas&#8230;<a class=\"more-link\" href=\"http:\/\/blogdalucianaoliveira.com.br\/blog\/2021\/12\/08\/fotografia-luiz-brito-e-juraci-junior-batem-papo-sobre-o-olhar-para-a-cidade-em-live-de-lancamento-de-livro-na-sexta-10\/\">Continue a leitura <span class=\"meta-nav\">&raquo;<\/span><\/a><\/p>\n","protected":false},"author":1,"featured_media":0,"comment_status":"closed","ping_status":"open","sticky":false,"template":"","format":"standard","meta":{"_exactmetrics_skip_tracking":false,"_exactmetrics_sitenote_active":false,"_exactmetrics_sitenote_note":"","_exactmetrics_sitenote_category":0,"jetpack_post_was_ever_published":false,"_jetpack_newsletter_access":"","_jetpack_dont_email_post_to_subs":false,"_jetpack_newsletter_tier_id":0,"_jetpack_memberships_contains_paywalled_content":false,"_jetpack_memberships_contains_paid_content":false,"footnotes":"","jetpack_publicize_message":"","jetpack_publicize_feature_enabled":true,"jetpack_social_post_already_shared":true,"jetpack_social_options":{"image_generator_settings":{"template":"highway","enabled":false},"version":2}},"categories":[1],"tags":[],"class_list":["post-33172","post","type-post","status-publish","format-standard","hentry","category-notas"],"jetpack_publicize_connections":[],"jetpack_sharing_enabled":true,"jetpack_featured_media_url":"","jetpack_shortlink":"https:\/\/wp.me\/p7wKYW-8D2","jetpack-related-posts":[],"_links":{"self":[{"href":"http:\/\/blogdalucianaoliveira.com.br\/blog\/wp-json\/wp\/v2\/posts\/33172","targetHints":{"allow":["GET"]}}],"collection":[{"href":"http:\/\/blogdalucianaoliveira.com.br\/blog\/wp-json\/wp\/v2\/posts"}],"about":[{"href":"http:\/\/blogdalucianaoliveira.com.br\/blog\/wp-json\/wp\/v2\/types\/post"}],"author":[{"embeddable":true,"href":"http:\/\/blogdalucianaoliveira.com.br\/blog\/wp-json\/wp\/v2\/users\/1"}],"replies":[{"embeddable":true,"href":"http:\/\/blogdalucianaoliveira.com.br\/blog\/wp-json\/wp\/v2\/comments?post=33172"}],"version-history":[{"count":1,"href":"http:\/\/blogdalucianaoliveira.com.br\/blog\/wp-json\/wp\/v2\/posts\/33172\/revisions"}],"predecessor-version":[{"id":33176,"href":"http:\/\/blogdalucianaoliveira.com.br\/blog\/wp-json\/wp\/v2\/posts\/33172\/revisions\/33176"}],"wp:attachment":[{"href":"http:\/\/blogdalucianaoliveira.com.br\/blog\/wp-json\/wp\/v2\/media?parent=33172"}],"wp:term":[{"taxonomy":"category","embeddable":true,"href":"http:\/\/blogdalucianaoliveira.com.br\/blog\/wp-json\/wp\/v2\/categories?post=33172"},{"taxonomy":"post_tag","embeddable":true,"href":"http:\/\/blogdalucianaoliveira.com.br\/blog\/wp-json\/wp\/v2\/tags?post=33172"}],"curies":[{"name":"wp","href":"https:\/\/api.w.org\/{rel}","templated":true}]}}