{"id":33181,"date":"2021-12-09T08:50:52","date_gmt":"2021-12-09T12:50:52","guid":{"rendered":"http:\/\/blogdalucianaoliveira.com.br\/blog\/?p=33181"},"modified":"2021-12-09T08:50:59","modified_gmt":"2021-12-09T12:50:59","slug":"o-mst-e-a-reforma-agraria-popular-parte-2-agroecologia-e-solidariedade-2","status":"publish","type":"post","link":"http:\/\/blogdalucianaoliveira.com.br\/blog\/2021\/12\/09\/o-mst-e-a-reforma-agraria-popular-parte-2-agroecologia-e-solidariedade-2\/","title":{"rendered":"O MST e a Reforma Agr\u00e1ria Popular; Parte 2: Agroecologia e solidariedade"},"content":{"rendered":"\n<figure class=\"wp-block-image size-large\"><img loading=\"lazy\" decoding=\"async\" width=\"1280\" height=\"720\" data-attachment-id=\"33182\" data-permalink=\"http:\/\/blogdalucianaoliveira.com.br\/blog\/2021\/12\/09\/o-mst-e-a-reforma-agraria-popular-parte-2-agroecologia-e-solidariedade-2\/2a355fe0-9eac-4cbe-a00d-8075f58a995c\/\" data-orig-file=\"https:\/\/i0.wp.com\/blogdalucianaoliveira.com.br\/blog\/wp-content\/uploads\/2021\/12\/2A355FE0-9EAC-4CBE-A00D-8075F58A995C.jpeg?fit=1280%2C720\" data-orig-size=\"1280,720\" data-comments-opened=\"0\" data-image-meta=\"{&quot;aperture&quot;:&quot;0&quot;,&quot;credit&quot;:&quot;&quot;,&quot;camera&quot;:&quot;&quot;,&quot;caption&quot;:&quot;&quot;,&quot;created_timestamp&quot;:&quot;0&quot;,&quot;copyright&quot;:&quot;&quot;,&quot;focal_length&quot;:&quot;0&quot;,&quot;iso&quot;:&quot;0&quot;,&quot;shutter_speed&quot;:&quot;0&quot;,&quot;title&quot;:&quot;&quot;,&quot;orientation&quot;:&quot;0&quot;}\" data-image-title=\"2A355FE0-9EAC-4CBE-A00D-8075F58A995C\" data-image-description=\"\" data-image-caption=\"\" data-medium-file=\"https:\/\/i0.wp.com\/blogdalucianaoliveira.com.br\/blog\/wp-content\/uploads\/2021\/12\/2A355FE0-9EAC-4CBE-A00D-8075F58A995C.jpeg?fit=300%2C169\" data-large-file=\"https:\/\/i0.wp.com\/blogdalucianaoliveira.com.br\/blog\/wp-content\/uploads\/2021\/12\/2A355FE0-9EAC-4CBE-A00D-8075F58A995C.jpeg?fit=600%2C338\" src=\"https:\/\/i2.wp.com\/blogdalucianaoliveira.com.br\/blog\/wp-content\/uploads\/2021\/12\/2A355FE0-9EAC-4CBE-A00D-8075F58A995C.jpeg?fit=600%2C338\" alt=\"\" class=\"wp-image-33182\" srcset=\"https:\/\/i0.wp.com\/blogdalucianaoliveira.com.br\/blog\/wp-content\/uploads\/2021\/12\/2A355FE0-9EAC-4CBE-A00D-8075F58A995C.jpeg?w=1280 1280w, https:\/\/i0.wp.com\/blogdalucianaoliveira.com.br\/blog\/wp-content\/uploads\/2021\/12\/2A355FE0-9EAC-4CBE-A00D-8075F58A995C.jpeg?resize=300%2C169 300w, https:\/\/i0.wp.com\/blogdalucianaoliveira.com.br\/blog\/wp-content\/uploads\/2021\/12\/2A355FE0-9EAC-4CBE-A00D-8075F58A995C.jpeg?resize=1024%2C576 1024w, https:\/\/i0.wp.com\/blogdalucianaoliveira.com.br\/blog\/wp-content\/uploads\/2021\/12\/2A355FE0-9EAC-4CBE-A00D-8075F58A995C.jpeg?resize=768%2C432 768w, https:\/\/i0.wp.com\/blogdalucianaoliveira.com.br\/blog\/wp-content\/uploads\/2021\/12\/2A355FE0-9EAC-4CBE-A00D-8075F58A995C.jpeg?resize=533%2C300 533w, https:\/\/i0.wp.com\/blogdalucianaoliveira.com.br\/blog\/wp-content\/uploads\/2021\/12\/2A355FE0-9EAC-4CBE-A00D-8075F58A995C.jpeg?w=1200 1200w\" sizes=\"auto, (max-width: 600px) 100vw, 600px\" \/><\/figure>\n\n\n\n<p><\/p>\n\n\n\n<p>Na segunda reportagem da s\u00e9rie sobre assentamentos do Movimento dos Sem Terra em Rond\u00f4nia, vamos mostrar que os trabalhadores rurais s\u00e3o capazes n\u00e3o s\u00f3 de produzir de maneira sustent\u00e1vel, mas tamb\u00e9m de compartilhar.<br> Agroecologia e solidariedade em movimento.<br> Vamos mostrar ainda um projeto de reflorestamento do MST que prev\u00ea o plantio de 100 milh\u00f5es de \u00e1rvores no pa\u00eds e um milh\u00e3o em Rond\u00f4nia.<\/p>\n\n\n\n<!--more-->\n\n\n\n<p>Assista:<\/p>\n\n\n\n<figure class=\"wp-block-embed-youtube wp-block-embed is-type-video is-provider-youtube wp-embed-aspect-16-9 wp-has-aspect-ratio\"><div class=\"wp-block-embed__wrapper\">\n<div class=\"jetpack-video-wrapper\"><iframe loading=\"lazy\" title=\"Parte 2: MST e a reforma agr\u00e1ria popular com agroecologia e solidariedade\" width=\"600\" height=\"338\" src=\"https:\/\/www.youtube.com\/embed\/FUllaU7vKz4?feature=oembed\" frameborder=\"0\" allow=\"accelerometer; autoplay; clipboard-write; encrypted-media; gyroscope; picture-in-picture; web-share\" referrerpolicy=\"strict-origin-when-cross-origin\" allowfullscreen><\/iframe><\/div>\n<\/div><\/figure>\n\n\n\n<p><\/p>\n","protected":false},"excerpt":{"rendered":"<p>Na segunda reportagem da s\u00e9rie sobre assentamentos do Movimento dos Sem Terra em Rond\u00f4nia, vamos mostrar que os trabalhadores rurais s\u00e3o capazes n\u00e3o s\u00f3 de produzir de maneira sustent\u00e1vel, mas tamb\u00e9m de compartilhar. Agroecologia e solidariedade em movimento. Vamos mostrar ainda um projeto de reflorestamento do MST que prev\u00ea o plantio de 100 milh\u00f5es de&#8230;<a class=\"more-link\" href=\"http:\/\/blogdalucianaoliveira.com.br\/blog\/2021\/12\/09\/o-mst-e-a-reforma-agraria-popular-parte-2-agroecologia-e-solidariedade-2\/\">Continue a leitura <span class=\"meta-nav\">&raquo;<\/span><\/a><\/p>\n","protected":false},"author":1,"featured_media":0,"comment_status":"closed","ping_status":"open","sticky":false,"template":"","format":"standard","meta":{"_exactmetrics_skip_tracking":false,"_exactmetrics_sitenote_active":false,"_exactmetrics_sitenote_note":"","_exactmetrics_sitenote_category":0,"jetpack_post_was_ever_published":false,"_jetpack_newsletter_access":"","_jetpack_dont_email_post_to_subs":false,"_jetpack_newsletter_tier_id":0,"_jetpack_memberships_contains_paywalled_content":false,"_jetpack_memberships_contains_paid_content":false,"footnotes":"","jetpack_publicize_message":"","jetpack_publicize_feature_enabled":true,"jetpack_social_post_already_shared":true,"jetpack_social_options":{"image_generator_settings":{"template":"highway","enabled":false},"version":2}},"categories":[1],"tags":[639,635,7,640],"class_list":["post-33181","post","type-post","status-publish","format-standard","hentry","category-notas","tag-agroecologia","tag-mst","tag-rondonia","tag-solidariedade"],"jetpack_publicize_connections":[],"jetpack_sharing_enabled":true,"jetpack_featured_media_url":"","jetpack_shortlink":"https:\/\/wp.me\/p7wKYW-8Db","jetpack-related-posts":[],"_links":{"self":[{"href":"http:\/\/blogdalucianaoliveira.com.br\/blog\/wp-json\/wp\/v2\/posts\/33181","targetHints":{"allow":["GET"]}}],"collection":[{"href":"http:\/\/blogdalucianaoliveira.com.br\/blog\/wp-json\/wp\/v2\/posts"}],"about":[{"href":"http:\/\/blogdalucianaoliveira.com.br\/blog\/wp-json\/wp\/v2\/types\/post"}],"author":[{"embeddable":true,"href":"http:\/\/blogdalucianaoliveira.com.br\/blog\/wp-json\/wp\/v2\/users\/1"}],"replies":[{"embeddable":true,"href":"http:\/\/blogdalucianaoliveira.com.br\/blog\/wp-json\/wp\/v2\/comments?post=33181"}],"version-history":[{"count":1,"href":"http:\/\/blogdalucianaoliveira.com.br\/blog\/wp-json\/wp\/v2\/posts\/33181\/revisions"}],"predecessor-version":[{"id":33183,"href":"http:\/\/blogdalucianaoliveira.com.br\/blog\/wp-json\/wp\/v2\/posts\/33181\/revisions\/33183"}],"wp:attachment":[{"href":"http:\/\/blogdalucianaoliveira.com.br\/blog\/wp-json\/wp\/v2\/media?parent=33181"}],"wp:term":[{"taxonomy":"category","embeddable":true,"href":"http:\/\/blogdalucianaoliveira.com.br\/blog\/wp-json\/wp\/v2\/categories?post=33181"},{"taxonomy":"post_tag","embeddable":true,"href":"http:\/\/blogdalucianaoliveira.com.br\/blog\/wp-json\/wp\/v2\/tags?post=33181"}],"curies":[{"name":"wp","href":"https:\/\/api.w.org\/{rel}","templated":true}]}}