{"id":33184,"date":"2021-12-14T13:38:35","date_gmt":"2021-12-14T17:38:35","guid":{"rendered":"http:\/\/blogdalucianaoliveira.com.br\/blog\/?p=33184"},"modified":"2021-12-14T13:38:42","modified_gmt":"2021-12-14T17:38:42","slug":"nota-do-bloco-mistura-fina","status":"publish","type":"post","link":"http:\/\/blogdalucianaoliveira.com.br\/blog\/2021\/12\/14\/nota-do-bloco-mistura-fina\/","title":{"rendered":"NOTA DO BLOCO MISTURA FINA"},"content":{"rendered":"\n<figure class=\"wp-block-image size-large\"><img loading=\"lazy\" decoding=\"async\" width=\"1600\" height=\"1203\" data-attachment-id=\"33185\" data-permalink=\"http:\/\/blogdalucianaoliveira.com.br\/blog\/2021\/12\/14\/nota-do-bloco-mistura-fina\/dc6be54c-02d9-4897-8a06-6ec070ae44a4\/\" data-orig-file=\"https:\/\/i0.wp.com\/blogdalucianaoliveira.com.br\/blog\/wp-content\/uploads\/2021\/12\/DC6BE54C-02D9-4897-8A06-6EC070AE44A4.jpeg?fit=1600%2C1203\" data-orig-size=\"1600,1203\" data-comments-opened=\"0\" data-image-meta=\"{&quot;aperture&quot;:&quot;0&quot;,&quot;credit&quot;:&quot;&quot;,&quot;camera&quot;:&quot;&quot;,&quot;caption&quot;:&quot;&quot;,&quot;created_timestamp&quot;:&quot;0&quot;,&quot;copyright&quot;:&quot;&quot;,&quot;focal_length&quot;:&quot;0&quot;,&quot;iso&quot;:&quot;0&quot;,&quot;shutter_speed&quot;:&quot;0&quot;,&quot;title&quot;:&quot;&quot;,&quot;orientation&quot;:&quot;1&quot;}\" data-image-title=\"DC6BE54C-02D9-4897-8A06-6EC070AE44A4\" data-image-description=\"\" data-image-caption=\"\" data-medium-file=\"https:\/\/i0.wp.com\/blogdalucianaoliveira.com.br\/blog\/wp-content\/uploads\/2021\/12\/DC6BE54C-02D9-4897-8A06-6EC070AE44A4.jpeg?fit=300%2C226\" data-large-file=\"https:\/\/i0.wp.com\/blogdalucianaoliveira.com.br\/blog\/wp-content\/uploads\/2021\/12\/DC6BE54C-02D9-4897-8A06-6EC070AE44A4.jpeg?fit=600%2C451\" src=\"https:\/\/i1.wp.com\/blogdalucianaoliveira.com.br\/blog\/wp-content\/uploads\/2021\/12\/DC6BE54C-02D9-4897-8A06-6EC070AE44A4.jpeg?fit=600%2C451\" alt=\"\" class=\"wp-image-33185\" srcset=\"https:\/\/i0.wp.com\/blogdalucianaoliveira.com.br\/blog\/wp-content\/uploads\/2021\/12\/DC6BE54C-02D9-4897-8A06-6EC070AE44A4.jpeg?w=1600 1600w, https:\/\/i0.wp.com\/blogdalucianaoliveira.com.br\/blog\/wp-content\/uploads\/2021\/12\/DC6BE54C-02D9-4897-8A06-6EC070AE44A4.jpeg?resize=300%2C226 300w, https:\/\/i0.wp.com\/blogdalucianaoliveira.com.br\/blog\/wp-content\/uploads\/2021\/12\/DC6BE54C-02D9-4897-8A06-6EC070AE44A4.jpeg?resize=1024%2C770 1024w, https:\/\/i0.wp.com\/blogdalucianaoliveira.com.br\/blog\/wp-content\/uploads\/2021\/12\/DC6BE54C-02D9-4897-8A06-6EC070AE44A4.jpeg?resize=768%2C577 768w, https:\/\/i0.wp.com\/blogdalucianaoliveira.com.br\/blog\/wp-content\/uploads\/2021\/12\/DC6BE54C-02D9-4897-8A06-6EC070AE44A4.jpeg?resize=1536%2C1155 1536w, https:\/\/i0.wp.com\/blogdalucianaoliveira.com.br\/blog\/wp-content\/uploads\/2021\/12\/DC6BE54C-02D9-4897-8A06-6EC070AE44A4.jpeg?resize=399%2C300 399w, https:\/\/i0.wp.com\/blogdalucianaoliveira.com.br\/blog\/wp-content\/uploads\/2021\/12\/DC6BE54C-02D9-4897-8A06-6EC070AE44A4.jpeg?w=1200 1200w\" sizes=\"auto, (max-width: 600px) 100vw, 600px\" \/><\/figure>\n\n\n\n<p><\/p>\n\n\n\n<p>&#8220;Venha em Paz essa \u00e9 a melhor fantasia\u2026&#8221;<\/p>\n\n\n\n<p>Este \u00e9 e sempre foi o lema do Bloco Mistura Fina.<\/p>\n\n\n\n<p>Agora, viemos para dizer que amar \u00e9 ter a vida em primeiro lugar!<\/p>\n\n\n\n<!--more-->\n\n\n\n<p>Conforme j\u00e1 temos falado com amigos e amigas, foli\u00f5es do Bloco Mitura Fina, que no dia 31 de dezembro completar\u00e1 38 anos de exist\u00eancia e hist\u00f3ria, diante do cen\u00e1rio atual, vem a p\u00fablico registrar que:<\/p>\n\n\n\n<p>Em solidariedade \u00e0s v\u00edtimas do covid-19 e \u00e0s suas fam\u00edlias;<\/p>\n\n\n\n<p>Por ainda haver muitas pessoas que n\u00e3o se vacinaram;<\/p>\n\n\n\n<p>Por infelizmente os casos de contamina\u00e7\u00e3o terem voltado a crescer; e<\/p>\n\n\n\n<p>Sobre tudo por prezarmos  pelo cuidado e bem estar dos amigos e amigas\u2026<\/p>\n\n\n\n<p>O Bloco Mistura Fina N\u00c3O desfilar\u00e1 dia 31 de dezembro de 2021.<\/p>\n\n\n\n<p>Entendemos que \u00e9 necess\u00e1rio redobrar os cuidados conosco e com quem amamos. <\/p>\n\n\n\n<p>Se voc\u00ea n\u00e3o se vacinou pense nas pessoas que ama e tome sua vacina.<\/p>\n\n\n\n<h1 class=\"wp-block-heading\">QuemAmaCuida<\/h1>\n\n\n\n<h1 class=\"wp-block-heading\">Vacinar\u00c9Cuidar\u2026<\/h1>\n\n\n\n<h1 class=\"wp-block-heading\">Vacinar\u00c9Amar<\/h1>\n\n\n\n<p>PRECISAMOS DE SUA COLABORA\u00c7\u00c3O<br>\nPedimos ajuda, caso possam, para nos enviar nomes, e, se poss\u00edvel, fotos de foli\u00f5es do Bloco Mistura Fina, que infelizmente fizeram a passagem neste per\u00edodo de pandemia.<\/p>\n","protected":false},"excerpt":{"rendered":"<p>&#8220;Venha em Paz essa \u00e9 a melhor fantasia\u2026&#8221; Este \u00e9 e sempre foi o lema do Bloco Mistura Fina. Agora, viemos para dizer que amar \u00e9 ter a vida em primeiro lugar!<\/p>\n","protected":false},"author":1,"featured_media":0,"comment_status":"closed","ping_status":"open","sticky":false,"template":"","format":"standard","meta":{"_exactmetrics_skip_tracking":false,"_exactmetrics_sitenote_active":false,"_exactmetrics_sitenote_note":"","_exactmetrics_sitenote_category":0,"jetpack_post_was_ever_published":false,"_jetpack_newsletter_access":"","_jetpack_dont_email_post_to_subs":false,"_jetpack_newsletter_tier_id":0,"_jetpack_memberships_contains_paywalled_content":false,"_jetpack_memberships_contains_paid_content":false,"footnotes":"","jetpack_publicize_message":"","jetpack_publicize_feature_enabled":true,"jetpack_social_post_already_shared":true,"jetpack_social_options":{"image_generator_settings":{"template":"highway","enabled":false},"version":2}},"categories":[1],"tags":[],"class_list":["post-33184","post","type-post","status-publish","format-standard","hentry","category-notas"],"jetpack_publicize_connections":[],"jetpack_sharing_enabled":true,"jetpack_featured_media_url":"","jetpack_shortlink":"https:\/\/wp.me\/p7wKYW-8De","jetpack-related-posts":[],"_links":{"self":[{"href":"http:\/\/blogdalucianaoliveira.com.br\/blog\/wp-json\/wp\/v2\/posts\/33184","targetHints":{"allow":["GET"]}}],"collection":[{"href":"http:\/\/blogdalucianaoliveira.com.br\/blog\/wp-json\/wp\/v2\/posts"}],"about":[{"href":"http:\/\/blogdalucianaoliveira.com.br\/blog\/wp-json\/wp\/v2\/types\/post"}],"author":[{"embeddable":true,"href":"http:\/\/blogdalucianaoliveira.com.br\/blog\/wp-json\/wp\/v2\/users\/1"}],"replies":[{"embeddable":true,"href":"http:\/\/blogdalucianaoliveira.com.br\/blog\/wp-json\/wp\/v2\/comments?post=33184"}],"version-history":[{"count":1,"href":"http:\/\/blogdalucianaoliveira.com.br\/blog\/wp-json\/wp\/v2\/posts\/33184\/revisions"}],"predecessor-version":[{"id":33186,"href":"http:\/\/blogdalucianaoliveira.com.br\/blog\/wp-json\/wp\/v2\/posts\/33184\/revisions\/33186"}],"wp:attachment":[{"href":"http:\/\/blogdalucianaoliveira.com.br\/blog\/wp-json\/wp\/v2\/media?parent=33184"}],"wp:term":[{"taxonomy":"category","embeddable":true,"href":"http:\/\/blogdalucianaoliveira.com.br\/blog\/wp-json\/wp\/v2\/categories?post=33184"},{"taxonomy":"post_tag","embeddable":true,"href":"http:\/\/blogdalucianaoliveira.com.br\/blog\/wp-json\/wp\/v2\/tags?post=33184"}],"curies":[{"name":"wp","href":"https:\/\/api.w.org\/{rel}","templated":true}]}}