{"id":33191,"date":"2021-12-14T13:48:03","date_gmt":"2021-12-14T17:48:03","guid":{"rendered":"http:\/\/blogdalucianaoliveira.com.br\/blog\/?p=33191"},"modified":"2021-12-14T13:48:07","modified_gmt":"2021-12-14T17:48:07","slug":"mortes-em-virtude-de-conflitos-no-campo-aumentam-1-044-em-2021","status":"publish","type":"post","link":"http:\/\/blogdalucianaoliveira.com.br\/blog\/2021\/12\/14\/mortes-em-virtude-de-conflitos-no-campo-aumentam-1-044-em-2021\/","title":{"rendered":"Mortes em virtude de conflitos no campo aumentam 1.044% em 2021"},"content":{"rendered":"\n<figure class=\"wp-block-image size-large\"><img data-recalc-dims=\"1\" loading=\"lazy\" decoding=\"async\" width=\"600\" height=\"411\" data-attachment-id=\"33192\" data-permalink=\"http:\/\/blogdalucianaoliveira.com.br\/blog\/2021\/12\/14\/mortes-em-virtude-de-conflitos-no-campo-aumentam-1-044-em-2021\/cd5d0b0e-8d24-4328-a0d5-19edd72ff6d1\/\" data-orig-file=\"https:\/\/i0.wp.com\/blogdalucianaoliveira.com.br\/blog\/wp-content\/uploads\/2021\/12\/CD5D0B0E-8D24-4328-A0D5-19EDD72FF6D1.jpeg?fit=672%2C460\" data-orig-size=\"672,460\" data-comments-opened=\"0\" data-image-meta=\"{&quot;aperture&quot;:&quot;0&quot;,&quot;credit&quot;:&quot;&quot;,&quot;camera&quot;:&quot;&quot;,&quot;caption&quot;:&quot;&quot;,&quot;created_timestamp&quot;:&quot;0&quot;,&quot;copyright&quot;:&quot;&quot;,&quot;focal_length&quot;:&quot;0&quot;,&quot;iso&quot;:&quot;0&quot;,&quot;shutter_speed&quot;:&quot;0&quot;,&quot;title&quot;:&quot;&quot;,&quot;orientation&quot;:&quot;0&quot;}\" data-image-title=\"CD5D0B0E-8D24-4328-A0D5-19EDD72FF6D1\" data-image-description=\"\" data-image-caption=\"\" data-medium-file=\"https:\/\/i0.wp.com\/blogdalucianaoliveira.com.br\/blog\/wp-content\/uploads\/2021\/12\/CD5D0B0E-8D24-4328-A0D5-19EDD72FF6D1.jpeg?fit=300%2C205\" data-large-file=\"https:\/\/i0.wp.com\/blogdalucianaoliveira.com.br\/blog\/wp-content\/uploads\/2021\/12\/CD5D0B0E-8D24-4328-A0D5-19EDD72FF6D1.jpeg?fit=600%2C411\" src=\"https:\/\/i0.wp.com\/blogdalucianaoliveira.com.br\/blog\/wp-content\/uploads\/2021\/12\/CD5D0B0E-8D24-4328-A0D5-19EDD72FF6D1.jpeg?resize=600%2C411\" alt=\"\" class=\"wp-image-33192\" srcset=\"https:\/\/i0.wp.com\/blogdalucianaoliveira.com.br\/blog\/wp-content\/uploads\/2021\/12\/CD5D0B0E-8D24-4328-A0D5-19EDD72FF6D1.jpeg?w=672 672w, https:\/\/i0.wp.com\/blogdalucianaoliveira.com.br\/blog\/wp-content\/uploads\/2021\/12\/CD5D0B0E-8D24-4328-A0D5-19EDD72FF6D1.jpeg?resize=300%2C205 300w, https:\/\/i0.wp.com\/blogdalucianaoliveira.com.br\/blog\/wp-content\/uploads\/2021\/12\/CD5D0B0E-8D24-4328-A0D5-19EDD72FF6D1.jpeg?resize=438%2C300 438w\" sizes=\"auto, (max-width: 600px) 100vw, 600px\" \/><\/figure>\n\n\n\n<p><strong><em>Segundo relat\u00f3rio parcial da Comiss\u00e3o Pastoral da Terra, divulgado na sexta-feira, casos passaram de 9, em todo o ano de 2020, para 103, apenas at\u00e9 agosto; desses, 101 foram de ind\u00edgenas Yanomami, muitos dos quais crian\u00e7as<\/em><\/strong><\/p>\n\n\n\n<!--more-->\n\n\n\n<p>Por&nbsp;<strong>Mariana Franco Ramos<\/strong><\/p>\n\n\n\n<figure class=\"wp-block-image\"><a href=\"https:\/\/deolhonosruralistas.com.br\/de-olho-nos-mil-parceiros\/\"><img decoding=\"async\" src=\"https:\/\/i1.wp.com\/deolhonosruralistas.com.br\/wp-content\/uploads\/2017\/03\/DEOLHO2017-chamada-meio-texto.png?resize=635%2C40\" alt=\"\" class=\"wp-image-3364\"\/><\/a><\/figure>\n\n\n\n<p>Ao menos 103 pessoas, sendo 101 ind\u00edgenas Yanomamis, j\u00e1 morreram em decorr\u00eancia de conflitos no campo em 2021. Os dados parciais fazem parte do relat\u00f3rio da&nbsp;<a href=\"https:\/\/www.cptnacional.org.br\/publicacoes\/noticias\/conflitos-no-campo\/5888-cpt-divulgara-dados-parciais-de-conflitos-no-campo-em-2021-no-dia-internacional-dos-direitos-humanos-10\">Comiss\u00e3o Pastoral da Terra (CPT)<\/a>, divulgado nesta sexta-feira (10), Dia Internacional dos Direitos Humanos, e correspondem ao per\u00edodo que vai de 01 de janeiro a 31 de agosto. Os casos dispararam 1.044% em rela\u00e7\u00e3o ao ano passado, quando foram contabilizadas nove situa\u00e7\u00f5es. Conforme a CPT, a fonte de pesquisa n\u00e3o permite extrair o n\u00famero exato por faixa et\u00e1ria.<\/p>\n\n\n\n<div class=\"wp-block-image\"><figure class=\"alignleft\"><img decoding=\"async\" data-attachment-id=\"23933\" data-permalink=\"http:\/\/blogdalucianaoliveira.com.br\/blog\/2019\/09\/16\/nazif-expedito-jaqueline-e-silvia-cristina-assinam-a-favor-da-instalacao-da-cpi-da-lava-jato-mote-e-investigar-moro-e-dallagnol\/moro-7\/\" data-orig-file=\"https:\/\/i0.wp.com\/blogdalucianaoliveira.com.br\/blog\/wp-content\/uploads\/2019\/09\/MORO-1.jpeg?fit=960%2C640\" data-orig-size=\"960,640\" data-comments-opened=\"0\" data-image-meta=\"{&quot;aperture&quot;:&quot;0&quot;,&quot;credit&quot;:&quot;&quot;,&quot;camera&quot;:&quot;&quot;,&quot;caption&quot;:&quot;&quot;,&quot;created_timestamp&quot;:&quot;0&quot;,&quot;copyright&quot;:&quot;&quot;,&quot;focal_length&quot;:&quot;0&quot;,&quot;iso&quot;:&quot;0&quot;,&quot;shutter_speed&quot;:&quot;0&quot;,&quot;title&quot;:&quot;&quot;,&quot;orientation&quot;:&quot;0&quot;}\" data-image-title=\"MORO\" data-image-description=\"\" data-image-caption=\"\" data-medium-file=\"https:\/\/i0.wp.com\/blogdalucianaoliveira.com.br\/blog\/wp-content\/uploads\/2019\/09\/MORO-1.jpeg?fit=300%2C200\" data-large-file=\"https:\/\/i0.wp.com\/blogdalucianaoliveira.com.br\/blog\/wp-content\/uploads\/2019\/09\/MORO-1.jpeg?fit=600%2C400\" src=\"https:\/\/i1.wp.com\/deolhonosruralistas.com.br\/wp-content\/uploads\/2021\/12\/cpt-relatorio-2021.jpg?resize=300%2C300&amp;ssl=1\" alt=\"Publica\u00e7\u00e3o mostra que viol\u00eancia no campo disparou em 2021. (Imagem: Divulga\u00e7\u00e3o)\" class=\"wp-image-23933\"\/><\/figure><\/div>\n\n\n\n<p>Das 101 mortes, por\u00e9m, \u00e9 poss\u00edvel informar que em torno de 45 eram crian\u00e7as. Nos \u00faltimos meses, fotografias de meninas e meninos muito magros, desnutridos, correram o mundo. Eles vivem na maior reserva ind\u00edgena do pa\u00eds. S\u00e3o nove milh\u00f5es de hectares dentro da Floresta Amaz\u00f4nica \u2014 uma \u00e1rea do tamanho de Portugal.<\/p>\n\n\n\n<p>A maior parte das estat\u00edsticas foi apresentada no II F\u00f3rum de Lideran\u00e7as Yanomami e Ye\u2019Kwuana, ocorrido entre 4 e 7 de setembro de 2021, na regi\u00e3o da Tabalascada, munic\u00edpio de Cant\u00e1, ao norte de Roraima. H\u00e1 grande dificuldade em estabelecer as datas exatas de ocorr\u00eancia das mortes.<\/p>\n\n\n\n<p>Ao longo do ano, invas\u00f5es de garimpeiros ao territ\u00f3rio resultaram em assassinatos, agress\u00f5es, amea\u00e7as, contamina\u00e7\u00e3o da \u00e1gua e desmatamento, al\u00e9m de serem vetores de doen\u00e7as diversas, como a Covid-19.&nbsp;Cerca de 30 mil ind\u00edgenas vivem na reserva, em mais de 300 comunidades.<\/p>\n\n\n\n<p>Ainda segundo o documento, a falta de pol\u00edticas p\u00fablicas de sa\u00fade e alimenta\u00e7\u00e3o exp\u00f4s o alto \u00edndice de desnutri\u00e7\u00e3o que acomete as crian\u00e7as yanomamis, muitas vezes mortalmente, e tamb\u00e9m evidenciou como doen\u00e7as, a exemplo de mal\u00e1ria, leishmaniose e pneumonia, matam esses povos. A a\u00e7\u00e3o criminosa de garimpeiros na TI, que coloca em risco a sobreviv\u00eancia dos moradores. foi tema de&nbsp;<a href=\"http:\/\/Crian\u00e7as yanomami sofrem com desnutri\u00e7\u00e3o e falta de atendimento m\u00e9dico \u2014 Foto: Reprodu\u00e7\u00e3o\/Fant\u00e1stico\">reportagem<\/a>&nbsp;do Fant\u00e1stico.<\/p>\n\n\n\n<p>A rea\u00e7\u00e3o dos movimentos sociais \u00e0 viol\u00eancia no campo em 2021 foi tema da \u00faltima edi\u00e7\u00e3o do programa semanal De Olho na Resist\u00eancia, na quinta-feira. Confira:<\/p>\n\n\n\n<figure><iframe loading=\"lazy\" width=\"1010\" height=\"569\" src=\"https:\/\/www.youtube.com\/embed\/_fy99S1ZGJg?version=3&amp;rel=1&amp;showsearch=0&amp;showinfo=1&amp;iv_load_policy=1&amp;fs=1&amp;hl=pt-BR&amp;autohide=2&amp;wmode=transparent\" allowfullscreen=\"true\"><\/iframe><\/figure>\n\n\n\n<h3 class=\"wp-block-heading\">ASSASSINATOS DE CAMPONESES DISPARAM EM 2021<\/h3>\n\n\n\n<p>A pesquisa da CPT mostra que, entre janeiro e novembro de 2021, foram registrados 26 assassinatos em conflitos no campo. O \u00edndice significa um aumento de 30% em rela\u00e7\u00e3o a todo o ano anterior, quando aconteceram 20 casos. O n\u00famero de sem-terra mortos passou de 2, em 2020, para 6, em 2021. Das 26 v\u00edtimas desse tipo de crime, 8 eram ind\u00edgenas, 6 sem-terra, 3 posseiros, 3 quilombolas, 2 assentados, 2 pequenos propriet\u00e1rios e 2 quebradeiras de coco baba\u00e7u.<\/p>\n\n\n\n<p>Em rela\u00e7\u00e3o a 2020, o n\u00famero de ind\u00edgenas e quilombolas assassinados se manteve igual. A quantidade de sem-terra triplicou. Passou de 2, em 2020, para 6, em 2021.<\/p>\n\n\n\n<p>Outro dado que chama a aten\u00e7\u00e3o \u00e9 que todos os quilombolas assassinados em 2021 (3) eram do Maranh\u00e3o, unidade da federa\u00e7\u00e3o com o maior n\u00famero de assassinatos no ano (9), cerca de um ter\u00e7o do total registrado at\u00e9 o momento. Em recente&nbsp;<a href=\"https:\/\/deolhonosruralistas.com.br\/2021\/11\/11\/advogado-critica-omissao-do-governo-flavio-dino-na-escalada-da-violencia-no-campo\/\">entrevista<\/a>&nbsp;ao De Olho nos Ruralistas, o advogado Waldemir Soares J\u00fanior, que atua junto a movimentos populares, falou sobre os casos e relacionou a impunidade \u00e0 blindagem da m\u00eddia.<\/p>\n\n\n\n<p>Em trinta anos, foram mais de 140 homic\u00eddios no estado e uma taxa de resolu\u00e7\u00e3o baix\u00edssima, de 5%, de acordo com a Federa\u00e7\u00e3o dos Trabalhadores e Trabalhadoras Rurais e Agricultores Familiares (Fetaema).<\/p>\n\n\n\n<figure class=\"wp-block-image\"><img decoding=\"async\" data-attachment-id=\"23502\" data-permalink=\"http:\/\/blogdalucianaoliveira.com.br\/blog\/?attachment_id=23502\" data-orig-file=\"https:\/\/i0.wp.com\/blogdalucianaoliveira.com.br\/blog\/wp-content\/uploads\/2019\/08\/56A1D9AD-0B19-4DFD-BC57-748673607A45.jpeg?fit=1200%2C683\" data-orig-size=\"1200,683\" data-comments-opened=\"0\" data-image-meta=\"{&quot;aperture&quot;:&quot;0&quot;,&quot;credit&quot;:&quot;&quot;,&quot;camera&quot;:&quot;&quot;,&quot;caption&quot;:&quot;&quot;,&quot;created_timestamp&quot;:&quot;0&quot;,&quot;copyright&quot;:&quot;&quot;,&quot;focal_length&quot;:&quot;0&quot;,&quot;iso&quot;:&quot;0&quot;,&quot;shutter_speed&quot;:&quot;0&quot;,&quot;title&quot;:&quot;&quot;,&quot;orientation&quot;:&quot;0&quot;}\" data-image-title=\"56A1D9AD-0B19-4DFD-BC57-748673607A45\" data-image-description=\"\" data-image-caption=\"\" data-medium-file=\"https:\/\/i0.wp.com\/blogdalucianaoliveira.com.br\/blog\/wp-content\/uploads\/2019\/08\/56A1D9AD-0B19-4DFD-BC57-748673607A45.jpeg?fit=300%2C171\" data-large-file=\"https:\/\/i0.wp.com\/blogdalucianaoliveira.com.br\/blog\/wp-content\/uploads\/2019\/08\/56A1D9AD-0B19-4DFD-BC57-748673607A45.jpeg?fit=600%2C342\" src=\"https:\/\/i2.wp.com\/deolhonosruralistas.com.br\/wp-content\/uploads\/2021\/11\/irmaos.jpeg?resize=240%2C227&amp;ssl=1\" alt=\"\" class=\"wp-image-23502\"\/><figcaption>Celino Fernandes e seu filho, Wanderson Rodrigues, foram mortos a tiros em Arari. (Foto: F\u00f3rum e Redes de Cidadania)<\/figcaption><\/figure>\n\n\n\n<p>Os registros mais recentes foram em Arari, munic\u00edpio a 165 quil\u00f4metros de S\u00e3o Lu\u00eds que tem como atividades principais a cria\u00e7\u00e3o de animais e a pesca. No dia 29 de outubro, o campon\u00eas Jo\u00e3o de Deus Moreira Rodrigues, de 51 anos de idade, foi atingido por dois pistoleiros e morreu na porta de casa. Tr\u00eas meses antes, o campon\u00eas Ant\u00f4nio Gon\u00e7alo Diniz, de 70 anos, perdeu a vida em uma emboscada, enquanto esperava a conclus\u00e3o da lavagem de sua moto.<\/p>\n\n\n\n<p>Os 6 sem-terra mortos viviam na Amaz\u00f4nia; cinco deles em Rond\u00f4nia. Todos eram integrantes da Liga dos Camponeses Pobres. Desses \u00faltimos casos, 3 foram mortos em um massacre no dia 13 de agosto, e 2 pelo Batalh\u00e3o de Opera\u00e7\u00f5es Especiais (Bope) da Pol\u00edcia Militar (PM) de Rond\u00f4nia e pela For\u00e7a de Seguran\u00e7a Nacional, no Acampamento Ademar Ferreira, em Nova Mutum, distrito de Porto Velho. Esse foi o \u00fanico massacre registrado pela CPT em 2021. O conflito na regi\u00e3o continua muito tenso.<\/p>\n\n\n\n<h3 class=\"wp-block-heading\">FAZENDEIROS, EMPRES\u00c1RIOS E GOVERNO PROTAGONIZAM CONFLITOS<\/h3>\n\n\n\n<p>O n\u00famero de posseiros assassinados, por sua vez, passou de 1, em 2020, para 3, em 2021, e de assentados de 1, em 2020, para 2 em 2021. Al\u00e9m disso, houve um aumento de 50% nas agress\u00f5es, 200% nas amea\u00e7as de pris\u00e3o,<br>1.100% nas humilha\u00e7\u00f5es, 14% na intimida\u00e7\u00e3o e 1.044% nas mortes em consequ\u00eancia.<\/p>\n\n\n\n<p>Segundo a CPT, 418 territ\u00f3rios sofreram \u201cViol\u00eancia Contra Ocupa\u00e7\u00e3o e a Posse\u201d em 2021. Desses, 28% s\u00e3o \u00e1reas ind\u00edgenas; 23% quilombolas; 14% s\u00e3o territ\u00f3rios de posseiros e 13% s\u00e3o territ\u00f3rios de sem-terras, entre outros. A \u201cdestrui\u00e7\u00e3o de casa\u201d aumentou 94%, a \u201cdestrui\u00e7\u00e3o de pertences\u201d subiu 104%, a \u201cexpuls\u00e3o\u201d disparou para 153%, \u201cgrilagem\u201d para 113%, \u201cpistolagem\u201d aumentou 118% e \u201cimpedimento de acesso \u00e0s \u00e1reas de uso coletivo\u201d teve acr\u00e9scimo de 1.057%.<\/p>\n\n\n\n<figure class=\"wp-block-image\"><img decoding=\"async\" src=\"https:\/\/i1.wp.com\/deolhonosruralistas.com.br\/wp-content\/uploads\/2021\/12\/canal-4-16-frame-374642.jpeg?resize=984%2C554&amp;ssl=1\" alt=\"\" class=\"wp-image-23925\"\/><figcaption>Crian\u00e7as Yanomami sofrem com desnutri\u00e7\u00e3o e falta de atendimento m\u00e9dico. (Imagem: Reprodu\u00e7\u00e3o\/Fant\u00e1stico)<\/figcaption><\/figure>\n\n\n\n<p>Todos esses dados, registrados entre janeiro e agosto deste ano, j\u00e1 ultrapassam os \u00edndices de 2020. Entre as categorias que mais causaram \u201cViol\u00eancias Contra a Ocupa\u00e7\u00e3o e a Posse\u201d est\u00e3o: Fazendeiro (23%), Empres\u00e1rio (18%), Governo Federal (14%) e Grileiro (13%). A categoria Garimpeiro passou de 3% em 2020 para 6% em 2021. O salto desta categoria tamb\u00e9m foi registrado em \u201cConflitos pela \u00c1gua\u201d, tendo passado de menos de 1%, em 2020, para 5% em 2021.<\/p>\n\n\n\n<p>|&nbsp;<a href=\"https:\/\/twitter.com\/marifrancoramos\">Mariana Franco Ramos<\/a>&nbsp;\u00e9 rep\u00f3rter do De Olho nos Ruralistas. |<\/p>\n\n\n\n<p><em>Foto principal (Divulga\u00e7\u00e3o\/CPT): invas\u00f5es de garimpeiros e fazendeiros resultaram em assassinatos, agress\u00f5es e amea\u00e7as a camponeses<\/em><\/p>\n","protected":false},"excerpt":{"rendered":"<p>Segundo relat\u00f3rio parcial da Comiss\u00e3o Pastoral da Terra, divulgado na sexta-feira, casos passaram de 9, em todo o ano de 2020, para 103, apenas at\u00e9 agosto; desses, 101 foram de ind\u00edgenas Yanomami, muitos dos quais crian\u00e7as<\/p>\n","protected":false},"author":1,"featured_media":0,"comment_status":"closed","ping_status":"open","sticky":false,"template":"","format":"standard","meta":{"_exactmetrics_skip_tracking":false,"_exactmetrics_sitenote_active":false,"_exactmetrics_sitenote_note":"","_exactmetrics_sitenote_category":0,"jetpack_post_was_ever_published":false,"_jetpack_newsletter_access":"","_jetpack_dont_email_post_to_subs":false,"_jetpack_newsletter_tier_id":0,"_jetpack_memberships_contains_paywalled_content":false,"_jetpack_memberships_contains_paid_content":false,"footnotes":"","jetpack_publicize_message":"","jetpack_publicize_feature_enabled":true,"jetpack_social_post_already_shared":true,"jetpack_social_options":{"image_generator_settings":{"template":"highway","enabled":false},"version":2}},"categories":[1],"tags":[],"class_list":["post-33191","post","type-post","status-publish","format-standard","hentry","category-notas"],"jetpack_publicize_connections":[],"jetpack_sharing_enabled":true,"jetpack_featured_media_url":"","jetpack_shortlink":"https:\/\/wp.me\/p7wKYW-8Dl","jetpack-related-posts":[],"_links":{"self":[{"href":"http:\/\/blogdalucianaoliveira.com.br\/blog\/wp-json\/wp\/v2\/posts\/33191","targetHints":{"allow":["GET"]}}],"collection":[{"href":"http:\/\/blogdalucianaoliveira.com.br\/blog\/wp-json\/wp\/v2\/posts"}],"about":[{"href":"http:\/\/blogdalucianaoliveira.com.br\/blog\/wp-json\/wp\/v2\/types\/post"}],"author":[{"embeddable":true,"href":"http:\/\/blogdalucianaoliveira.com.br\/blog\/wp-json\/wp\/v2\/users\/1"}],"replies":[{"embeddable":true,"href":"http:\/\/blogdalucianaoliveira.com.br\/blog\/wp-json\/wp\/v2\/comments?post=33191"}],"version-history":[{"count":1,"href":"http:\/\/blogdalucianaoliveira.com.br\/blog\/wp-json\/wp\/v2\/posts\/33191\/revisions"}],"predecessor-version":[{"id":33193,"href":"http:\/\/blogdalucianaoliveira.com.br\/blog\/wp-json\/wp\/v2\/posts\/33191\/revisions\/33193"}],"wp:attachment":[{"href":"http:\/\/blogdalucianaoliveira.com.br\/blog\/wp-json\/wp\/v2\/media?parent=33191"}],"wp:term":[{"taxonomy":"category","embeddable":true,"href":"http:\/\/blogdalucianaoliveira.com.br\/blog\/wp-json\/wp\/v2\/categories?post=33191"},{"taxonomy":"post_tag","embeddable":true,"href":"http:\/\/blogdalucianaoliveira.com.br\/blog\/wp-json\/wp\/v2\/tags?post=33191"}],"curies":[{"name":"wp","href":"https:\/\/api.w.org\/{rel}","templated":true}]}}