{"id":33194,"date":"2021-12-14T23:09:24","date_gmt":"2021-12-15T03:09:24","guid":{"rendered":"http:\/\/blogdalucianaoliveira.com.br\/blog\/?p=33194"},"modified":"2021-12-14T23:09:29","modified_gmt":"2021-12-15T03:09:29","slug":"povo-indigena-karipuna-pede-socorro-contra-invasoes","status":"publish","type":"post","link":"http:\/\/blogdalucianaoliveira.com.br\/blog\/2021\/12\/14\/povo-indigena-karipuna-pede-socorro-contra-invasoes\/","title":{"rendered":"Povo Ind\u00edgena  Karipuna pede socorro contra   invas\u00f5es"},"content":{"rendered":"\n<figure class=\"wp-block-image size-large\"><img loading=\"lazy\" decoding=\"async\" width=\"1080\" height=\"810\" data-attachment-id=\"33195\" data-permalink=\"http:\/\/blogdalucianaoliveira.com.br\/blog\/2021\/12\/14\/povo-indigena-karipuna-pede-socorro-contra-invasoes\/bded7e11-c524-4017-a978-e2d071f04795\/\" data-orig-file=\"https:\/\/i0.wp.com\/blogdalucianaoliveira.com.br\/blog\/wp-content\/uploads\/2021\/12\/BDED7E11-C524-4017-A978-E2D071F04795.jpeg?fit=1080%2C810\" data-orig-size=\"1080,810\" data-comments-opened=\"0\" data-image-meta=\"{&quot;aperture&quot;:&quot;0&quot;,&quot;credit&quot;:&quot;&quot;,&quot;camera&quot;:&quot;&quot;,&quot;caption&quot;:&quot;&quot;,&quot;created_timestamp&quot;:&quot;0&quot;,&quot;copyright&quot;:&quot;&quot;,&quot;focal_length&quot;:&quot;0&quot;,&quot;iso&quot;:&quot;0&quot;,&quot;shutter_speed&quot;:&quot;0&quot;,&quot;title&quot;:&quot;&quot;,&quot;orientation&quot;:&quot;1&quot;}\" data-image-title=\"BDED7E11-C524-4017-A978-E2D071F04795\" data-image-description=\"\" data-image-caption=\"\" data-medium-file=\"https:\/\/i0.wp.com\/blogdalucianaoliveira.com.br\/blog\/wp-content\/uploads\/2021\/12\/BDED7E11-C524-4017-A978-E2D071F04795.jpeg?fit=300%2C225\" data-large-file=\"https:\/\/i0.wp.com\/blogdalucianaoliveira.com.br\/blog\/wp-content\/uploads\/2021\/12\/BDED7E11-C524-4017-A978-E2D071F04795.jpeg?fit=600%2C450\" src=\"https:\/\/i0.wp.com\/blogdalucianaoliveira.com.br\/blog\/wp-content\/uploads\/2021\/12\/BDED7E11-C524-4017-A978-E2D071F04795.jpeg?fit=600%2C450\" alt=\"\" class=\"wp-image-33195\" srcset=\"https:\/\/i0.wp.com\/blogdalucianaoliveira.com.br\/blog\/wp-content\/uploads\/2021\/12\/BDED7E11-C524-4017-A978-E2D071F04795.jpeg?w=1080 1080w, https:\/\/i0.wp.com\/blogdalucianaoliveira.com.br\/blog\/wp-content\/uploads\/2021\/12\/BDED7E11-C524-4017-A978-E2D071F04795.jpeg?resize=300%2C225 300w, https:\/\/i0.wp.com\/blogdalucianaoliveira.com.br\/blog\/wp-content\/uploads\/2021\/12\/BDED7E11-C524-4017-A978-E2D071F04795.jpeg?resize=1024%2C768 1024w, https:\/\/i0.wp.com\/blogdalucianaoliveira.com.br\/blog\/wp-content\/uploads\/2021\/12\/BDED7E11-C524-4017-A978-E2D071F04795.jpeg?resize=768%2C576 768w, https:\/\/i0.wp.com\/blogdalucianaoliveira.com.br\/blog\/wp-content\/uploads\/2021\/12\/BDED7E11-C524-4017-A978-E2D071F04795.jpeg?resize=400%2C300 400w\" sizes=\"auto, (max-width: 600px) 100vw, 600px\" \/><\/figure>\n\n\n\n<p>Por Luciana Oliveira &#8211; Com fotos e v\u00eddeos enviados \u00e0 imprensa os ind\u00edgenas do povo Karipuna denunciam como avan\u00e7a e r\u00e1pido a destrui\u00e7\u00e3o de seu territ\u00f3rio.\u00a0<\/p>\n\n\n\n<p>Eles foram treinados por organiza\u00e7\u00f5es ambientais a utilizar aplicativos que marcam dia, hora e local de flagrantes de invas\u00f5es e desmatamentos. <\/p>\n\n\n\n<!--more-->\n\n\n\n<p>Desde a elei\u00e7\u00e3o de Jair Bolsonaro, do alinhamento do governador\u00a0\u00a0Marcos Rocha e de deputados \u00e0 uma pol\u00edtica antiambiental os dias t\u00eam sido de muita press\u00e3o para destruir e r\u00e1pido \u00e1reas protegidas em Rond\u00f4nia. <\/p>\n\n\n\n<p>O territ\u00f3rio dos Karipuna \u00e9 vizinho \u00e0 Resex Jaci-Paran\u00e1, que chegou a ser quase extinta por for\u00e7a da lei complementar estadual n\u00b0 1089.<\/p>\n\n\n\n<p>O Tribunal de Justi\u00e7a de Rond\u00f4nia (TJ-RO) declarou a inconstitucionalidade, mas isso n\u00e3o tem sido suficiente para barrar as invas\u00f5es.&nbsp;<\/p>\n\n\n\n<p>Vale mais a palavra, o comando dado para invadir, devastar e expulsar povos origin\u00e1rios.<\/p>\n\n\n\n<p>Os invasores se sentem autorizados pelas autoridades pol\u00edticas a agirem ilegalmente, dizem os ind\u00edgenas.&nbsp;<\/p>\n\n\n\n<p>\u201cEles confiam no desmonte e enfraquecimento da fiscaliza\u00e7\u00e3o ambiental\u201d, disse  um ind\u00edgena ao blog. <\/p>\n\n\n\n<p>As fotos mostram ponte constru\u00edda no rio Formoso para escoar a madeira roubada da terra ind\u00edgena.\u00a0<\/p>\n\n\n\n<p>Os troncos de \u00e1rvores nobres espalhados em picadas abertas na mata denunciam a explora\u00e7\u00e3o ilegal.&nbsp;<\/p>\n\n\n\n<p>A Zona de Desenvolvimento Sustent\u00e1vel Abun\u00e3-Madeira lan\u00e7ada hoje, 14, com a presen\u00e7a do vice-presidente da Rep\u00fablica, Hamilton Mour\u00e3o, \u00e9 um absoluto engodo.<\/p>\n\n\n\n<p>A proposta de conciliar sustentabilidade e o desenvolvimento na Amaz\u00f4nia \u00e9 uma fal\u00e1cia no que diz respeito \u00e0 prote\u00e7\u00e3o ao meio ambiente.\u00a0<\/p>\n\n\n\n<p>A TI Karipuna \u00e9 a mais pressionada da frente conhecida como AMACRO, para supostamente promover  interesses ambientais e econ\u00f4micos do Amazonas, Acre e Rond\u00f4nia. <\/p>\n\n\n\n<p>Os rondonienses est\u00e3o testemunhando o ecoc\u00eddio com real possibilidade de extin\u00e7\u00e3o de um povo ind\u00edgena que conseguiu sobreviver a ciclos de genoc\u00eddio.\u00a0<br><\/p>\n\n\n\n<p>Em reportagem h\u00e1 quatro meses, o BLO denunciou:<\/p>\n\n\n\n<figure class=\"wp-block-embed-youtube wp-block-embed is-type-video is-provider-youtube wp-embed-aspect-16-9 wp-has-aspect-ratio\"><div class=\"wp-block-embed__wrapper\">\n<div class=\"jetpack-video-wrapper\"><iframe loading=\"lazy\" title=\"no Brasil 247: Karipuna, um povo ind\u00edgena amea\u00e7ado de extin\u00e7\u00e3o\" width=\"600\" height=\"338\" src=\"https:\/\/www.youtube.com\/embed\/qX5495KyvlY?feature=oembed\" frameborder=\"0\" allow=\"accelerometer; autoplay; clipboard-write; encrypted-media; gyroscope; picture-in-picture; web-share\" referrerpolicy=\"strict-origin-when-cross-origin\" allowfullscreen><\/iframe><\/div>\n<\/div><\/figure>\n\n\n\n<p><\/p>\n","protected":false},"excerpt":{"rendered":"<p>Por Luciana Oliveira &#8211; Com fotos e v\u00eddeos enviados \u00e0 imprensa os ind\u00edgenas do povo Karipuna denunciam como avan\u00e7a e r\u00e1pido a destrui\u00e7\u00e3o de seu territ\u00f3rio.\u00a0 Eles foram treinados por organiza\u00e7\u00f5es ambientais a utilizar aplicativos que marcam dia, hora e local de flagrantes de invas\u00f5es e desmatamentos.<\/p>\n","protected":false},"author":1,"featured_media":0,"comment_status":"closed","ping_status":"open","sticky":false,"template":"","format":"standard","meta":{"_exactmetrics_skip_tracking":false,"_exactmetrics_sitenote_active":false,"_exactmetrics_sitenote_note":"","_exactmetrics_sitenote_category":0,"jetpack_post_was_ever_published":false,"_jetpack_newsletter_access":"","_jetpack_dont_email_post_to_subs":false,"_jetpack_newsletter_tier_id":0,"_jetpack_memberships_contains_paywalled_content":false,"_jetpack_memberships_contains_paid_content":false,"footnotes":"","jetpack_publicize_message":"","jetpack_publicize_feature_enabled":true,"jetpack_social_post_already_shared":true,"jetpack_social_options":{"image_generator_settings":{"template":"highway","enabled":false},"version":2}},"categories":[1],"tags":[],"class_list":["post-33194","post","type-post","status-publish","format-standard","hentry","category-notas"],"jetpack_publicize_connections":[],"jetpack_sharing_enabled":true,"jetpack_featured_media_url":"","jetpack_shortlink":"https:\/\/wp.me\/p7wKYW-8Do","jetpack-related-posts":[],"_links":{"self":[{"href":"http:\/\/blogdalucianaoliveira.com.br\/blog\/wp-json\/wp\/v2\/posts\/33194","targetHints":{"allow":["GET"]}}],"collection":[{"href":"http:\/\/blogdalucianaoliveira.com.br\/blog\/wp-json\/wp\/v2\/posts"}],"about":[{"href":"http:\/\/blogdalucianaoliveira.com.br\/blog\/wp-json\/wp\/v2\/types\/post"}],"author":[{"embeddable":true,"href":"http:\/\/blogdalucianaoliveira.com.br\/blog\/wp-json\/wp\/v2\/users\/1"}],"replies":[{"embeddable":true,"href":"http:\/\/blogdalucianaoliveira.com.br\/blog\/wp-json\/wp\/v2\/comments?post=33194"}],"version-history":[{"count":1,"href":"http:\/\/blogdalucianaoliveira.com.br\/blog\/wp-json\/wp\/v2\/posts\/33194\/revisions"}],"predecessor-version":[{"id":33196,"href":"http:\/\/blogdalucianaoliveira.com.br\/blog\/wp-json\/wp\/v2\/posts\/33194\/revisions\/33196"}],"wp:attachment":[{"href":"http:\/\/blogdalucianaoliveira.com.br\/blog\/wp-json\/wp\/v2\/media?parent=33194"}],"wp:term":[{"taxonomy":"category","embeddable":true,"href":"http:\/\/blogdalucianaoliveira.com.br\/blog\/wp-json\/wp\/v2\/categories?post=33194"},{"taxonomy":"post_tag","embeddable":true,"href":"http:\/\/blogdalucianaoliveira.com.br\/blog\/wp-json\/wp\/v2\/tags?post=33194"}],"curies":[{"name":"wp","href":"https:\/\/api.w.org\/{rel}","templated":true}]}}