{"id":33197,"date":"2021-12-15T17:14:12","date_gmt":"2021-12-15T21:14:12","guid":{"rendered":"http:\/\/blogdalucianaoliveira.com.br\/blog\/?p=33197"},"modified":"2021-12-15T17:14:16","modified_gmt":"2021-12-15T21:14:16","slug":"parte-3-o-mst-e-a-reforma-agraria-popular-a-luta-contra-a-criminalizacao","status":"publish","type":"post","link":"http:\/\/blogdalucianaoliveira.com.br\/blog\/2021\/12\/15\/parte-3-o-mst-e-a-reforma-agraria-popular-a-luta-contra-a-criminalizacao\/","title":{"rendered":"Parte 3: O MST e a Reforma Agr\u00e1ria Popular; A luta contra a criminaliza\u00e7\u00e3o"},"content":{"rendered":"\n<figure class=\"wp-block-image size-large\"><img loading=\"lazy\" decoding=\"async\" width=\"1280\" height=\"720\" data-attachment-id=\"33198\" data-permalink=\"http:\/\/blogdalucianaoliveira.com.br\/blog\/2021\/12\/15\/parte-3-o-mst-e-a-reforma-agraria-popular-a-luta-contra-a-criminalizacao\/37b2f20d-aa5b-4583-963b-fc86261cc8dd\/\" data-orig-file=\"https:\/\/i0.wp.com\/blogdalucianaoliveira.com.br\/blog\/wp-content\/uploads\/2021\/12\/37B2F20D-AA5B-4583-963B-FC86261CC8DD.jpeg?fit=1280%2C720\" data-orig-size=\"1280,720\" data-comments-opened=\"0\" data-image-meta=\"{&quot;aperture&quot;:&quot;0&quot;,&quot;credit&quot;:&quot;&quot;,&quot;camera&quot;:&quot;&quot;,&quot;caption&quot;:&quot;&quot;,&quot;created_timestamp&quot;:&quot;0&quot;,&quot;copyright&quot;:&quot;&quot;,&quot;focal_length&quot;:&quot;0&quot;,&quot;iso&quot;:&quot;0&quot;,&quot;shutter_speed&quot;:&quot;0&quot;,&quot;title&quot;:&quot;&quot;,&quot;orientation&quot;:&quot;0&quot;}\" data-image-title=\"37B2F20D-AA5B-4583-963B-FC86261CC8DD\" data-image-description=\"\" data-image-caption=\"\" data-medium-file=\"https:\/\/i0.wp.com\/blogdalucianaoliveira.com.br\/blog\/wp-content\/uploads\/2021\/12\/37B2F20D-AA5B-4583-963B-FC86261CC8DD.jpeg?fit=300%2C169\" data-large-file=\"https:\/\/i0.wp.com\/blogdalucianaoliveira.com.br\/blog\/wp-content\/uploads\/2021\/12\/37B2F20D-AA5B-4583-963B-FC86261CC8DD.jpeg?fit=600%2C338\" src=\"https:\/\/i2.wp.com\/blogdalucianaoliveira.com.br\/blog\/wp-content\/uploads\/2021\/12\/37B2F20D-AA5B-4583-963B-FC86261CC8DD.jpeg?fit=600%2C338\" alt=\"\" class=\"wp-image-33198\" srcset=\"https:\/\/i0.wp.com\/blogdalucianaoliveira.com.br\/blog\/wp-content\/uploads\/2021\/12\/37B2F20D-AA5B-4583-963B-FC86261CC8DD.jpeg?w=1280 1280w, https:\/\/i0.wp.com\/blogdalucianaoliveira.com.br\/blog\/wp-content\/uploads\/2021\/12\/37B2F20D-AA5B-4583-963B-FC86261CC8DD.jpeg?resize=300%2C169 300w, https:\/\/i0.wp.com\/blogdalucianaoliveira.com.br\/blog\/wp-content\/uploads\/2021\/12\/37B2F20D-AA5B-4583-963B-FC86261CC8DD.jpeg?resize=1024%2C576 1024w, https:\/\/i0.wp.com\/blogdalucianaoliveira.com.br\/blog\/wp-content\/uploads\/2021\/12\/37B2F20D-AA5B-4583-963B-FC86261CC8DD.jpeg?resize=768%2C432 768w, https:\/\/i0.wp.com\/blogdalucianaoliveira.com.br\/blog\/wp-content\/uploads\/2021\/12\/37B2F20D-AA5B-4583-963B-FC86261CC8DD.jpeg?resize=533%2C300 533w, https:\/\/i0.wp.com\/blogdalucianaoliveira.com.br\/blog\/wp-content\/uploads\/2021\/12\/37B2F20D-AA5B-4583-963B-FC86261CC8DD.jpeg?w=1200 1200w\" sizes=\"auto, (max-width: 600px) 100vw, 600px\" \/><\/figure>\n\n\n\n<p><strong>Por Luciana Oliveira, no Brasil 247<\/strong> &#8211; As ocupa\u00e7\u00f5es de terra, as mobiliza\u00e7\u00f5es, a luta por escola e por educa\u00e7\u00e3o, a produ\u00e7\u00e3o de alimentos saud\u00e1veis e v\u00e1rias outras a\u00e7\u00f5es marcam a hist\u00f3ria do Movimento dos Sem Terra em Rond\u00f4nia. <br> Nos  \u00faltimos anos tem sido permanente e intensa a luta para combater a crimininaliza\u00e7\u00e3o do movimento.<\/p>\n\n\n\n<!--more-->\n\n\n\n<p><br> Os discursos do governo contra os trabalhadores que ocupam a terra para for\u00e7ar a reforma agr\u00e1ria e combater o latif\u00fandio afloram preconceito. <br> Na terceira reportagem sobre  A Reforma Agr\u00e1ria Popular do MST, lideran\u00e7as de assentamentos relembram a for\u00e7a e a resist\u00eancia dos trabalhadores e trabalhadoras rurais em mais de tr\u00eas d\u00e9cadas.<\/p>\n\n\n\n<p>ASSISTA:<\/p>\n\n\n\n<figure class=\"wp-block-embed-youtube wp-block-embed is-type-video is-provider-youtube wp-embed-aspect-16-9 wp-has-aspect-ratio\"><div class=\"wp-block-embed__wrapper\">\n<div class=\"jetpack-video-wrapper\"><iframe loading=\"lazy\" title=\"O MST e a reforma agr\u00e1ria popular: a luta contra a criminaliza\u00e7\u00e3o\" width=\"600\" height=\"338\" src=\"https:\/\/www.youtube.com\/embed\/ZVn9kCUMigA?feature=oembed\" frameborder=\"0\" allow=\"accelerometer; autoplay; clipboard-write; encrypted-media; gyroscope; picture-in-picture; web-share\" referrerpolicy=\"strict-origin-when-cross-origin\" allowfullscreen><\/iframe><\/div>\n<\/div><\/figure>\n","protected":false},"excerpt":{"rendered":"<p>Por Luciana Oliveira, no Brasil 247 &#8211; As ocupa\u00e7\u00f5es de terra, as mobiliza\u00e7\u00f5es, a luta por escola e por educa\u00e7\u00e3o, a produ\u00e7\u00e3o de alimentos saud\u00e1veis e v\u00e1rias outras a\u00e7\u00f5es marcam a hist\u00f3ria do Movimento dos Sem Terra em Rond\u00f4nia. Nos \u00faltimos anos tem sido permanente e intensa a luta para combater a crimininaliza\u00e7\u00e3o do movimento.<\/p>\n","protected":false},"author":1,"featured_media":0,"comment_status":"closed","ping_status":"open","sticky":false,"template":"","format":"standard","meta":{"_exactmetrics_skip_tracking":false,"_exactmetrics_sitenote_active":false,"_exactmetrics_sitenote_note":"","_exactmetrics_sitenote_category":0,"jetpack_post_was_ever_published":false,"_jetpack_newsletter_access":"","_jetpack_dont_email_post_to_subs":false,"_jetpack_newsletter_tier_id":0,"_jetpack_memberships_contains_paywalled_content":false,"_jetpack_memberships_contains_paid_content":false,"footnotes":"","jetpack_publicize_message":"","jetpack_publicize_feature_enabled":true,"jetpack_social_post_already_shared":true,"jetpack_social_options":{"image_generator_settings":{"template":"highway","enabled":false},"version":2}},"categories":[1],"tags":[642,33,635,641,7],"class_list":["post-33197","post","type-post","status-publish","format-standard","hentry","category-notas","tag-criminalizacao","tag-luta","tag-mst","tag-reforma-agraria","tag-rondonia"],"jetpack_publicize_connections":[],"jetpack_sharing_enabled":true,"jetpack_featured_media_url":"","jetpack_shortlink":"https:\/\/wp.me\/p7wKYW-8Dr","jetpack-related-posts":[],"_links":{"self":[{"href":"http:\/\/blogdalucianaoliveira.com.br\/blog\/wp-json\/wp\/v2\/posts\/33197","targetHints":{"allow":["GET"]}}],"collection":[{"href":"http:\/\/blogdalucianaoliveira.com.br\/blog\/wp-json\/wp\/v2\/posts"}],"about":[{"href":"http:\/\/blogdalucianaoliveira.com.br\/blog\/wp-json\/wp\/v2\/types\/post"}],"author":[{"embeddable":true,"href":"http:\/\/blogdalucianaoliveira.com.br\/blog\/wp-json\/wp\/v2\/users\/1"}],"replies":[{"embeddable":true,"href":"http:\/\/blogdalucianaoliveira.com.br\/blog\/wp-json\/wp\/v2\/comments?post=33197"}],"version-history":[{"count":1,"href":"http:\/\/blogdalucianaoliveira.com.br\/blog\/wp-json\/wp\/v2\/posts\/33197\/revisions"}],"predecessor-version":[{"id":33199,"href":"http:\/\/blogdalucianaoliveira.com.br\/blog\/wp-json\/wp\/v2\/posts\/33197\/revisions\/33199"}],"wp:attachment":[{"href":"http:\/\/blogdalucianaoliveira.com.br\/blog\/wp-json\/wp\/v2\/media?parent=33197"}],"wp:term":[{"taxonomy":"category","embeddable":true,"href":"http:\/\/blogdalucianaoliveira.com.br\/blog\/wp-json\/wp\/v2\/categories?post=33197"},{"taxonomy":"post_tag","embeddable":true,"href":"http:\/\/blogdalucianaoliveira.com.br\/blog\/wp-json\/wp\/v2\/tags?post=33197"}],"curies":[{"name":"wp","href":"https:\/\/api.w.org\/{rel}","templated":true}]}}