{"id":33212,"date":"2022-02-03T07:53:46","date_gmt":"2022-02-03T11:53:46","guid":{"rendered":"http:\/\/blogdalucianaoliveira.com.br\/blog\/?p=33212"},"modified":"2022-02-03T09:17:13","modified_gmt":"2022-02-03T13:17:13","slug":"jornalistas-cobram-justica-e-retratacao-de-apresentador-que-fez-declaracoes-misoginas-e-sexistas","status":"publish","type":"post","link":"http:\/\/blogdalucianaoliveira.com.br\/blog\/2022\/02\/03\/jornalistas-cobram-justica-e-retratacao-de-apresentador-que-fez-declaracoes-misoginas-e-sexistas\/","title":{"rendered":"Jornalistas cobram justi\u00e7a e retrata\u00e7\u00e3o de apresentador que fez declara\u00e7\u00f5es mis\u00f3ginas e sexistas"},"content":{"rendered":"\n<figure class=\"wp-block-image size-large\"><img loading=\"lazy\" decoding=\"async\" width=\"1250\" height=\"600\" data-attachment-id=\"33213\" data-permalink=\"http:\/\/blogdalucianaoliveira.com.br\/blog\/2022\/02\/03\/jornalistas-cobram-justica-e-retratacao-de-apresentador-que-fez-declaracoes-misoginas-e-sexistas\/85922a16-269a-43f5-a585-e1b5aa0b771b\/\" data-orig-file=\"https:\/\/i0.wp.com\/blogdalucianaoliveira.com.br\/blog\/wp-content\/uploads\/2022\/02\/85922A16-269A-43F5-A585-E1B5AA0B771B.jpeg?fit=1250%2C600\" data-orig-size=\"1250,600\" data-comments-opened=\"0\" data-image-meta=\"{&quot;aperture&quot;:&quot;0&quot;,&quot;credit&quot;:&quot;&quot;,&quot;camera&quot;:&quot;&quot;,&quot;caption&quot;:&quot;&quot;,&quot;created_timestamp&quot;:&quot;0&quot;,&quot;copyright&quot;:&quot;&quot;,&quot;focal_length&quot;:&quot;0&quot;,&quot;iso&quot;:&quot;0&quot;,&quot;shutter_speed&quot;:&quot;0&quot;,&quot;title&quot;:&quot;&quot;,&quot;orientation&quot;:&quot;0&quot;}\" data-image-title=\"85922A16-269A-43F5-A585-E1B5AA0B771B\" data-image-description=\"\" data-image-caption=\"\" data-medium-file=\"https:\/\/i0.wp.com\/blogdalucianaoliveira.com.br\/blog\/wp-content\/uploads\/2022\/02\/85922A16-269A-43F5-A585-E1B5AA0B771B.jpeg?fit=300%2C144\" data-large-file=\"https:\/\/i0.wp.com\/blogdalucianaoliveira.com.br\/blog\/wp-content\/uploads\/2022\/02\/85922A16-269A-43F5-A585-E1B5AA0B771B.jpeg?fit=600%2C288\" src=\"https:\/\/i0.wp.com\/blogdalucianaoliveira.com.br\/blog\/wp-content\/uploads\/2022\/02\/85922A16-269A-43F5-A585-E1B5AA0B771B.jpeg?fit=600%2C288\" alt=\"\" class=\"wp-image-33213\" srcset=\"https:\/\/i0.wp.com\/blogdalucianaoliveira.com.br\/blog\/wp-content\/uploads\/2022\/02\/85922A16-269A-43F5-A585-E1B5AA0B771B.jpeg?w=1250 1250w, https:\/\/i0.wp.com\/blogdalucianaoliveira.com.br\/blog\/wp-content\/uploads\/2022\/02\/85922A16-269A-43F5-A585-E1B5AA0B771B.jpeg?resize=300%2C144 300w, https:\/\/i0.wp.com\/blogdalucianaoliveira.com.br\/blog\/wp-content\/uploads\/2022\/02\/85922A16-269A-43F5-A585-E1B5AA0B771B.jpeg?resize=1024%2C492 1024w, https:\/\/i0.wp.com\/blogdalucianaoliveira.com.br\/blog\/wp-content\/uploads\/2022\/02\/85922A16-269A-43F5-A585-E1B5AA0B771B.jpeg?resize=768%2C369 768w, https:\/\/i0.wp.com\/blogdalucianaoliveira.com.br\/blog\/wp-content\/uploads\/2022\/02\/85922A16-269A-43F5-A585-E1B5AA0B771B.jpeg?resize=625%2C300 625w, https:\/\/i0.wp.com\/blogdalucianaoliveira.com.br\/blog\/wp-content\/uploads\/2022\/02\/85922A16-269A-43F5-A585-E1B5AA0B771B.jpeg?w=1200 1200w\" sizes=\"auto, (max-width: 600px) 100vw, 600px\" \/><\/figure>\n\n\n\n<p>Mulheres que atuam nos meios de comunica\u00e7\u00e3o de Rond\u00f4nia publicaram um manifesto pedindo justi\u00e7a contra uma apresentador de televis\u00e3o que estimulou ao vivo a viol\u00eancia contra o sexo feminino.<\/p>\n\n\n\n<!--more-->\n\n\n\n<h2 class=\"wp-block-heading\" id=\"leia-o-documento\"><strong>LEIA O DOCUMENTO:<\/strong><\/h2>\n\n\n\n<p>\u201cNesta segunda-feira, 31, o&nbsp;<strong>apresentador Wilson Rodrigues<\/strong>, conhecido como \u2018Pica Pau\u2019, do&nbsp;<strong>programa Plant\u00e3o de Pol\u00edcia, Rede TV Rond\u00f4nia de Ariquemes<\/strong>, fez declara\u00e7\u00f5es sexistas e mis\u00f3ginas, ao vivo, durante exibi\u00e7\u00e3o do programa.<\/p>\n\n\n\n<p>\u201cVamos com parar com esse neg\u00f3cio de Hashtag mexeu com uma, mexeu com todas. Para de palha\u00e7ada\u201d.<\/p>\n\n\n\n<p>O apresentador comentava sobre uma opera\u00e7\u00e3o policial que acabou com uma festa clandestina que envolvia menores e bebidas e respondia a uma internauta como evitar um estupro.<\/p>\n\n\n\n<p>Em tom debochado, irrespons\u00e1vel e preconceituoso, o apresentador responsabilizou a mulher pelo estupro.<\/p>\n\n\n\n<p>\u201cTem umas menininhas de 13, 14 aninhos, que se \u201cmaqueia\u201d (sic) e veste umas roupas muito \u201ccomportadas\u201d. N\u00e3o tem o short jeans. Elas n\u00e3o usam o short. Usam o c\u00f3s do short. Ficam parecidas rapariga, \u201cmo\u00e7a\u201d. A\u00ed v\u00e3o pra esses lugar (sic), dessas festinhas, enche (sic) a cara e \u00e9 estuprada por um monte de moleques.\u201d<\/p>\n\n\n\n<p>Absurdamente Rodrigues justifica a viol\u00eancia sexual contra a mulher. \u201cMoleque \u00e9 isso! T\u00e1 na flor da juventude, da idade.\u201d<\/p>\n\n\n\n<p>N\u00f3s, jornalistas mulheres, que somos maioria dos profissionais da classe profissional de Rond\u00f4nia,<br>n\u00e3o podemos relativizar o comportamento do apresentador. Ainda mais se considerarmos que Wilson Rodrigues tem papel de formador de opini\u00e3o, pelo espa\u00e7o que ocupa, e, portanto, responsabilidade social no que referenda.<\/p>\n\n\n\n<p>A fala do apresentador traz \u00e0 tona um retrocesso enraizado quanto \u00e0 liberdade feminina, quando culpabiliza a mulher diante do crime de estupro e considera que a v\u00edtima deve ter dado motivo, usando roupas \u201cinapropriadas\u201d. S\u00e3o normas, comportamentos e pr\u00e1ticas sociais que permitem que esse tipo de viol\u00eancia aconte\u00e7a e que, quando aconte\u00e7a, a responsabilidade seja transferida do agressor para a v\u00edtima.<\/p>\n\n\n\n<p>Dessa forma, protege-se o agressor, corroboram-se ideias machistas e preconceituosas e legitima-se uma puni\u00e7\u00e3o extraoficial \u00e0quelas que ousam dizer n\u00e3o a um homem.<\/p>\n\n\n\n<p>\u00c9 claro que uma cultura que n\u00e3o ensina seus homens a respeitar as mulheres e a identificar o que \u00e9 ou n\u00e3o estupro traz consequ\u00eancias ser\u00edssimas para a liberdade e seguran\u00e7a femininas: em 2021, quatro brasileiras foram v\u00edtimas de feminic\u00eddio por dia, segundo o F\u00f3rum Brasileiro de Seguran\u00e7a P\u00fablica.<\/p>\n\n\n\n<p>O 15\u00ba relat\u00f3rio da organiza\u00e7\u00e3o, divulgado em julho de 2021, tamb\u00e9m aponta que em 2020 foram registrados 60.460 casos de viol\u00eancia sexual contra a mulher. Isso equivale a 165 estupros por dia. Desse total, 73,7% foram casos de estupro de vulner\u00e1vel, sendo que 60,6% das v\u00edtimas tinham at\u00e9 13 anos.<\/p>\n\n\n\n<p>\u00c9 preciso defender uma constru\u00e7\u00e3o coletiva de pactos para que estes crimes s\u00e3o sejam silenciados e, assim, se combata a chamada cultura do estupro, somada ao compartilhamento de pr\u00e1ticas de masculinidade violentas.<\/p>\n\n\n\n<p>O jornalismo tem papel fundamental na sociedade no processo de forma\u00e7\u00e3o pol\u00edtica de brasileiros e brasileiras. As afirma\u00e7\u00f5es ditas pelo tal jornalista envergonham e comprometem todos os profissionais da \u00e1rea de comunica\u00e7\u00e3o.<\/p>\n\n\n\n<blockquote class=\"wp-block-quote is-layout-flow wp-block-quote-is-layout-flow\"><p>Por tal raz\u00e3o, cobramos um posicionamento do Sindicato dos Jornalistas de Rond\u00f4nia, Ordem dos Advogados do Brasil, seccional de RO, Defensoria P\u00fablica, promotoria dos Direitos Humanos do Minist\u00e9rio P\u00fablico, da C\u00e2mara de Vereadores de Ariquemes e Porto Velho, da Assembleia Legislativa, das prefeituras dos dois munic\u00edpios mencionados e do Governo do Estado.<\/p><\/blockquote>\n\n\n\n<p><em>Convocamos todas as mulheres de Rond\u00f4nia, inclusive as primeiras-damas do estado e da Capital, para que fortale\u00e7am o combate a todo tipo de viol\u00eancia contra pessoas do sexo feminino. \u00c9 preciso que as mulheres nas diversas reda\u00e7\u00f5es de ve\u00edculos de comunica\u00e7\u00e3o do estado se unam contra qualquer tipo de agress\u00e3o \u00e0s mulheres.<\/em><\/p>\n\n\n\n<p>Ainda exigimos que a Rede TV Rond\u00f4nia obrigue Wilson Rodrigues a se retratar publicamente. Caso contr\u00e1rio, o comunicador dever\u00e1 ser sumariamente demitido. Afinal de contas, quem incita viol\u00eancia contra mulheres \u00e9 um criminoso.<\/p>\n\n\n\n<p>Tamb\u00e9m requeremos a abertura de espa\u00e7o na programa\u00e7\u00e3o da Rede TV Rond\u00f4nia para discutirmos sobre a viola\u00e7\u00e3o dos direitos humanos e das mulheres\u201d.<\/p>\n","protected":false},"excerpt":{"rendered":"<p>Mulheres que atuam nos meios de comunica\u00e7\u00e3o de Rond\u00f4nia publicaram um manifesto pedindo justi\u00e7a contra uma apresentador de televis\u00e3o que estimulou ao vivo a viol\u00eancia contra o sexo feminino.<\/p>\n","protected":false},"author":1,"featured_media":0,"comment_status":"closed","ping_status":"open","sticky":false,"template":"","format":"standard","meta":{"_exactmetrics_skip_tracking":false,"_exactmetrics_sitenote_active":false,"_exactmetrics_sitenote_note":"","_exactmetrics_sitenote_category":0,"jetpack_post_was_ever_published":false,"_jetpack_newsletter_access":"","_jetpack_dont_email_post_to_subs":false,"_jetpack_newsletter_tier_id":0,"_jetpack_memberships_contains_paywalled_content":false,"_jetpack_memberships_contains_paid_content":false,"footnotes":"","jetpack_publicize_message":"","jetpack_publicize_feature_enabled":true,"jetpack_social_post_already_shared":true,"jetpack_social_options":{"image_generator_settings":{"template":"highway","enabled":false},"version":2}},"categories":[1],"tags":[649,645,643,647],"class_list":["post-33212","post","type-post","status-publish","format-standard","hentry","category-notas","tag-apresentador","tag-machismo","tag-pica-pau","tag-redetv"],"jetpack_publicize_connections":[],"jetpack_sharing_enabled":true,"jetpack_featured_media_url":"","jetpack_shortlink":"https:\/\/wp.me\/p7wKYW-8DG","jetpack-related-posts":[],"_links":{"self":[{"href":"http:\/\/blogdalucianaoliveira.com.br\/blog\/wp-json\/wp\/v2\/posts\/33212","targetHints":{"allow":["GET"]}}],"collection":[{"href":"http:\/\/blogdalucianaoliveira.com.br\/blog\/wp-json\/wp\/v2\/posts"}],"about":[{"href":"http:\/\/blogdalucianaoliveira.com.br\/blog\/wp-json\/wp\/v2\/types\/post"}],"author":[{"embeddable":true,"href":"http:\/\/blogdalucianaoliveira.com.br\/blog\/wp-json\/wp\/v2\/users\/1"}],"replies":[{"embeddable":true,"href":"http:\/\/blogdalucianaoliveira.com.br\/blog\/wp-json\/wp\/v2\/comments?post=33212"}],"version-history":[{"count":2,"href":"http:\/\/blogdalucianaoliveira.com.br\/blog\/wp-json\/wp\/v2\/posts\/33212\/revisions"}],"predecessor-version":[{"id":33215,"href":"http:\/\/blogdalucianaoliveira.com.br\/blog\/wp-json\/wp\/v2\/posts\/33212\/revisions\/33215"}],"wp:attachment":[{"href":"http:\/\/blogdalucianaoliveira.com.br\/blog\/wp-json\/wp\/v2\/media?parent=33212"}],"wp:term":[{"taxonomy":"category","embeddable":true,"href":"http:\/\/blogdalucianaoliveira.com.br\/blog\/wp-json\/wp\/v2\/categories?post=33212"},{"taxonomy":"post_tag","embeddable":true,"href":"http:\/\/blogdalucianaoliveira.com.br\/blog\/wp-json\/wp\/v2\/tags?post=33212"}],"curies":[{"name":"wp","href":"https:\/\/api.w.org\/{rel}","templated":true}]}}