{"id":33216,"date":"2022-02-03T11:17:54","date_gmt":"2022-02-03T15:17:54","guid":{"rendered":"http:\/\/blogdalucianaoliveira.com.br\/blog\/?p=33216"},"modified":"2022-02-03T11:23:16","modified_gmt":"2022-02-03T15:23:16","slug":"bolsonaro-e-recebido-por-grupo-de-apoiadores-e-com-protesto-em-porto-velho","status":"publish","type":"post","link":"http:\/\/blogdalucianaoliveira.com.br\/blog\/2022\/02\/03\/bolsonaro-e-recebido-por-grupo-de-apoiadores-e-com-protesto-em-porto-velho\/","title":{"rendered":"Bolsonaro \u00e9 recebido por grupo de apoiadores e com protesto em Porto Velho"},"content":{"rendered":"\n<figure class=\"wp-block-image size-large\"><img data-recalc-dims=\"1\" loading=\"lazy\" decoding=\"async\" width=\"600\" height=\"503\" data-attachment-id=\"33228\" data-permalink=\"http:\/\/blogdalucianaoliveira.com.br\/blog\/2022\/02\/03\/bolsonaro-e-recebido-por-grupo-de-apoiadores-e-com-protesto-em-porto-velho\/a2b70ab3-cb6d-4b29-b837-decc1f2508a0\/\" data-orig-file=\"https:\/\/i0.wp.com\/blogdalucianaoliveira.com.br\/blog\/wp-content\/uploads\/2022\/02\/A2B70AB3-CB6D-4B29-B837-DECC1F2508A0.png?fit=940%2C788\" data-orig-size=\"940,788\" data-comments-opened=\"0\" data-image-meta=\"{&quot;aperture&quot;:&quot;0&quot;,&quot;credit&quot;:&quot;&quot;,&quot;camera&quot;:&quot;&quot;,&quot;caption&quot;:&quot;&quot;,&quot;created_timestamp&quot;:&quot;0&quot;,&quot;copyright&quot;:&quot;&quot;,&quot;focal_length&quot;:&quot;0&quot;,&quot;iso&quot;:&quot;0&quot;,&quot;shutter_speed&quot;:&quot;0&quot;,&quot;title&quot;:&quot;&quot;,&quot;orientation&quot;:&quot;0&quot;}\" data-image-title=\"A2B70AB3-CB6D-4B29-B837-DECC1F2508A0\" data-image-description=\"\" data-image-caption=\"\" data-medium-file=\"https:\/\/i0.wp.com\/blogdalucianaoliveira.com.br\/blog\/wp-content\/uploads\/2022\/02\/A2B70AB3-CB6D-4B29-B837-DECC1F2508A0.png?fit=300%2C251\" data-large-file=\"https:\/\/i0.wp.com\/blogdalucianaoliveira.com.br\/blog\/wp-content\/uploads\/2022\/02\/A2B70AB3-CB6D-4B29-B837-DECC1F2508A0.png?fit=600%2C503\" src=\"https:\/\/i0.wp.com\/blogdalucianaoliveira.com.br\/blog\/wp-content\/uploads\/2022\/02\/A2B70AB3-CB6D-4B29-B837-DECC1F2508A0.png?resize=600%2C503\" alt=\"\" class=\"wp-image-33228\" srcset=\"https:\/\/i0.wp.com\/blogdalucianaoliveira.com.br\/blog\/wp-content\/uploads\/2022\/02\/A2B70AB3-CB6D-4B29-B837-DECC1F2508A0.png?w=940 940w, https:\/\/i0.wp.com\/blogdalucianaoliveira.com.br\/blog\/wp-content\/uploads\/2022\/02\/A2B70AB3-CB6D-4B29-B837-DECC1F2508A0.png?resize=300%2C251 300w, https:\/\/i0.wp.com\/blogdalucianaoliveira.com.br\/blog\/wp-content\/uploads\/2022\/02\/A2B70AB3-CB6D-4B29-B837-DECC1F2508A0.png?resize=768%2C644 768w, https:\/\/i0.wp.com\/blogdalucianaoliveira.com.br\/blog\/wp-content\/uploads\/2022\/02\/A2B70AB3-CB6D-4B29-B837-DECC1F2508A0.png?resize=358%2C300 358w\" sizes=\"auto, (max-width: 600px) 100vw, 600px\" \/><\/figure>\n\n\n\n<p>O presidente Jair Bolsonaro esteve nesta quinta, 03, em Porto Velho, capital de Rond\u00f4nia.<\/p>\n\n\n\n<p>Ele se encontrou com o presidente de Peru, Pedro Castilho, de extrema-esquerda para, segundo a assessoria, tratar de com\u00e9rcio bilateral e acesso ao Oceano Pac\u00edfico.<\/p>\n\n\n\n<p>Apoiadores o receberam com \u2018motociata\u2019 no trajeto do aeroporto Internacional Jorge Teixeira ao Pal\u00e1cio Rio Madeira. Um forte esquema de policiamento foi montado no entorno da sede do governo do estado. S\u00f3 quem se credenciou antecipadamente pode passar pelo bloqueio da pol\u00edcia no percurso da comitiva presidencial. <br><\/p>\n\n\n\n<figure class=\"wp-block-image size-large\"><img loading=\"lazy\" decoding=\"async\" width=\"1599\" height=\"899\" data-attachment-id=\"33223\" data-permalink=\"http:\/\/blogdalucianaoliveira.com.br\/blog\/2022\/02\/03\/bolsonaro-e-recebido-por-grupo-de-apoiadores-e-com-protesto-em-porto-velho\/2e00d6bf-d82c-46de-b48b-9804d6fe1d08\/\" data-orig-file=\"https:\/\/i0.wp.com\/blogdalucianaoliveira.com.br\/blog\/wp-content\/uploads\/2022\/02\/2E00D6BF-D82C-46DE-B48B-9804D6FE1D08.jpeg?fit=1599%2C899\" data-orig-size=\"1599,899\" data-comments-opened=\"0\" data-image-meta=\"{&quot;aperture&quot;:&quot;0&quot;,&quot;credit&quot;:&quot;&quot;,&quot;camera&quot;:&quot;&quot;,&quot;caption&quot;:&quot;&quot;,&quot;created_timestamp&quot;:&quot;0&quot;,&quot;copyright&quot;:&quot;&quot;,&quot;focal_length&quot;:&quot;0&quot;,&quot;iso&quot;:&quot;0&quot;,&quot;shutter_speed&quot;:&quot;0&quot;,&quot;title&quot;:&quot;&quot;,&quot;orientation&quot;:&quot;0&quot;}\" data-image-title=\"2E00D6BF-D82C-46DE-B48B-9804D6FE1D08\" data-image-description=\"\" data-image-caption=\"\" data-medium-file=\"https:\/\/i0.wp.com\/blogdalucianaoliveira.com.br\/blog\/wp-content\/uploads\/2022\/02\/2E00D6BF-D82C-46DE-B48B-9804D6FE1D08.jpeg?fit=300%2C169\" data-large-file=\"https:\/\/i0.wp.com\/blogdalucianaoliveira.com.br\/blog\/wp-content\/uploads\/2022\/02\/2E00D6BF-D82C-46DE-B48B-9804D6FE1D08.jpeg?fit=600%2C338\" src=\"https:\/\/i0.wp.com\/blogdalucianaoliveira.com.br\/blog\/wp-content\/uploads\/2022\/02\/2E00D6BF-D82C-46DE-B48B-9804D6FE1D08.jpeg?fit=600%2C338\" alt=\"\" class=\"wp-image-33223\" srcset=\"https:\/\/i0.wp.com\/blogdalucianaoliveira.com.br\/blog\/wp-content\/uploads\/2022\/02\/2E00D6BF-D82C-46DE-B48B-9804D6FE1D08.jpeg?w=1599 1599w, https:\/\/i0.wp.com\/blogdalucianaoliveira.com.br\/blog\/wp-content\/uploads\/2022\/02\/2E00D6BF-D82C-46DE-B48B-9804D6FE1D08.jpeg?resize=300%2C169 300w, https:\/\/i0.wp.com\/blogdalucianaoliveira.com.br\/blog\/wp-content\/uploads\/2022\/02\/2E00D6BF-D82C-46DE-B48B-9804D6FE1D08.jpeg?resize=1024%2C576 1024w, https:\/\/i0.wp.com\/blogdalucianaoliveira.com.br\/blog\/wp-content\/uploads\/2022\/02\/2E00D6BF-D82C-46DE-B48B-9804D6FE1D08.jpeg?resize=768%2C432 768w, https:\/\/i0.wp.com\/blogdalucianaoliveira.com.br\/blog\/wp-content\/uploads\/2022\/02\/2E00D6BF-D82C-46DE-B48B-9804D6FE1D08.jpeg?resize=1536%2C864 1536w, https:\/\/i0.wp.com\/blogdalucianaoliveira.com.br\/blog\/wp-content\/uploads\/2022\/02\/2E00D6BF-D82C-46DE-B48B-9804D6FE1D08.jpeg?resize=534%2C300 534w, https:\/\/i0.wp.com\/blogdalucianaoliveira.com.br\/blog\/wp-content\/uploads\/2022\/02\/2E00D6BF-D82C-46DE-B48B-9804D6FE1D08.jpeg?w=1200 1200w\" sizes=\"auto, (max-width: 600px) 100vw, 600px\" \/><figcaption>foto Rondoniaovivo<\/figcaption><\/figure>\n\n\n\n<figure class=\"wp-block-image size-large\"><img data-recalc-dims=\"1\" loading=\"lazy\" decoding=\"async\" width=\"600\" height=\"429\" data-attachment-id=\"33218\" data-permalink=\"http:\/\/blogdalucianaoliveira.com.br\/blog\/2022\/02\/03\/bolsonaro-e-recebido-por-grupo-de-apoiadores-e-com-protesto-em-porto-velho\/b8abbddc-25a9-4dc4-8407-5b0e846a2fb1\/\" data-orig-file=\"https:\/\/i0.wp.com\/blogdalucianaoliveira.com.br\/blog\/wp-content\/uploads\/2022\/02\/B8ABBDDC-25A9-4DC4-8407-5B0E846A2FB1.jpeg?fit=945%2C676\" data-orig-size=\"945,676\" data-comments-opened=\"0\" data-image-meta=\"{&quot;aperture&quot;:&quot;0&quot;,&quot;credit&quot;:&quot;&quot;,&quot;camera&quot;:&quot;&quot;,&quot;caption&quot;:&quot;&quot;,&quot;created_timestamp&quot;:&quot;0&quot;,&quot;copyright&quot;:&quot;&quot;,&quot;focal_length&quot;:&quot;0&quot;,&quot;iso&quot;:&quot;0&quot;,&quot;shutter_speed&quot;:&quot;0&quot;,&quot;title&quot;:&quot;&quot;,&quot;orientation&quot;:&quot;1&quot;}\" data-image-title=\"B8ABBDDC-25A9-4DC4-8407-5B0E846A2FB1\" data-image-description=\"\" data-image-caption=\"\" data-medium-file=\"https:\/\/i0.wp.com\/blogdalucianaoliveira.com.br\/blog\/wp-content\/uploads\/2022\/02\/B8ABBDDC-25A9-4DC4-8407-5B0E846A2FB1.jpeg?fit=300%2C215\" data-large-file=\"https:\/\/i0.wp.com\/blogdalucianaoliveira.com.br\/blog\/wp-content\/uploads\/2022\/02\/B8ABBDDC-25A9-4DC4-8407-5B0E846A2FB1.jpeg?fit=600%2C429\" src=\"https:\/\/i0.wp.com\/blogdalucianaoliveira.com.br\/blog\/wp-content\/uploads\/2022\/02\/B8ABBDDC-25A9-4DC4-8407-5B0E846A2FB1.jpeg?resize=600%2C429\" alt=\"\" class=\"wp-image-33218\" srcset=\"https:\/\/i0.wp.com\/blogdalucianaoliveira.com.br\/blog\/wp-content\/uploads\/2022\/02\/B8ABBDDC-25A9-4DC4-8407-5B0E846A2FB1.jpeg?w=945 945w, https:\/\/i0.wp.com\/blogdalucianaoliveira.com.br\/blog\/wp-content\/uploads\/2022\/02\/B8ABBDDC-25A9-4DC4-8407-5B0E846A2FB1.jpeg?resize=300%2C215 300w, https:\/\/i0.wp.com\/blogdalucianaoliveira.com.br\/blog\/wp-content\/uploads\/2022\/02\/B8ABBDDC-25A9-4DC4-8407-5B0E846A2FB1.jpeg?resize=768%2C549 768w, https:\/\/i0.wp.com\/blogdalucianaoliveira.com.br\/blog\/wp-content\/uploads\/2022\/02\/B8ABBDDC-25A9-4DC4-8407-5B0E846A2FB1.jpeg?resize=419%2C300 419w\" sizes=\"auto, (max-width: 600px) 100vw, 600px\" \/><\/figure>\n\n\n\n<p>Em v\u00e1rios pontos da cidade houve  tamb\u00e9m manifesta\u00e7\u00f5es contra a presen\u00e7a do presidente, com faixas de protesto em defesa da ci\u00eancia e de direitos amea\u00e7ados ou extintos com a chegada de Bolsonaro \u00e0 presid\u00eancia.<\/p>\n\n\n\n<figure class=\"wp-block-image size-large\"><img data-recalc-dims=\"1\" loading=\"lazy\" decoding=\"async\" width=\"600\" height=\"395\" data-attachment-id=\"33219\" data-permalink=\"http:\/\/blogdalucianaoliveira.com.br\/blog\/2022\/02\/03\/bolsonaro-e-recebido-por-grupo-de-apoiadores-e-com-protesto-em-porto-velho\/9b1ac3fc-b54a-452b-b466-28bf236c732b\/\" data-orig-file=\"https:\/\/i0.wp.com\/blogdalucianaoliveira.com.br\/blog\/wp-content\/uploads\/2022\/02\/9B1AC3FC-B54A-452B-B466-28BF236C732B.jpeg?fit=939%2C618\" data-orig-size=\"939,618\" data-comments-opened=\"0\" data-image-meta=\"{&quot;aperture&quot;:&quot;0&quot;,&quot;credit&quot;:&quot;&quot;,&quot;camera&quot;:&quot;&quot;,&quot;caption&quot;:&quot;&quot;,&quot;created_timestamp&quot;:&quot;0&quot;,&quot;copyright&quot;:&quot;&quot;,&quot;focal_length&quot;:&quot;0&quot;,&quot;iso&quot;:&quot;0&quot;,&quot;shutter_speed&quot;:&quot;0&quot;,&quot;title&quot;:&quot;&quot;,&quot;orientation&quot;:&quot;1&quot;}\" data-image-title=\"9B1AC3FC-B54A-452B-B466-28BF236C732B\" data-image-description=\"\" data-image-caption=\"\" data-medium-file=\"https:\/\/i0.wp.com\/blogdalucianaoliveira.com.br\/blog\/wp-content\/uploads\/2022\/02\/9B1AC3FC-B54A-452B-B466-28BF236C732B.jpeg?fit=300%2C197\" data-large-file=\"https:\/\/i0.wp.com\/blogdalucianaoliveira.com.br\/blog\/wp-content\/uploads\/2022\/02\/9B1AC3FC-B54A-452B-B466-28BF236C732B.jpeg?fit=600%2C395\" src=\"https:\/\/i0.wp.com\/blogdalucianaoliveira.com.br\/blog\/wp-content\/uploads\/2022\/02\/9B1AC3FC-B54A-452B-B466-28BF236C732B.jpeg?resize=600%2C395\" alt=\"\" class=\"wp-image-33219\" srcset=\"https:\/\/i0.wp.com\/blogdalucianaoliveira.com.br\/blog\/wp-content\/uploads\/2022\/02\/9B1AC3FC-B54A-452B-B466-28BF236C732B.jpeg?w=939 939w, https:\/\/i0.wp.com\/blogdalucianaoliveira.com.br\/blog\/wp-content\/uploads\/2022\/02\/9B1AC3FC-B54A-452B-B466-28BF236C732B.jpeg?resize=300%2C197 300w, https:\/\/i0.wp.com\/blogdalucianaoliveira.com.br\/blog\/wp-content\/uploads\/2022\/02\/9B1AC3FC-B54A-452B-B466-28BF236C732B.jpeg?resize=768%2C505 768w, https:\/\/i0.wp.com\/blogdalucianaoliveira.com.br\/blog\/wp-content\/uploads\/2022\/02\/9B1AC3FC-B54A-452B-B466-28BF236C732B.jpeg?resize=456%2C300 456w\" sizes=\"auto, (max-width: 600px) 100vw, 600px\" \/><\/figure>\n\n\n\n<p>Na Assembleia Legislativa do Estado, pr\u00f3xima ao local do encontro entre os presidentes, um grupo em oposi\u00e7\u00e3o ao governo fez ato simb\u00f3lico. <\/p>\n\n\n\n<figure class=\"wp-block-image size-large\"><img data-recalc-dims=\"1\" loading=\"lazy\" decoding=\"async\" width=\"600\" height=\"450\" data-attachment-id=\"33224\" data-permalink=\"http:\/\/blogdalucianaoliveira.com.br\/blog\/2022\/02\/03\/bolsonaro-e-recebido-por-grupo-de-apoiadores-e-com-protesto-em-porto-velho\/daf3378f-4645-43da-b9a5-699e41c7c47b\/\" data-orig-file=\"https:\/\/i0.wp.com\/blogdalucianaoliveira.com.br\/blog\/wp-content\/uploads\/2022\/02\/DAF3378F-4645-43DA-B9A5-699E41C7C47B.jpeg?fit=640%2C480\" data-orig-size=\"640,480\" data-comments-opened=\"0\" data-image-meta=\"{&quot;aperture&quot;:&quot;0&quot;,&quot;credit&quot;:&quot;&quot;,&quot;camera&quot;:&quot;&quot;,&quot;caption&quot;:&quot;&quot;,&quot;created_timestamp&quot;:&quot;0&quot;,&quot;copyright&quot;:&quot;&quot;,&quot;focal_length&quot;:&quot;0&quot;,&quot;iso&quot;:&quot;0&quot;,&quot;shutter_speed&quot;:&quot;0&quot;,&quot;title&quot;:&quot;&quot;,&quot;orientation&quot;:&quot;1&quot;}\" data-image-title=\"DAF3378F-4645-43DA-B9A5-699E41C7C47B\" data-image-description=\"\" data-image-caption=\"\" data-medium-file=\"https:\/\/i0.wp.com\/blogdalucianaoliveira.com.br\/blog\/wp-content\/uploads\/2022\/02\/DAF3378F-4645-43DA-B9A5-699E41C7C47B.jpeg?fit=300%2C225\" data-large-file=\"https:\/\/i0.wp.com\/blogdalucianaoliveira.com.br\/blog\/wp-content\/uploads\/2022\/02\/DAF3378F-4645-43DA-B9A5-699E41C7C47B.jpeg?fit=600%2C450\" src=\"https:\/\/i0.wp.com\/blogdalucianaoliveira.com.br\/blog\/wp-content\/uploads\/2022\/02\/DAF3378F-4645-43DA-B9A5-699E41C7C47B.jpeg?resize=600%2C450\" alt=\"\" class=\"wp-image-33224\" srcset=\"https:\/\/i0.wp.com\/blogdalucianaoliveira.com.br\/blog\/wp-content\/uploads\/2022\/02\/DAF3378F-4645-43DA-B9A5-699E41C7C47B.jpeg?w=640 640w, https:\/\/i0.wp.com\/blogdalucianaoliveira.com.br\/blog\/wp-content\/uploads\/2022\/02\/DAF3378F-4645-43DA-B9A5-699E41C7C47B.jpeg?resize=300%2C225 300w, https:\/\/i0.wp.com\/blogdalucianaoliveira.com.br\/blog\/wp-content\/uploads\/2022\/02\/DAF3378F-4645-43DA-B9A5-699E41C7C47B.jpeg?resize=400%2C300 400w\" sizes=\"auto, (max-width: 600px) 100vw, 600px\" \/><\/figure>\n\n\n\n<figure class=\"wp-block-image size-large\"><img data-recalc-dims=\"1\" loading=\"lazy\" decoding=\"async\" width=\"600\" height=\"450\" data-attachment-id=\"33221\" data-permalink=\"http:\/\/blogdalucianaoliveira.com.br\/blog\/2022\/02\/03\/bolsonaro-e-recebido-por-grupo-de-apoiadores-e-com-protesto-em-porto-velho\/a5f02e9a-69d1-48da-aced-9c51c177b1b0\/\" data-orig-file=\"https:\/\/i0.wp.com\/blogdalucianaoliveira.com.br\/blog\/wp-content\/uploads\/2022\/02\/A5F02E9A-69D1-48DA-ACED-9C51C177B1B0.jpeg?fit=1600%2C1200\" data-orig-size=\"1600,1200\" data-comments-opened=\"0\" data-image-meta=\"{&quot;aperture&quot;:&quot;0&quot;,&quot;credit&quot;:&quot;&quot;,&quot;camera&quot;:&quot;&quot;,&quot;caption&quot;:&quot;&quot;,&quot;created_timestamp&quot;:&quot;0&quot;,&quot;copyright&quot;:&quot;&quot;,&quot;focal_length&quot;:&quot;0&quot;,&quot;iso&quot;:&quot;0&quot;,&quot;shutter_speed&quot;:&quot;0&quot;,&quot;title&quot;:&quot;&quot;,&quot;orientation&quot;:&quot;0&quot;}\" data-image-title=\"A5F02E9A-69D1-48DA-ACED-9C51C177B1B0\" data-image-description=\"\" data-image-caption=\"\" data-medium-file=\"https:\/\/i0.wp.com\/blogdalucianaoliveira.com.br\/blog\/wp-content\/uploads\/2022\/02\/A5F02E9A-69D1-48DA-ACED-9C51C177B1B0.jpeg?fit=300%2C225\" data-large-file=\"https:\/\/i0.wp.com\/blogdalucianaoliveira.com.br\/blog\/wp-content\/uploads\/2022\/02\/A5F02E9A-69D1-48DA-ACED-9C51C177B1B0.jpeg?fit=600%2C450\" src=\"https:\/\/i0.wp.com\/blogdalucianaoliveira.com.br\/blog\/wp-content\/uploads\/2022\/02\/A5F02E9A-69D1-48DA-ACED-9C51C177B1B0.jpeg?resize=600%2C450\" alt=\"\" class=\"wp-image-33221\" srcset=\"https:\/\/i0.wp.com\/blogdalucianaoliveira.com.br\/blog\/wp-content\/uploads\/2022\/02\/A5F02E9A-69D1-48DA-ACED-9C51C177B1B0.jpeg?resize=1024%2C768 1024w, https:\/\/i0.wp.com\/blogdalucianaoliveira.com.br\/blog\/wp-content\/uploads\/2022\/02\/A5F02E9A-69D1-48DA-ACED-9C51C177B1B0.jpeg?resize=300%2C225 300w, https:\/\/i0.wp.com\/blogdalucianaoliveira.com.br\/blog\/wp-content\/uploads\/2022\/02\/A5F02E9A-69D1-48DA-ACED-9C51C177B1B0.jpeg?resize=768%2C576 768w, https:\/\/i0.wp.com\/blogdalucianaoliveira.com.br\/blog\/wp-content\/uploads\/2022\/02\/A5F02E9A-69D1-48DA-ACED-9C51C177B1B0.jpeg?resize=1536%2C1152 1536w, https:\/\/i0.wp.com\/blogdalucianaoliveira.com.br\/blog\/wp-content\/uploads\/2022\/02\/A5F02E9A-69D1-48DA-ACED-9C51C177B1B0.jpeg?resize=400%2C300 400w, https:\/\/i0.wp.com\/blogdalucianaoliveira.com.br\/blog\/wp-content\/uploads\/2022\/02\/A5F02E9A-69D1-48DA-ACED-9C51C177B1B0.jpeg?w=1600 1600w, https:\/\/i0.wp.com\/blogdalucianaoliveira.com.br\/blog\/wp-content\/uploads\/2022\/02\/A5F02E9A-69D1-48DA-ACED-9C51C177B1B0.jpeg?w=1200 1200w\" sizes=\"auto, (max-width: 600px) 100vw, 600px\" \/><\/figure>\n\n\n\n<p>O protesto avan\u00e7ou para a entrada do Centro Pol\u00edtico-Administrativo do governo, mas n\u00e3o para al\u00e9m do bloqueio e policiais tentaram impedir uso das faixas. <br><\/p>\n\n\n\n<p> <\/p>\n\n\n\n<div class=\"wp-block-media-text alignwide\"><figure class=\"wp-block-media-text__media\"><video controls src=\"http:\/\/blogdalucianaoliveira.com.br\/blog\/wp-content\/uploads\/2022\/02\/trim.40881742-F65D-4C02-817F-4CB2CEEE7C12.mov\"><\/video><\/figure><div class=\"wp-block-media-text__content\">\n<p class=\"has-large-font-size\"><\/p>\n<\/div><\/div>\n","protected":false},"excerpt":{"rendered":"<p>O presidente Jair Bolsonaro esteve nesta quinta, 03, em Porto Velho, capital de Rond\u00f4nia. Ele se encontrou com o presidente de Peru, Pedro Castilho, de extrema-esquerda para, segundo a assessoria, tratar de com\u00e9rcio bilateral e acesso ao Oceano Pac\u00edfico. Apoiadores o receberam com \u2018motociata\u2019 no trajeto do aeroporto Internacional Jorge Teixeira ao Pal\u00e1cio Rio Madeira&#8230;.<a class=\"more-link\" href=\"http:\/\/blogdalucianaoliveira.com.br\/blog\/2022\/02\/03\/bolsonaro-e-recebido-por-grupo-de-apoiadores-e-com-protesto-em-porto-velho\/\">Continue a leitura <span class=\"meta-nav\">&raquo;<\/span><\/a><\/p>\n","protected":false},"author":1,"featured_media":0,"comment_status":"closed","ping_status":"open","sticky":false,"template":"","format":"standard","meta":{"_exactmetrics_skip_tracking":false,"_exactmetrics_sitenote_active":false,"_exactmetrics_sitenote_note":"","_exactmetrics_sitenote_category":0,"jetpack_post_was_ever_published":false,"_jetpack_newsletter_access":"","_jetpack_dont_email_post_to_subs":false,"_jetpack_newsletter_tier_id":0,"_jetpack_memberships_contains_paywalled_content":false,"_jetpack_memberships_contains_paid_content":false,"footnotes":"","jetpack_publicize_message":"","jetpack_publicize_feature_enabled":true,"jetpack_social_post_already_shared":true,"jetpack_social_options":{"image_generator_settings":{"template":"highway","enabled":false},"version":2}},"categories":[1],"tags":[53,568,26,7],"class_list":["post-33216","post","type-post","status-publish","format-standard","hentry","category-notas","tag-bolsonaro","tag-manifestacao","tag-protesto","tag-rondonia"],"jetpack_publicize_connections":[],"jetpack_sharing_enabled":true,"jetpack_featured_media_url":"","jetpack_shortlink":"https:\/\/wp.me\/p7wKYW-8DK","jetpack-related-posts":[],"_links":{"self":[{"href":"http:\/\/blogdalucianaoliveira.com.br\/blog\/wp-json\/wp\/v2\/posts\/33216","targetHints":{"allow":["GET"]}}],"collection":[{"href":"http:\/\/blogdalucianaoliveira.com.br\/blog\/wp-json\/wp\/v2\/posts"}],"about":[{"href":"http:\/\/blogdalucianaoliveira.com.br\/blog\/wp-json\/wp\/v2\/types\/post"}],"author":[{"embeddable":true,"href":"http:\/\/blogdalucianaoliveira.com.br\/blog\/wp-json\/wp\/v2\/users\/1"}],"replies":[{"embeddable":true,"href":"http:\/\/blogdalucianaoliveira.com.br\/blog\/wp-json\/wp\/v2\/comments?post=33216"}],"version-history":[{"count":5,"href":"http:\/\/blogdalucianaoliveira.com.br\/blog\/wp-json\/wp\/v2\/posts\/33216\/revisions"}],"predecessor-version":[{"id":33232,"href":"http:\/\/blogdalucianaoliveira.com.br\/blog\/wp-json\/wp\/v2\/posts\/33216\/revisions\/33232"}],"wp:attachment":[{"href":"http:\/\/blogdalucianaoliveira.com.br\/blog\/wp-json\/wp\/v2\/media?parent=33216"}],"wp:term":[{"taxonomy":"category","embeddable":true,"href":"http:\/\/blogdalucianaoliveira.com.br\/blog\/wp-json\/wp\/v2\/categories?post=33216"},{"taxonomy":"post_tag","embeddable":true,"href":"http:\/\/blogdalucianaoliveira.com.br\/blog\/wp-json\/wp\/v2\/tags?post=33216"}],"curies":[{"name":"wp","href":"https:\/\/api.w.org\/{rel}","templated":true}]}}