{"id":33237,"date":"2022-02-04T12:39:25","date_gmt":"2022-02-04T16:39:25","guid":{"rendered":"http:\/\/blogdalucianaoliveira.com.br\/blog\/?p=33237"},"modified":"2022-02-04T12:39:31","modified_gmt":"2022-02-04T16:39:31","slug":"desmatamento-na-amazonia-cresce-quase-57-no-governo-bolsonaro-diz-ipam","status":"publish","type":"post","link":"http:\/\/blogdalucianaoliveira.com.br\/blog\/2022\/02\/04\/desmatamento-na-amazonia-cresce-quase-57-no-governo-bolsonaro-diz-ipam\/","title":{"rendered":"Desmatamento na Amaz\u00f4nia cresce quase 57% no governo Bolsonaro, diz Ipam"},"content":{"rendered":"\n<figure class=\"wp-block-image size-large\"><img data-recalc-dims=\"1\" loading=\"lazy\" decoding=\"async\" width=\"600\" height=\"338\" data-attachment-id=\"33238\" data-permalink=\"http:\/\/blogdalucianaoliveira.com.br\/blog\/2022\/02\/04\/desmatamento-na-amazonia-cresce-quase-57-no-governo-bolsonaro-diz-ipam\/6d0ce9a9-f4cf-4e18-b751-eaff4a4031db\/\" data-orig-file=\"https:\/\/i0.wp.com\/blogdalucianaoliveira.com.br\/blog\/wp-content\/uploads\/2022\/02\/6D0CE9A9-F4CF-4E18-B751-EAFF4A4031DB.jpeg?fit=600%2C338\" data-orig-size=\"600,338\" data-comments-opened=\"0\" data-image-meta=\"{&quot;aperture&quot;:&quot;0&quot;,&quot;credit&quot;:&quot;&quot;,&quot;camera&quot;:&quot;&quot;,&quot;caption&quot;:&quot;&quot;,&quot;created_timestamp&quot;:&quot;0&quot;,&quot;copyright&quot;:&quot;&quot;,&quot;focal_length&quot;:&quot;0&quot;,&quot;iso&quot;:&quot;0&quot;,&quot;shutter_speed&quot;:&quot;0&quot;,&quot;title&quot;:&quot;&quot;,&quot;orientation&quot;:&quot;0&quot;}\" data-image-title=\"6D0CE9A9-F4CF-4E18-B751-EAFF4A4031DB\" data-image-description=\"\" data-image-caption=\"\" data-medium-file=\"https:\/\/i0.wp.com\/blogdalucianaoliveira.com.br\/blog\/wp-content\/uploads\/2022\/02\/6D0CE9A9-F4CF-4E18-B751-EAFF4A4031DB.jpeg?fit=300%2C169\" data-large-file=\"https:\/\/i0.wp.com\/blogdalucianaoliveira.com.br\/blog\/wp-content\/uploads\/2022\/02\/6D0CE9A9-F4CF-4E18-B751-EAFF4A4031DB.jpeg?fit=600%2C338\" src=\"https:\/\/i0.wp.com\/blogdalucianaoliveira.com.br\/blog\/wp-content\/uploads\/2022\/02\/6D0CE9A9-F4CF-4E18-B751-EAFF4A4031DB.jpeg?resize=600%2C338\" alt=\"\" class=\"wp-image-33238\" srcset=\"https:\/\/i0.wp.com\/blogdalucianaoliveira.com.br\/blog\/wp-content\/uploads\/2022\/02\/6D0CE9A9-F4CF-4E18-B751-EAFF4A4031DB.jpeg?w=600 600w, https:\/\/i0.wp.com\/blogdalucianaoliveira.com.br\/blog\/wp-content\/uploads\/2022\/02\/6D0CE9A9-F4CF-4E18-B751-EAFF4A4031DB.jpeg?resize=300%2C169 300w, https:\/\/i0.wp.com\/blogdalucianaoliveira.com.br\/blog\/wp-content\/uploads\/2022\/02\/6D0CE9A9-F4CF-4E18-B751-EAFF4A4031DB.jpeg?resize=533%2C300 533w\" sizes=\"auto, (max-width: 600px) 100vw, 600px\" \/><\/figure>\n\n\n\n<h4 class=\"wp-block-heading\">Terras Ind\u00edgenas tiveram aumento de 150% nas \u00e1reas destru\u00eddas no \u00faltimo tri\u00eanio, o que equivale a 1.255 km\u00b2, aponta estudo feito pelo Instituto de Pesquisa Ambiental da Amaz\u00f4nia.<\/h4>\n\n\n\n<!--more-->\n\n\n\n<p>Por g1 PA\u00a0\u2014 Bel\u00e9m<\/p>\n\n\n\n<p>A destrui\u00e7\u00e3o de \u00e1reas de floresta na Amaz\u00f4nia continua apresentando \u00edndices alarmantes. No per\u00edodo&nbsp;de agosto de 2018 a julho de 2021, o desmatamento no bioma aumentou 56,6%&nbsp;em rela\u00e7\u00e3o ao mesmo per\u00edodo em anos anteriores.&nbsp;O Par\u00e1 segue como o estado que possui as \u00e1reas mais cr\u00edticas de desmatamento&nbsp;desde 2017. O levantamento foi feito pelo Instituto de Pesquisa Ambiental da Amaz\u00f4nia (Ipam), publicado na \u00faltima quarta-feira (2).&nbsp;<\/p>\n\n\n\n<p>Para o Ipam, o avan\u00e7o do desmatamento na Amaz\u00f4nia ficou mais evidente a partir da gest\u00e3o do presidente Jair Bolsonaro, eleito em 2018, por meio do enfraquecimento de \u00f3rg\u00e3os de fiscaliza\u00e7\u00e3o, falta de puni\u00e7\u00e3o a crimes ambientais e redu\u00e7\u00e3o significativa de a\u00e7\u00f5es imediatas de combate e controle de atividades ilegais na regi\u00e3o.&nbsp;<\/p>\n\n\n\n<p>De acordo com a pesquisa,\u00a0mais da metade (51%) do desmatamento dos \u00faltimos tr\u00eas anos ocorreu em terras p\u00fablicas. 83% foi em \u00e1reas de dom\u00ednio federal.\u00a0Parte da devasta\u00e7\u00e3o se concentra no entorno de duas rodovias federais que atravessam o norte de Mato Grosso e o oeste do Par\u00e1.<\/p>\n\n\n\n<p>Dos territ\u00f3rios afetados, as chamadas Florestas P\u00fablicas N\u00e3o Destinadas foram as mais atingidas, considerando a propor\u00e7\u00e3o territorial, com alta de 85% na \u00e1rea desmatada, passando de 1.743 km\u00b2 derrubados anualmente para mais de 3.228 km\u00b2.&nbsp;<\/p>\n\n\n\n<p>No \u00faltimo ano, essa categoria de floresta p\u00fablica concentrou um ter\u00e7o de todo o desmatamento no bioma, explicam os pesquisadores.<\/p>\n\n\n\n<p>Em Terras Ind\u00edgenas (TIs), houve alta de 153%, em m\u00e9dia, no desmatamento, o que equivale a uma \u00e1rea de 1.255 km\u00b2.&nbsp;No mesmo per\u00edodo em anos anteriores, a \u00e1rea era de 496 km\u00b2. J\u00e1 o desmatamento em unidades de conserva\u00e7\u00e3o (UCs) teve aumento proporcional de 63,7%, com 3.595 km\u00b2 derrubados no \u00faltimo tri\u00eanio contra 2.195 km\u00b2 nos tr\u00eas anos anteriores.<\/p>\n\n\n\n<p>\u201cEstamos subindo degraus r\u00e1pido demais quanto \u00e0 destrui\u00e7\u00e3o da Amaz\u00f4nia. Quando olhamos para os n\u00fameros dos \u00faltimos tr\u00eas anos, fica claro o retrocesso daquilo que o Brasil foi um dia. Seguimos um caminho totalmente oposto \u00e0s atitudes que o planeta precisa, com urg\u00eancia, neste momento\u201d, declara Ane Alencar, diretora de ci\u00eancia no IPAM e principal autora do estudo.&nbsp;<\/p>\n\n\n\n<figure class=\"wp-block-image\"><img data-recalc-dims=\"1\" decoding=\"async\" src=\"https:\/\/i0.wp.com\/s2.glbimg.com\/MhHwq4piYmLMUIfoCCEXZ53wiBo%3D\/0x0%3A800x450\/600x0\/smart\/filters%3Agifv%28%29%3Astrip_icc%28%29\/i.s3.glbimg.com\/v1\/AUTH_59edd422c0c84a879bd37670ae4f538a\/internal_photos\/bs\/2021\/Y\/W\/dzbjuEQhA4dqcFrmS5Wg\/foto02-121530223-3c3a76e3-43fa-45f0-8a60-4641752b173f.jpg?w=600&#038;ssl=1\" alt=\"Dados do Inpe mostram aumento no desmatamento na Amaz\u00f4nia em outubro de 2021 em compara\u00e7\u00e3o com o ano passado. \u00c1rea destru\u00edda \u00e9 recorde para o m\u00eas desde o in\u00edcio da s\u00e9rie hist\u00f3rica, em 2016. \u2014 Foto: Getty Images\/Via BBC\"\/><figcaption>Dados do Inpe mostram aumento no desmatamento na Amaz\u00f4nia em outubro de 2021 em compara\u00e7\u00e3o com o ano passado. \u00c1rea destru\u00edda \u00e9 recorde para o m\u00eas desde o in\u00edcio da s\u00e9rie hist\u00f3rica, em 2016. \u2014 Foto: Getty Images\/Via BBC&nbsp;<\/figcaption><\/figure>\n\n\n\n<p>O estudo alerta que a&nbsp;tend\u00eancia \u00e9 que o desmatamento cres\u00e7a ainda mais&nbsp;caso sejam aprovados projetos de lei que est\u00e3o em discuss\u00e3o no Congresso e que defendem a regulariza\u00e7\u00e3o de \u00e1reas desmatadas e atividade de explora\u00e7\u00e3o mineral em Terras Ind\u00edgenas.&nbsp;<\/p>\n\n\n\n<p>O Ipam recomenda que sejam elaboradas<strong>estrat\u00e9gias regionais robustas integradas aos planos estaduais de preven\u00e7\u00e3o e controle do desmatamento<\/strong>. Al\u00e9m disso, os pesquisadores refor\u00e7am que&nbsp;\u00e9 preciso priorizar as investiga\u00e7\u00f5es sobre crimes ambientais.&nbsp;<\/p>\n\n\n\n<p>Sobre a situa\u00e7\u00e3o do Par\u00e1, a Secretaria de Estado de Meio Ambiente e Sustentabilidade (Semas), informa que 70% das \u00e1reas estado s\u00e3o de responsabilidade do governo federal e que, em territ\u00f3rios de compet\u00eancia estadual, foram realizadas opera\u00e7\u00f5es de combate ao avan\u00e7o do desmatamento.&nbsp;<\/p>\n\n\n\n<p>O<strong>&nbsp;g1<\/strong>&nbsp;procurou o Minist\u00e9rio do Meio Ambiente(MMA), o Instituto Brasileiro do Meio Ambiente e dos Recursos Naturais Renov\u00e1veis (Ibama) e a Secretaria Especial de Comunica\u00e7\u00e3o Social do Planalto, mas n\u00e3o obteve retorno.&nbsp;<\/p>\n\n\n\n<figure class=\"wp-block-image\"><img data-recalc-dims=\"1\" decoding=\"async\" src=\"https:\/\/i0.wp.com\/s2.glbimg.com\/bXT81ASqh4ELCPdQiY8dwvLV3YY%3D\/0x0%3A640x360\/600x0\/smart\/filters%3Agifv%28%29%3Astrip_icc%28%29\/i.s3.glbimg.com\/v1\/AUTH_59edd422c0c84a879bd37670ae4f538a\/internal_photos\/bs\/2021\/C\/i\/sAUUvzQsWHiGd1JGPm5A\/2.jpg?w=600&#038;ssl=1\" alt=\"Sob o governo Bolsonaro, desmatamento e queimadas na Amaz\u00f4nia aumentaram \u2014 Foto: Reuters\"\/><figcaption>Sob o governo Bolsonaro, desmatamento e queimadas na Amaz\u00f4nia aumentaram \u2014 Foto: Reuters<\/figcaption><\/figure>\n\n\n\n<p><em>Leia abaixo a nota na \u00edntegra.<\/em><\/p>\n\n\n\n<p><em>A Secretaria de Estado de Meio Ambiente e Sustentabilidade (Semas) informa que 70% das \u00e1reas do Par\u00e1 s\u00e3o de responsabilidade do Governo Federal. O governo do Par\u00e1 realizou em 2021 quase 50 opera\u00e7\u00f5es ambientais em apoio ao Ibama e ICMBio.<\/em><\/p>\n\n\n\n<p><em>Em \u00e1reas de sua responsabilidade, foram 19 a\u00e7\u00f5es da Opera\u00e7\u00e3o Amaz\u00f4nia Viva, que re\u00fane Pol\u00edcias Civil, Militar e Cient\u00edfica, al\u00e9m do Instituto de Desenvolvimento Florestal e da Biodiversidade. Resultados da a\u00e7\u00e3o: redu\u00e7\u00e3o nos \u00edndices de desmatamento nas \u00e1reas estaduais em 7 dos 12 meses de 2021. Foram 273.488,23 hectares de \u00e1reas embargadas; apreens\u00e3o de 10.079,70 m\u00b3 de madeira em tora, 1.935,76m\u00b3 de madeira serrada; 6.521 unidades de estaca; 355 motosserras; 130 tratores\/carregadeiras\/escavadeiras; al\u00e9m da inutiliza\u00e7\u00e3o de 50 tratores\/carregadeiras\/escavadeiras, 141 Armas de fogo e 660 muni\u00e7\u00f5es; 229 acampamentos destru\u00eddos e 62 garimpos ilegais interditados.<\/em><\/p>\n","protected":false},"excerpt":{"rendered":"<p>Terras Ind\u00edgenas tiveram aumento de 150% nas \u00e1reas destru\u00eddas no \u00faltimo tri\u00eanio, o que equivale a 1.255 km\u00b2, aponta estudo feito pelo Instituto de Pesquisa Ambiental da Amaz\u00f4nia.<\/p>\n","protected":false},"author":1,"featured_media":0,"comment_status":"closed","ping_status":"open","sticky":false,"template":"","format":"standard","meta":{"_exactmetrics_skip_tracking":false,"_exactmetrics_sitenote_active":false,"_exactmetrics_sitenote_note":"","_exactmetrics_sitenote_category":0,"jetpack_post_was_ever_published":false,"_jetpack_newsletter_access":"","_jetpack_dont_email_post_to_subs":false,"_jetpack_newsletter_tier_id":0,"_jetpack_memberships_contains_paywalled_content":false,"_jetpack_memberships_contains_paid_content":false,"footnotes":"","jetpack_publicize_message":"","jetpack_publicize_feature_enabled":true,"jetpack_social_post_already_shared":true,"jetpack_social_options":{"image_generator_settings":{"template":"highway","enabled":false},"version":2}},"categories":[1],"tags":[],"class_list":["post-33237","post","type-post","status-publish","format-standard","hentry","category-notas"],"jetpack_publicize_connections":[],"jetpack_sharing_enabled":true,"jetpack_featured_media_url":"","jetpack_shortlink":"https:\/\/wp.me\/p7wKYW-8E5","jetpack-related-posts":[],"_links":{"self":[{"href":"http:\/\/blogdalucianaoliveira.com.br\/blog\/wp-json\/wp\/v2\/posts\/33237","targetHints":{"allow":["GET"]}}],"collection":[{"href":"http:\/\/blogdalucianaoliveira.com.br\/blog\/wp-json\/wp\/v2\/posts"}],"about":[{"href":"http:\/\/blogdalucianaoliveira.com.br\/blog\/wp-json\/wp\/v2\/types\/post"}],"author":[{"embeddable":true,"href":"http:\/\/blogdalucianaoliveira.com.br\/blog\/wp-json\/wp\/v2\/users\/1"}],"replies":[{"embeddable":true,"href":"http:\/\/blogdalucianaoliveira.com.br\/blog\/wp-json\/wp\/v2\/comments?post=33237"}],"version-history":[{"count":1,"href":"http:\/\/blogdalucianaoliveira.com.br\/blog\/wp-json\/wp\/v2\/posts\/33237\/revisions"}],"predecessor-version":[{"id":33239,"href":"http:\/\/blogdalucianaoliveira.com.br\/blog\/wp-json\/wp\/v2\/posts\/33237\/revisions\/33239"}],"wp:attachment":[{"href":"http:\/\/blogdalucianaoliveira.com.br\/blog\/wp-json\/wp\/v2\/media?parent=33237"}],"wp:term":[{"taxonomy":"category","embeddable":true,"href":"http:\/\/blogdalucianaoliveira.com.br\/blog\/wp-json\/wp\/v2\/categories?post=33237"},{"taxonomy":"post_tag","embeddable":true,"href":"http:\/\/blogdalucianaoliveira.com.br\/blog\/wp-json\/wp\/v2\/tags?post=33237"}],"curies":[{"name":"wp","href":"https:\/\/api.w.org\/{rel}","templated":true}]}}