{"id":33240,"date":"2022-02-04T16:09:39","date_gmt":"2022-02-04T20:09:39","guid":{"rendered":"http:\/\/blogdalucianaoliveira.com.br\/blog\/?p=33240"},"modified":"2022-02-04T16:09:46","modified_gmt":"2022-02-04T20:09:46","slug":"mpf-apura-suposto-abuso-de-autoridade-da-prf-contra-manifestantes-durante-visita-presidencial-a-porto-velho","status":"publish","type":"post","link":"http:\/\/blogdalucianaoliveira.com.br\/blog\/2022\/02\/04\/mpf-apura-suposto-abuso-de-autoridade-da-prf-contra-manifestantes-durante-visita-presidencial-a-porto-velho\/","title":{"rendered":"MPF apura suposto abuso de autoridade da PRF contra manifestantes durante visita presidencial a Porto Velho"},"content":{"rendered":"\n<figure class=\"wp-block-image size-large\"><img data-recalc-dims=\"1\" loading=\"lazy\" decoding=\"async\" width=\"400\" height=\"266\" data-attachment-id=\"33241\" data-permalink=\"http:\/\/blogdalucianaoliveira.com.br\/blog\/2022\/02\/04\/mpf-apura-suposto-abuso-de-autoridade-da-prf-contra-manifestantes-durante-visita-presidencial-a-porto-velho\/46815cde-fd48-4931-8f7f-7132878a515a\/\" data-orig-file=\"https:\/\/i0.wp.com\/blogdalucianaoliveira.com.br\/blog\/wp-content\/uploads\/2022\/02\/46815CDE-FD48-4931-8F7F-7132878A515A.jpeg?fit=400%2C266\" data-orig-size=\"400,266\" data-comments-opened=\"0\" data-image-meta=\"{&quot;aperture&quot;:&quot;0&quot;,&quot;credit&quot;:&quot;&quot;,&quot;camera&quot;:&quot;&quot;,&quot;caption&quot;:&quot;&quot;,&quot;created_timestamp&quot;:&quot;0&quot;,&quot;copyright&quot;:&quot;&quot;,&quot;focal_length&quot;:&quot;0&quot;,&quot;iso&quot;:&quot;0&quot;,&quot;shutter_speed&quot;:&quot;0&quot;,&quot;title&quot;:&quot;&quot;,&quot;orientation&quot;:&quot;0&quot;}\" data-image-title=\"46815CDE-FD48-4931-8F7F-7132878A515A\" data-image-description=\"\" data-image-caption=\"\" data-medium-file=\"https:\/\/i0.wp.com\/blogdalucianaoliveira.com.br\/blog\/wp-content\/uploads\/2022\/02\/46815CDE-FD48-4931-8F7F-7132878A515A.jpeg?fit=300%2C200\" data-large-file=\"https:\/\/i0.wp.com\/blogdalucianaoliveira.com.br\/blog\/wp-content\/uploads\/2022\/02\/46815CDE-FD48-4931-8F7F-7132878A515A.jpeg?fit=400%2C266\" src=\"https:\/\/i0.wp.com\/blogdalucianaoliveira.com.br\/blog\/wp-content\/uploads\/2022\/02\/46815CDE-FD48-4931-8F7F-7132878A515A.jpeg?resize=400%2C266\" alt=\"\" class=\"wp-image-33241\" srcset=\"https:\/\/i0.wp.com\/blogdalucianaoliveira.com.br\/blog\/wp-content\/uploads\/2022\/02\/46815CDE-FD48-4931-8F7F-7132878A515A.jpeg?w=400 400w, https:\/\/i0.wp.com\/blogdalucianaoliveira.com.br\/blog\/wp-content\/uploads\/2022\/02\/46815CDE-FD48-4931-8F7F-7132878A515A.jpeg?resize=300%2C200 300w\" sizes=\"auto, (max-width: 400px) 100vw, 400px\" \/><\/figure>\n\n\n\n<p>O Minist\u00e9rio P\u00fablico Federal (MPF) instaurou procedimento preparat\u00f3rio para apurar a\u00e7\u00f5es supostamente abusivas por agentes da Pol\u00edcia Rodovi\u00e1ria Federal (PRF) e cerceamento \u00e0 livre manifesta\u00e7\u00e3o do pensamento durante agenda do presidente Jair Bolsonaro em Porto Velho (RO), nesta quinta-feira (3). Em v\u00eddeos divulgados em portais de not\u00edcias e em redes sociais, policiais rodovi\u00e1rios federais aparecem em cenas que podem indicar intimida\u00e7\u00e3o contra manifestantes que portavam faixas contr\u00e1rias ao atual presidente.<\/p>\n\n\n\n<!--more-->\n\n\n\n<p>O procurador da Rep\u00fablica Raphael Bevilaqua enviou of\u00edcio ao superintendente da PRF em Rond\u00f4nia perguntando qual a motiva\u00e7\u00e3o para impedir a manifesta\u00e7\u00e3o pac\u00edfica, questionando ainda se os manifestantes estavam invadindo o per\u00edmetro reservado ao deslocamento presidencial ou fora da faixa de isolamento das vias, se a abordagem foi decis\u00e3o de um ou outro patrulheiro ou consta como abordagem padr\u00e3o em alguma norma operacional da PRF, se houve o mesmo tratamento aos manifestantes que portavam faixas e bandeiras favor\u00e1veis ao presidente, se h\u00e1 alguma orienta\u00e7\u00e3o em manual de atua\u00e7\u00e3o\/opera\u00e7\u00e3o ou ordem superior para proibir a exibi\u00e7\u00e3o de faixas e cartazes. Al\u00e9m disso, pediu-se a identifica\u00e7\u00e3o dos agentes que determinaram aos manifestantes a retirada das faixas. O prazo para resposta ao MPF \u00e9 de dez dias \u00fateis a partir desta sexta-feira (4).<\/p>\n\n\n\n<p>Bevilaqua informa que, a partir das imagens divulgadas, entende-se que a manifesta\u00e7\u00e3o era pac\u00edfica, valendo-se somente de faixas com cr\u00edticas ao atual presidente. Em um dos v\u00eddeos, um dos manifestantes chegou a questionar se poderiam segurar as faixas mais atr\u00e1s, ao que o agente responde com mais intimida\u00e7\u00e3o.<\/p>\n\n\n\n<p>\u201cO regime democr\u00e1tico assegura a livre manifesta\u00e7\u00e3o do pensamento, podendo os cidad\u00e3os se manifestarem pacificamente em desfavor de agentes p\u00fablicos, pol\u00edticos. Nos v\u00eddeos divulgados h\u00e1 um aparente abuso de autoridade por parte de agentes da PRF com amea\u00e7a de condu\u00e7\u00e3o por desacato, medida desproporcional \u00e0 manifesta\u00e7\u00e3o ordeira exposta com faixas em cal\u00e7adas da via p\u00fablica\u201d, argumentou o procurador da Rep\u00fablica.<\/p>\n\n\n\n<p>Assessoria de Comunica\u00e7\u00e3o&nbsp;<\/p>\n","protected":false},"excerpt":{"rendered":"<p>O Minist\u00e9rio P\u00fablico Federal (MPF) instaurou procedimento preparat\u00f3rio para apurar a\u00e7\u00f5es supostamente abusivas por agentes da Pol\u00edcia Rodovi\u00e1ria Federal (PRF) e cerceamento \u00e0 livre manifesta\u00e7\u00e3o do pensamento durante agenda do presidente Jair Bolsonaro em Porto Velho (RO), nesta quinta-feira (3). Em v\u00eddeos divulgados em portais de not\u00edcias e em redes sociais, policiais rodovi\u00e1rios federais aparecem&#8230;<a class=\"more-link\" href=\"http:\/\/blogdalucianaoliveira.com.br\/blog\/2022\/02\/04\/mpf-apura-suposto-abuso-de-autoridade-da-prf-contra-manifestantes-durante-visita-presidencial-a-porto-velho\/\">Continue a leitura <span class=\"meta-nav\">&raquo;<\/span><\/a><\/p>\n","protected":false},"author":1,"featured_media":0,"comment_status":"closed","ping_status":"open","sticky":false,"template":"","format":"standard","meta":{"_exactmetrics_skip_tracking":false,"_exactmetrics_sitenote_active":false,"_exactmetrics_sitenote_note":"","_exactmetrics_sitenote_category":0,"jetpack_post_was_ever_published":false,"_jetpack_newsletter_access":"","_jetpack_dont_email_post_to_subs":false,"_jetpack_newsletter_tier_id":0,"_jetpack_memberships_contains_paywalled_content":false,"_jetpack_memberships_contains_paid_content":false,"footnotes":"","jetpack_publicize_message":"","jetpack_publicize_feature_enabled":true,"jetpack_social_post_already_shared":true,"jetpack_social_options":{"image_generator_settings":{"template":"highway","enabled":false},"version":2}},"categories":[1],"tags":[],"class_list":["post-33240","post","type-post","status-publish","format-standard","hentry","category-notas"],"jetpack_publicize_connections":[],"jetpack_sharing_enabled":true,"jetpack_featured_media_url":"","jetpack_shortlink":"https:\/\/wp.me\/p7wKYW-8E8","jetpack-related-posts":[],"_links":{"self":[{"href":"http:\/\/blogdalucianaoliveira.com.br\/blog\/wp-json\/wp\/v2\/posts\/33240","targetHints":{"allow":["GET"]}}],"collection":[{"href":"http:\/\/blogdalucianaoliveira.com.br\/blog\/wp-json\/wp\/v2\/posts"}],"about":[{"href":"http:\/\/blogdalucianaoliveira.com.br\/blog\/wp-json\/wp\/v2\/types\/post"}],"author":[{"embeddable":true,"href":"http:\/\/blogdalucianaoliveira.com.br\/blog\/wp-json\/wp\/v2\/users\/1"}],"replies":[{"embeddable":true,"href":"http:\/\/blogdalucianaoliveira.com.br\/blog\/wp-json\/wp\/v2\/comments?post=33240"}],"version-history":[{"count":1,"href":"http:\/\/blogdalucianaoliveira.com.br\/blog\/wp-json\/wp\/v2\/posts\/33240\/revisions"}],"predecessor-version":[{"id":33242,"href":"http:\/\/blogdalucianaoliveira.com.br\/blog\/wp-json\/wp\/v2\/posts\/33240\/revisions\/33242"}],"wp:attachment":[{"href":"http:\/\/blogdalucianaoliveira.com.br\/blog\/wp-json\/wp\/v2\/media?parent=33240"}],"wp:term":[{"taxonomy":"category","embeddable":true,"href":"http:\/\/blogdalucianaoliveira.com.br\/blog\/wp-json\/wp\/v2\/categories?post=33240"},{"taxonomy":"post_tag","embeddable":true,"href":"http:\/\/blogdalucianaoliveira.com.br\/blog\/wp-json\/wp\/v2\/tags?post=33240"}],"curies":[{"name":"wp","href":"https:\/\/api.w.org\/{rel}","templated":true}]}}