{"id":33251,"date":"2022-02-07T09:37:40","date_gmt":"2022-02-07T13:37:40","guid":{"rendered":"http:\/\/blogdalucianaoliveira.com.br\/blog\/?p=33251"},"modified":"2022-02-07T09:41:16","modified_gmt":"2022-02-07T13:41:16","slug":"mst-rondonia-divulga-acao-ambiental-e-doacao-de-alimentos-a-indigenas","status":"publish","type":"post","link":"http:\/\/blogdalucianaoliveira.com.br\/blog\/2022\/02\/07\/mst-rondonia-divulga-acao-ambiental-e-doacao-de-alimentos-a-indigenas\/","title":{"rendered":"MST Rond\u00f4nia divulga a\u00e7\u00e3o ambiental e doa\u00e7\u00e3o de alimentos a ind\u00edgenas"},"content":{"rendered":"\n<figure class=\"wp-block-image size-large\"><img data-recalc-dims=\"1\" loading=\"lazy\" decoding=\"async\" width=\"600\" height=\"630\" data-attachment-id=\"33252\" data-permalink=\"http:\/\/blogdalucianaoliveira.com.br\/blog\/2022\/02\/07\/mst-rondonia-divulga-acao-ambiental-e-doacao-de-alimentos-a-indigenas\/whatsapp-image-2022-02-07-at-09-29-53\/\" data-orig-file=\"https:\/\/i0.wp.com\/blogdalucianaoliveira.com.br\/blog\/wp-content\/uploads\/2022\/02\/WhatsApp-Image-2022-02-07-at-09.29.53.jpeg?fit=975%2C1024\" data-orig-size=\"975,1024\" data-comments-opened=\"0\" data-image-meta=\"{&quot;aperture&quot;:&quot;0&quot;,&quot;credit&quot;:&quot;&quot;,&quot;camera&quot;:&quot;&quot;,&quot;caption&quot;:&quot;&quot;,&quot;created_timestamp&quot;:&quot;0&quot;,&quot;copyright&quot;:&quot;&quot;,&quot;focal_length&quot;:&quot;0&quot;,&quot;iso&quot;:&quot;0&quot;,&quot;shutter_speed&quot;:&quot;0&quot;,&quot;title&quot;:&quot;&quot;,&quot;orientation&quot;:&quot;0&quot;}\" data-image-title=\"WhatsApp Image 2022-02-07 at 09.29.53\" data-image-description=\"\" data-image-caption=\"\" data-medium-file=\"https:\/\/i0.wp.com\/blogdalucianaoliveira.com.br\/blog\/wp-content\/uploads\/2022\/02\/WhatsApp-Image-2022-02-07-at-09.29.53.jpeg?fit=286%2C300\" data-large-file=\"https:\/\/i0.wp.com\/blogdalucianaoliveira.com.br\/blog\/wp-content\/uploads\/2022\/02\/WhatsApp-Image-2022-02-07-at-09.29.53.jpeg?fit=600%2C630\" src=\"https:\/\/i0.wp.com\/blogdalucianaoliveira.com.br\/blog\/wp-content\/uploads\/2022\/02\/WhatsApp-Image-2022-02-07-at-09.29.53.jpeg?resize=600%2C630\" alt=\"\" class=\"wp-image-33252\" srcset=\"https:\/\/i0.wp.com\/blogdalucianaoliveira.com.br\/blog\/wp-content\/uploads\/2022\/02\/WhatsApp-Image-2022-02-07-at-09.29.53.jpeg?w=975 975w, https:\/\/i0.wp.com\/blogdalucianaoliveira.com.br\/blog\/wp-content\/uploads\/2022\/02\/WhatsApp-Image-2022-02-07-at-09.29.53.jpeg?resize=286%2C300 286w, https:\/\/i0.wp.com\/blogdalucianaoliveira.com.br\/blog\/wp-content\/uploads\/2022\/02\/WhatsApp-Image-2022-02-07-at-09.29.53.jpeg?resize=768%2C807 768w\" sizes=\"auto, (max-width: 600px) 100vw, 600px\" \/><\/figure>\n\n\n\n<p>Segundo o povo Cubano, \u201cser solid\u00e1rio n\u00e3o doar o que te sobra, mas o que pode te fazer falta\u201d. <\/p>\n\n\n\n<!--more-->\n\n\n\n<p><strong>Do MST Rond\u00f4nia<\/strong><\/p>\n\n\n\n<p>Embalados e embaladas pelo princ\u00edpio da solidariedade e pela t\u00e1tica da resist\u00eancia ativa em per\u00edodos sombrios e dolorosos a que o pa\u00eds est\u00e1 submetido, por conta da a\u00e7\u00e3o e omiss\u00e3o do governo Bolsonaro, que produziu entre outras coisas, o desmonte da pol\u00edtica da demarca\u00e7\u00e3o das terras ind\u00edgenas, estimulando as invas\u00f5es e a minera\u00e7\u00e3o dentro destas \u00e1reas, trouxe o Brasil de volta pata o MAPA da fome (hoje j\u00e1 chegamos a triste marca de 20 milh\u00f5es de pessoas que passam fome no Brasil), e aplicando a pol\u00edtica de passar a \u201cboiada\u201d sobre os bens da natureza, que o MST vem desenvolvendo duas grandes a\u00e7\u00f5es em contraposi\u00e7\u00e3o do governo.<\/p>\n\n\n\n<p> Uma, \u00e9 a campanha do plantio de 10 milh\u00f5es de arvores, onde j\u00e1 chegamos a marca de 2 milh\u00f5es. E a outra, a doa\u00e7\u00e3o de alimentos como forma de retribuir \u00e0 sociedade todo o apoio recebido ao longo dos nossos 38 anos de lutas e resist\u00eancia. <\/p>\n\n\n\n<p>Neste sentido, desde o in\u00edcio da pandemia temos distribu\u00eddo comida a quem tem fome em todo o pa\u00eds, com o objetivo de assegurar dois direitos fundamentais da Rep\u00fablica Federativa do Brasil, que s\u00e3o o direito \u00e0  alimenta\u00e7\u00e3o e \u00e0 dignidade.<\/p>\n\n\n\n<p>No \u00faltimo dia 5 de fevereiro, as fam\u00edlias dos assentamentos Palmares em Nova Uni\u00e3o, por meio de suas associa\u00e7\u00f5es ASCAP, NOVA CANA\u00c3 da Gleba 5 e NOVA ALIAN\u00c7A, e pelo assentamento Padre Ezequiel de Mirante da Serra, por meio de sua cooperativa COAPERNAP fizeram mais uma boa a\u00e7\u00e3o na pandemia. Juntas, as fam\u00edlias doaram alimentos para povo ind\u00edgena Uru-Eu-Wau-Wau, localizado no Munic\u00edpio de Mirante da Serra, estado de Rond\u00f4nia, que tiveram sua comunidade toda impactada pela COVID-19 devido a constante circula\u00e7\u00e3o de invasores e madeireiros. A entrega foi feita em conformidade com as regras e protocolos de seguran\u00e7a sanit\u00e1ria por conta da pandemia.<\/p>\n\n\n\n<p>O MST segue reafirmando seu compromisso com a defesa a reforma agr\u00e1ria, pela demarca\u00e7\u00e3o das terras ind\u00edgenas e pelo direito humano a alimenta\u00e7\u00e3o. <\/p>\n\n\n\n<p>GLOBALIZEMOS\nA LUTA, GLOBALIZEMOS A ESPERAN\u00c7A!<\/p>\n","protected":false},"excerpt":{"rendered":"<p>Segundo o povo Cubano, \u201cser solid\u00e1rio n\u00e3o doar o que te sobra, mas o que pode te fazer falta\u201d.<\/p>\n","protected":false},"author":1,"featured_media":0,"comment_status":"closed","ping_status":"open","sticky":false,"template":"","format":"standard","meta":{"_exactmetrics_skip_tracking":false,"_exactmetrics_sitenote_active":false,"_exactmetrics_sitenote_note":"","_exactmetrics_sitenote_category":0,"jetpack_post_was_ever_published":false,"_jetpack_newsletter_access":"","_jetpack_dont_email_post_to_subs":false,"_jetpack_newsletter_tier_id":0,"_jetpack_memberships_contains_paywalled_content":false,"_jetpack_memberships_contains_paid_content":false,"footnotes":"","jetpack_publicize_message":"","jetpack_publicize_feature_enabled":true,"jetpack_social_post_already_shared":true,"jetpack_social_options":{"image_generator_settings":{"template":"highway","enabled":false},"version":2}},"categories":[1],"tags":[652,653,651,635,7],"class_list":["post-33251","post","type-post","status-publish","format-standard","hentry","category-notas","tag-alimentos","tag-arvores","tag-doacoes","tag-mst","tag-rondonia"],"jetpack_publicize_connections":[],"jetpack_sharing_enabled":true,"jetpack_featured_media_url":"","jetpack_shortlink":"https:\/\/wp.me\/p7wKYW-8Ej","jetpack-related-posts":[],"_links":{"self":[{"href":"http:\/\/blogdalucianaoliveira.com.br\/blog\/wp-json\/wp\/v2\/posts\/33251","targetHints":{"allow":["GET"]}}],"collection":[{"href":"http:\/\/blogdalucianaoliveira.com.br\/blog\/wp-json\/wp\/v2\/posts"}],"about":[{"href":"http:\/\/blogdalucianaoliveira.com.br\/blog\/wp-json\/wp\/v2\/types\/post"}],"author":[{"embeddable":true,"href":"http:\/\/blogdalucianaoliveira.com.br\/blog\/wp-json\/wp\/v2\/users\/1"}],"replies":[{"embeddable":true,"href":"http:\/\/blogdalucianaoliveira.com.br\/blog\/wp-json\/wp\/v2\/comments?post=33251"}],"version-history":[{"count":2,"href":"http:\/\/blogdalucianaoliveira.com.br\/blog\/wp-json\/wp\/v2\/posts\/33251\/revisions"}],"predecessor-version":[{"id":33254,"href":"http:\/\/blogdalucianaoliveira.com.br\/blog\/wp-json\/wp\/v2\/posts\/33251\/revisions\/33254"}],"wp:attachment":[{"href":"http:\/\/blogdalucianaoliveira.com.br\/blog\/wp-json\/wp\/v2\/media?parent=33251"}],"wp:term":[{"taxonomy":"category","embeddable":true,"href":"http:\/\/blogdalucianaoliveira.com.br\/blog\/wp-json\/wp\/v2\/categories?post=33251"},{"taxonomy":"post_tag","embeddable":true,"href":"http:\/\/blogdalucianaoliveira.com.br\/blog\/wp-json\/wp\/v2\/tags?post=33251"}],"curies":[{"name":"wp","href":"https:\/\/api.w.org\/{rel}","templated":true}]}}