{"id":33255,"date":"2022-02-07T09:52:00","date_gmt":"2022-02-07T13:52:00","guid":{"rendered":"http:\/\/blogdalucianaoliveira.com.br\/blog\/?p=33255"},"modified":"2022-02-07T09:52:04","modified_gmt":"2022-02-07T13:52:04","slug":"mais-de-3-mil-criancas-indigenas-morreram-no-brasil-sob-bolsonaro","status":"publish","type":"post","link":"http:\/\/blogdalucianaoliveira.com.br\/blog\/2022\/02\/07\/mais-de-3-mil-criancas-indigenas-morreram-no-brasil-sob-bolsonaro\/","title":{"rendered":"Mais de 3 mil crian\u00e7as ind\u00edgenas morreram no Brasil sob Bolsonaro"},"content":{"rendered":"\n<figure class=\"wp-block-image size-large\"><img loading=\"lazy\" decoding=\"async\" width=\"984\" height=\"1315\" data-attachment-id=\"33256\" data-permalink=\"http:\/\/blogdalucianaoliveira.com.br\/blog\/2022\/02\/07\/mais-de-3-mil-criancas-indigenas-morreram-no-brasil-sob-bolsonaro\/e_lmv2gx0akbzol\/\" data-orig-file=\"https:\/\/i0.wp.com\/blogdalucianaoliveira.com.br\/blog\/wp-content\/uploads\/2022\/02\/E_LMv2GX0AkBzoL.jpg?fit=984%2C1315\" data-orig-size=\"984,1315\" data-comments-opened=\"0\" data-image-meta=\"{&quot;aperture&quot;:&quot;0&quot;,&quot;credit&quot;:&quot;&quot;,&quot;camera&quot;:&quot;&quot;,&quot;caption&quot;:&quot;&quot;,&quot;created_timestamp&quot;:&quot;0&quot;,&quot;copyright&quot;:&quot;&quot;,&quot;focal_length&quot;:&quot;0&quot;,&quot;iso&quot;:&quot;0&quot;,&quot;shutter_speed&quot;:&quot;0&quot;,&quot;title&quot;:&quot;&quot;,&quot;orientation&quot;:&quot;0&quot;}\" data-image-title=\"E_LMv2GX0AkBzoL\" data-image-description=\"\" data-image-caption=\"\" data-medium-file=\"https:\/\/i0.wp.com\/blogdalucianaoliveira.com.br\/blog\/wp-content\/uploads\/2022\/02\/E_LMv2GX0AkBzoL.jpg?fit=224%2C300\" data-large-file=\"https:\/\/i0.wp.com\/blogdalucianaoliveira.com.br\/blog\/wp-content\/uploads\/2022\/02\/E_LMv2GX0AkBzoL.jpg?fit=600%2C802\" src=\"https:\/\/i0.wp.com\/blogdalucianaoliveira.com.br\/blog\/wp-content\/uploads\/2022\/02\/E_LMv2GX0AkBzoL.jpg?fit=600%2C802&amp;ssl=1\" alt=\"\" class=\"wp-image-33256\" srcset=\"https:\/\/i0.wp.com\/blogdalucianaoliveira.com.br\/blog\/wp-content\/uploads\/2022\/02\/E_LMv2GX0AkBzoL.jpg?w=984 984w, https:\/\/i0.wp.com\/blogdalucianaoliveira.com.br\/blog\/wp-content\/uploads\/2022\/02\/E_LMv2GX0AkBzoL.jpg?resize=224%2C300 224w, https:\/\/i0.wp.com\/blogdalucianaoliveira.com.br\/blog\/wp-content\/uploads\/2022\/02\/E_LMv2GX0AkBzoL.jpg?resize=766%2C1024 766w, https:\/\/i0.wp.com\/blogdalucianaoliveira.com.br\/blog\/wp-content\/uploads\/2022\/02\/E_LMv2GX0AkBzoL.jpg?resize=768%2C1026 768w\" sizes=\"auto, (max-width: 600px) 100vw, 600px\" \/><\/figure>\n\n\n\n<p><strong>DCM<\/strong> &#8211; No ano de 2021, 486 crian\u00e7as ind\u00edgenas de 0 a 5 anos morreram no Brasil, segundo dados da Sesai (Secretaria Especial de Sa\u00fade Ind\u00edgena), afirma reportagem de Joyce Ribeiro no R7.<\/p>\n\n\n\n<!--more-->\n\n\n\n<h2 class=\"wp-block-heading\">Crian\u00e7as ind\u00edgenas morrem<\/h2>\n\n\n\n<p>Esse n\u00famero \u00e9 menor do que o registrado nos tr\u00eas anos anteriores, quando morreram 809, 952 e 879 pessoas nessa faixa et\u00e1ria. Ainda assim, somados, foram 3.126 \u00f3bitos infantis desde 2018.<\/p>\n\n\n\n<p>De acordo com os dados da Sesai, as mortes at\u00e9 5 anos representam 24,2% dos \u00f3bitos na popula\u00e7\u00e3o ind\u00edgena em geral. Isso significa que, a cada quatro mortes, uma ocorre na primeira inf\u00e2ncia.<\/p>\n\n\n\n<p>Em 2021, o estado do Amazonas liderou o ranking de mortes de crian\u00e7as ind\u00edgenas de at\u00e9 5 anos, com 127 \u00f3bitos, seguido por Roraima (75), Mato Grosso (66) e Par\u00e1 (51).<br><\/p>\n\n\n\n<p>Apenas S\u00e3o Paulo, Cear\u00e1 e Esp\u00edrito Santo tiveram uma morte cada. \u00c9 preciso levar em considera\u00e7\u00e3o como a popula\u00e7\u00e3o est\u00e1 espalhada no territ\u00f3rio brasileiro e o n\u00famero de nascimentos por estado.<br><\/p>\n","protected":false},"excerpt":{"rendered":"<p>DCM &#8211; No ano de 2021, 486 crian\u00e7as ind\u00edgenas de 0 a 5 anos morreram no Brasil, segundo dados da Sesai (Secretaria Especial de Sa\u00fade Ind\u00edgena), afirma reportagem de Joyce Ribeiro no R7.<\/p>\n","protected":false},"author":1,"featured_media":0,"comment_status":"closed","ping_status":"open","sticky":false,"template":"","format":"standard","meta":{"_exactmetrics_skip_tracking":false,"_exactmetrics_sitenote_active":false,"_exactmetrics_sitenote_note":"","_exactmetrics_sitenote_category":0,"jetpack_post_was_ever_published":false,"_jetpack_newsletter_access":"","_jetpack_dont_email_post_to_subs":false,"_jetpack_newsletter_tier_id":0,"_jetpack_memberships_contains_paywalled_content":false,"_jetpack_memberships_contains_paid_content":false,"footnotes":"","jetpack_publicize_message":"","jetpack_publicize_feature_enabled":true,"jetpack_social_post_already_shared":true,"jetpack_social_options":{"image_generator_settings":{"template":"highway","enabled":false},"version":2}},"categories":[1],"tags":[53,654,306,366],"class_list":["post-33255","post","type-post","status-publish","format-standard","hentry","category-notas","tag-bolsonaro","tag-criancas","tag-indigenas","tag-pandemia"],"jetpack_publicize_connections":[],"jetpack_sharing_enabled":true,"jetpack_featured_media_url":"","jetpack_shortlink":"https:\/\/wp.me\/p7wKYW-8En","jetpack-related-posts":[],"_links":{"self":[{"href":"http:\/\/blogdalucianaoliveira.com.br\/blog\/wp-json\/wp\/v2\/posts\/33255","targetHints":{"allow":["GET"]}}],"collection":[{"href":"http:\/\/blogdalucianaoliveira.com.br\/blog\/wp-json\/wp\/v2\/posts"}],"about":[{"href":"http:\/\/blogdalucianaoliveira.com.br\/blog\/wp-json\/wp\/v2\/types\/post"}],"author":[{"embeddable":true,"href":"http:\/\/blogdalucianaoliveira.com.br\/blog\/wp-json\/wp\/v2\/users\/1"}],"replies":[{"embeddable":true,"href":"http:\/\/blogdalucianaoliveira.com.br\/blog\/wp-json\/wp\/v2\/comments?post=33255"}],"version-history":[{"count":1,"href":"http:\/\/blogdalucianaoliveira.com.br\/blog\/wp-json\/wp\/v2\/posts\/33255\/revisions"}],"predecessor-version":[{"id":33257,"href":"http:\/\/blogdalucianaoliveira.com.br\/blog\/wp-json\/wp\/v2\/posts\/33255\/revisions\/33257"}],"wp:attachment":[{"href":"http:\/\/blogdalucianaoliveira.com.br\/blog\/wp-json\/wp\/v2\/media?parent=33255"}],"wp:term":[{"taxonomy":"category","embeddable":true,"href":"http:\/\/blogdalucianaoliveira.com.br\/blog\/wp-json\/wp\/v2\/categories?post=33255"},{"taxonomy":"post_tag","embeddable":true,"href":"http:\/\/blogdalucianaoliveira.com.br\/blog\/wp-json\/wp\/v2\/tags?post=33255"}],"curies":[{"name":"wp","href":"https:\/\/api.w.org\/{rel}","templated":true}]}}