{"id":33263,"date":"2022-02-08T16:39:32","date_gmt":"2022-02-08T20:39:32","guid":{"rendered":"http:\/\/blogdalucianaoliveira.com.br\/blog\/?p=33263"},"modified":"2022-02-08T16:39:38","modified_gmt":"2022-02-08T20:39:38","slug":"em-um-ano-denuncias-de-neonazismo-na-internet-cresceram-607-diz-safernet","status":"publish","type":"post","link":"http:\/\/blogdalucianaoliveira.com.br\/blog\/2022\/02\/08\/em-um-ano-denuncias-de-neonazismo-na-internet-cresceram-607-diz-safernet\/","title":{"rendered":"Em um ano, den\u00fancias de neonazismo na Internet cresceram 60,7%, diz Safernet"},"content":{"rendered":"\n<figure class=\"wp-block-image\"><img data-recalc-dims=\"1\" decoding=\"async\" src=\"https:\/\/i0.wp.com\/www.cnnbrasil.com.br\/wp-content\/uploads\/sites\/12\/2022\/02\/WhatsApp-Image-2022-02-08-at-14.44.17.jpeg?w=600&#038;ssl=1\" alt=\"\"\/><\/figure>\n\n\n\n<p><strong>CNN <\/strong>&#8211; Dados da Safernet, organiza\u00e7\u00e3o que promove a defesa dos Direitos Humanos na Internet no Brasil, mostram que plataforma recebeu 14.476 den\u00fancias de neonazismo em 2021, em compara\u00e7\u00e3o com 9.004 registros em 2020.<\/p>\n\n\n\n<!--more-->\n\n\n\n<p>De 2020 para 2021, o n\u00famero de den\u00fancias an\u00f4nimas de neonazismo cresceu 60,7%, segundo dados da Central Nacional de Den\u00fancias de&nbsp;<a href=\"https:\/\/www.cnnbrasil.com.br\/tudo-sobre\/crimes-ciberneticos\/\">Crimes Cibern\u00e9ticos<\/a>&nbsp;da Safernet, organiza\u00e7\u00e3o que promove a defesa dos<a href=\"https:\/\/www.cnnbrasil.com.br\/tudo-sobre\/direitos-humanos\">&nbsp;Direitos Humanos<\/a>&nbsp;na Internet no Brasil.<\/p>\n\n\n\n<p>A linha direta do \u00f3rg\u00e3o recebeu e processou 14.476 den\u00fancias an\u00f4nimas de neonazismo online em 2021, em compara\u00e7\u00e3o com 9.004 den\u00fancias registradas em 2020.<\/p>\n\n\n\n<p>Este \u00e9 o maior n\u00famero desde 2010, quando a plataforma registrou 22.443 den\u00fancias de neonazismo.<\/p>\n\n\n\n<p>Segundo a plataforma, foram 894 p\u00e1ginas diferentes que tiveram o conte\u00fado denunciado.<\/p>\n\n\n\n<p>O levantamento tamb\u00e9m aponta que 318 links j\u00e1 foram retirados do ar por ordem de autoridades.<\/p>\n\n\n\n<p>A Safernet tamb\u00e9m informou que den\u00fancias de atividades&nbsp;<a href=\"https:\/\/www.cnnbrasil.com.br\/tudo-sobre\/nazismo\/\">neonazistas<\/a>&nbsp;na Internet est\u00e3o crescendo desde o primeiro ano da pandemia, em 2020.<\/p>\n\n\n\n<p>Na \u00e9poca, a organiza\u00e7\u00e3o teve 9.004 den\u00fancias, um aumento de 740,7% em compara\u00e7\u00e3o a 2019, que registrou 1.071 relatos.<\/p>\n\n\n\n<p>A linha direta recebe as den\u00fancias an\u00f4nimas de crimes e viola\u00e7\u00f5es contra os Direitos Humanos na Internet e as encaminham \u00e0s \u00e0s autoridades.<\/p>\n\n\n\n<h2 class=\"wp-block-heading\">Outras den\u00fancias al\u00e9m do neonazismo<\/h2>\n\n\n\n<p>O levantamento da Safernet mostrou ainda um aumento nas den\u00fancias de&nbsp;<a href=\"https:\/\/www.cnnbrasil.com.br\/tudo-sobre\/pornografia\">pornografia<\/a>&nbsp;infantil e LGBTfobia entre 2021 e 2020.<\/p>\n\n\n\n<p>Foram registrados 5.347 relatos de LGBTfobia em 2021, representando 1% a mais que em 2020. As den\u00fancias se referiam a 3.479 p\u00e1ginas de Internet, das quais 2.300 foram removidas.<\/p>\n\n\n\n<p>Al\u00e9m disso, a linha direta notificou 101.833 den\u00fancias de pornografia infantil, um aumento de 3,65% em rela\u00e7\u00e3o a 2020. A organiza\u00e7\u00e3o informou que n\u00e3o recebia mais que 100 mil den\u00fancias de pornografia infantil desde 2011.<\/p>\n\n\n\n<p>Os conte\u00fados de pornografia infantil denunciados estavam em 53.960 p\u00e1ginas de Internet, das quais 23.588 foram removidas.<br><\/p>\n\n\n\n<p><br><\/p>\n","protected":false},"excerpt":{"rendered":"<p>CNN &#8211; Dados da Safernet, organiza\u00e7\u00e3o que promove a defesa dos Direitos Humanos na Internet no Brasil, mostram que plataforma recebeu 14.476 den\u00fancias de neonazismo em 2021, em compara\u00e7\u00e3o com 9.004 registros em 2020.<\/p>\n","protected":false},"author":1,"featured_media":0,"comment_status":"closed","ping_status":"open","sticky":false,"template":"","format":"standard","meta":{"_exactmetrics_skip_tracking":false,"_exactmetrics_sitenote_active":false,"_exactmetrics_sitenote_note":"","_exactmetrics_sitenote_category":0,"jetpack_post_was_ever_published":false,"_jetpack_newsletter_access":"","_jetpack_dont_email_post_to_subs":false,"_jetpack_newsletter_tier_id":0,"_jetpack_memberships_contains_paywalled_content":false,"_jetpack_memberships_contains_paid_content":false,"footnotes":"","jetpack_publicize_message":"","jetpack_publicize_feature_enabled":true,"jetpack_social_post_already_shared":true,"jetpack_social_options":{"image_generator_settings":{"template":"highway","enabled":false},"version":2}},"categories":[1],"tags":[293,655,656],"class_list":["post-33263","post","type-post","status-publish","format-standard","hentry","category-notas","tag-denuncias","tag-neonazismo","tag-safernet"],"jetpack_publicize_connections":[],"jetpack_sharing_enabled":true,"jetpack_featured_media_url":"","jetpack_shortlink":"https:\/\/wp.me\/p7wKYW-8Ev","jetpack-related-posts":[],"_links":{"self":[{"href":"http:\/\/blogdalucianaoliveira.com.br\/blog\/wp-json\/wp\/v2\/posts\/33263","targetHints":{"allow":["GET"]}}],"collection":[{"href":"http:\/\/blogdalucianaoliveira.com.br\/blog\/wp-json\/wp\/v2\/posts"}],"about":[{"href":"http:\/\/blogdalucianaoliveira.com.br\/blog\/wp-json\/wp\/v2\/types\/post"}],"author":[{"embeddable":true,"href":"http:\/\/blogdalucianaoliveira.com.br\/blog\/wp-json\/wp\/v2\/users\/1"}],"replies":[{"embeddable":true,"href":"http:\/\/blogdalucianaoliveira.com.br\/blog\/wp-json\/wp\/v2\/comments?post=33263"}],"version-history":[{"count":1,"href":"http:\/\/blogdalucianaoliveira.com.br\/blog\/wp-json\/wp\/v2\/posts\/33263\/revisions"}],"predecessor-version":[{"id":33264,"href":"http:\/\/blogdalucianaoliveira.com.br\/blog\/wp-json\/wp\/v2\/posts\/33263\/revisions\/33264"}],"wp:attachment":[{"href":"http:\/\/blogdalucianaoliveira.com.br\/blog\/wp-json\/wp\/v2\/media?parent=33263"}],"wp:term":[{"taxonomy":"category","embeddable":true,"href":"http:\/\/blogdalucianaoliveira.com.br\/blog\/wp-json\/wp\/v2\/categories?post=33263"},{"taxonomy":"post_tag","embeddable":true,"href":"http:\/\/blogdalucianaoliveira.com.br\/blog\/wp-json\/wp\/v2\/tags?post=33263"}],"curies":[{"name":"wp","href":"https:\/\/api.w.org\/{rel}","templated":true}]}}