{"id":33265,"date":"2022-02-09T09:35:46","date_gmt":"2022-02-09T13:35:46","guid":{"rendered":"http:\/\/blogdalucianaoliveira.com.br\/blog\/?p=33265"},"modified":"2022-02-09T09:35:52","modified_gmt":"2022-02-09T13:35:52","slug":"caso-monark-por-que-alemanha-e-outros-paises-proibem-o-nazismo","status":"publish","type":"post","link":"http:\/\/blogdalucianaoliveira.com.br\/blog\/2022\/02\/09\/caso-monark-por-que-alemanha-e-outros-paises-proibem-o-nazismo\/","title":{"rendered":"Caso Monark: por que Alemanha e outros pa\u00edses pro\u00edbem o nazismo?"},"content":{"rendered":"\n<figure class=\"wp-block-image\"><img data-recalc-dims=\"1\" decoding=\"async\" src=\"https:\/\/i0.wp.com\/ichef.bbci.co.uk\/news\/640\/cpsprodpb\/EBB3\/production\/_123193306_cb6ef102-9bf3-4c73-b8f7-5ae25f42a8f4.jpg?w=600&#038;ssl=1\" alt=\"Monark\"\/><\/figure>\n\n\n\n<p><\/p>\n\n\n\n<p><strong>BBC<\/strong> &#8211; Ao argumentar que foi um &#8220;erro&#8221; a criminaliza\u00e7\u00e3o do nazismo pela Alemanha ap\u00f3s a Segunda Guerra Mundial, o deputado federal Kim Kataguiri (DEM-SP) tocou em um dos maiores desafios para as democracias liberais contempor\u00e2neas: qual a linha que separa a liberdade de express\u00e3o e a apologia ao crime? Quando a garantia \u00e0 liberdade de express\u00e3o de um grupo representa dar-lhes os instrumentos democr\u00e1ticos para destruir a pr\u00f3pria democracia? Por que, afinal, a Alemanha, um dos pa\u00edses mais democr\u00e1ticos do mundo, criminaliza at\u00e9 hoje o discurso nazista?<\/p>\n\n\n\n<!--more-->\n\n\n\n<p>A fala de Kim Kataguiri &#8211;&nbsp;<a href=\"https:\/\/twitter.com\/KimKataguiri\/status\/1483843942105952259?ref_src=twsrc%5Etfw\">que em janeiro anunciou que se filiar\u00e1 ao Podemos<\/a>&nbsp;&#8211; aconteceu na \u00faltima segunda-feira (7\/2), durante a participa\u00e7\u00e3o do integrante do Movimento Brasil Livre (MBL) no programa de podcast Flow, conduzido pelo apresentador Bruno Aiub, conhecido como Monark.<\/p>\n\n\n\n<p>&#8220;O que eu defendo, e acredito que o Monark tamb\u00e9m defenda, \u00e9 que por mais absurdo, idiota, antidemocr\u00e1tico, bizarro, tosco o que o sujeito defenda, isso n\u00e3o deve ser crime porque a melhor maneira de voc\u00ea reprimir uma ideia antidemocr\u00e1tica, tosca, bizarra, discriminat\u00f3ria \u00e9 voc\u00ea dando luz \u00e0quela ideia, pra que aquela ideia seja recha\u00e7ada socialmente&#8221;, disse Kataguiri no podcast.<\/p>\n\n\n\n<p>No mesmo programa, Monark afirmou que &#8220;deveria existir um partido nazista legalizado no Brasil&#8221; e que &#8220;se o cara for anti-judeu ele tem direito de ser anti-judeu&#8221;.<\/p>\n\n\n\n<h2 class=\"wp-block-heading\" id=\"O-falso-paradoxo-da-liberdade\">O &#8216;falso&#8217; paradoxo da liberdade<\/h2>\n\n\n\n<p>Nesta ter\u00e7a (8\/1), o apresentador disse que estava &#8220;muito b\u00eabado&#8221; durante o podcast e se desculpou pelas palavras. Afirmou que foi &#8220;insens\u00edvel&#8221; e que pareceu defender &#8220;coisas abomin\u00e1veis&#8221; quando na verdade queria argumentar a favor da liberdade de express\u00e3o. O podcast Flow anunciou que Monark havia sido retirado da apresenta\u00e7\u00e3o da atra\u00e7\u00e3o e deixado a sociedade que gerencia o produto.<\/p>\n\n\n\n<p>Alguns anunciantes do programa, que tem quase 4 milh\u00f5es de inscritos no Youtube, divulgaram que romperiam seus contratos com o Flow. A Confedera\u00e7\u00e3o Israelita do Brasil (Conib) condenou, em nota, &#8220;a defesa da exist\u00eancia de um partido nazista&#8221; e at\u00e9 a Embaixada da Alemanha no Brasil soltou nota em que afirmou que &#8220;defender o nazismo n\u00e3o \u00e9 liberdade de express\u00e3o&#8221;.<\/p>\n\n\n\n<p>Um dia ap\u00f3s o epis\u00f3dio, a\u00a0<a href=\"https:\/\/www.bbc.com\/portuguese\/brasil-60312139\">Procuradoria Geral da Rep\u00fablica abriu investiga\u00e7\u00e3o contra Kataguiri e Monark por eventual crime de apologia ao nazismo<\/a>. No Brasil, divulgar o nazismo pode resultar em pena de 2 a 5 anos de cadeia e pagamento de multa.<\/p>\n\n\n\n<p>O deputado federal foi \u00e0s redes sociais argumentar que sua defesa era da liberdade de express\u00e3o e n\u00e3o do nazismo. Em nota, afirmou que vai &#8220;colaborar com as investiga\u00e7\u00f5es pois meu discurso foi absolutamente anti-nazista, n\u00e3o h\u00e1 nada de criminoso em defender que o nazismo seja repudiado com veem\u00eancia no campo ideol\u00f3gico para que as atrocidades que conhecemos nunca sejam cometidas novamente&#8221;.<\/p>\n\n\n\n<p>Especialistas em democracia e fascismo ouvidos pela BBC News Brasil, no entanto, veem no argumento pr\u00f3-liberdade de express\u00e3o absoluta de Kataguiri e Monark um falso &#8211; e perigoso &#8211; paradoxo.<\/p>\n\n\n\n<p>&#8220;Uma ideia que tem circulado cada vez mais \u00e9 a de que numa democracia as pessoas devem ter o direito a expressar e fazer coisas que destruam a pr\u00f3pria democracia&#8221;, afirma o historiador Federico Finchelstein, especialista em fascismo da New School, em Nova York.<\/p>\n\n\n\n<p>Finchelstein apela para uma met\u00e1fora futebol\u00edstica para explicar por que a l\u00f3gica de Kataguiri e Monark \u00e9 incorreta.<\/p>\n\n\n\n<p>&#8220;Imagine que a democracia \u00e9 um jogo de futebol, com todas as regras do jogo, como s\u00f3 jogar com os p\u00e9s. Todos podem jogar, desde que sigam as regras. Ao defender que alguns t\u00eam o direito de expressar e aplicar ideias que destroem a democracia, essas pessoas est\u00e3o dizendo que parte dos jogadores vai jogar futebol com a m\u00e3o, o que destr\u00f3i o jogo. \u00c9 algo perigoso e t\u00edpico do fascismo, uma manipula\u00e7\u00e3o para causar confus\u00e3o com a no\u00e7\u00e3o de liberdade, como se a liberdade na democracia inclu\u00edsse ser livre para contaminar os outros, para eliminar grupos sociais, para cassar vozes alheias&#8221;, diz Finchelstein.<\/p>\n\n\n\n<figure class=\"wp-block-image\"><img data-recalc-dims=\"1\" decoding=\"async\" src=\"https:\/\/i0.wp.com\/ichef.bbci.co.uk\/news\/640\/cpsprodpb\/139D3\/production\/_123193308_30449c85-93cb-4610-bcc7-c794235bdaa7.jpg?w=600&#038;ssl=1\" alt=\"Karl Popper\"\/><figcaption>Legenda da foto,Fil\u00f3sofo Karl Popper disse que &#8220;a toler\u00e2ncia ilimitada leva ao desaparecimento da toler\u00e2ncia&#8221;<\/figcaption><\/figure>\n\n\n\n<p>O suposto paradoxo da democracia &#8211; de garantir liberdades que podem destruir a pr\u00f3pria democracia &#8211; n\u00e3o \u00e9 uma ideia nova na filosofia e na pol\u00edtica. Em 1945, o fil\u00f3sofo liberal Karl Popper publicava o seu &#8220;A Sociedade Aberta e os Seus Inimigos&#8221;, escrito ainda durante a Segunda Guerra Mundial. Na obra, ele afirma que &#8220;a toler\u00e2ncia ilimitada leva ao desaparecimento da toler\u00e2ncia. Se estendermos a toler\u00e2ncia ilimitada mesmo aos intolerantes, e se n\u00e3o estivermos preparados para defender a sociedade tolerante do assalto da intoler\u00e2ncia, ent\u00e3o, os tolerantes ser\u00e3o destru\u00eddos e a toler\u00e2ncia com eles&#8221;.<\/p>\n\n\n\n<h2 class=\"wp-block-heading\" id=\"Democracia-militante-a-experi\u00eancia-alem\u00e3\">&#8216;Democracia militante&#8217;: a experi\u00eancia alem\u00e3<\/h2>\n\n\n\n<p>Para Johannes von Moltke, especialista em movimentos de direita e sua atua\u00e7\u00e3o nas m\u00eddias, da Universidade de Michigan, foi essa li\u00e7\u00e3o que a Alemanha falhou em entender h\u00e1 quase 90 anos e que a levou a ter um governo nazista no comando.<\/p>\n\n\n\n<p>&#8220;A Alemanha do p\u00f3s segunda guerra n\u00e3o proibiu o nazismo apenas pela experi\u00eancia do Holocausto. Os alem\u00e3es estavam muito preocupados em n\u00e3o repetir os erros da era pr\u00e9-nazista, da chamada Rep\u00fablica de Weimar (1919-1933), que permitiu que partidos como o nacional-socialista de Hitler se estabelecessem. O que o deputado brasileiro est\u00e1 defendendo \u00e9 basicamente a rota de uma democracia n\u00e3o liberal para o fascismo, justamente o caminho que a Alemanha tomou no final dos anos 1920, que levou \u00e0 elei\u00e7\u00e3o do Partido Nazista, respons\u00e1vel por cassar todas as salvaguardas democr\u00e1ticas na sequ\u00eancia&#8221;, explica von Moltke.<\/p>\n\n\n\n<p>Ao tomar o controle da ent\u00e3o fr\u00e1gil e jovem democracia alem\u00e3, Adolf Hitler n\u00e3o s\u00f3 destruiu as institui\u00e7\u00f5es democr\u00e1ticas como passou a usar a m\u00e1quina do Estado alem\u00e3o para perseguir e exterminar minorias: judeus, negros, homossexuais. As a\u00e7\u00f5es de Hitler desaguaram na Segunda Guerra Mundial, da qual ele saiu derrotado e, o pa\u00eds, dividido.<\/p>\n\n\n\n<p>Em 1949, o governo da ent\u00e3o Alemanha Ocidental baniu legalmente o uso de s\u00edmbolos, linguagem e propagandas nazistas. Estudioso do desenvolvimento de leis contra o discurso e os crimes de \u00f3dio no mundo, o professor da Faculdade Middlebury College, Erik Bleich lembra que at\u00e9 mesmo a famosa sauda\u00e7\u00e3o &#8220;Heil Hitler!&#8221; foi oficialmente proibida pelos alem\u00e3es.<\/p>\n\n\n\n<figure class=\"wp-block-image\"><img data-recalc-dims=\"1\" decoding=\"async\" src=\"https:\/\/i0.wp.com\/ichef.bbci.co.uk\/news\/640\/cpsprodpb\/053B\/production\/_123193310_55543e92-596b-4b68-a942-be68b1619e34.jpg?w=600&#038;ssl=1\" alt=\"Hitler\"\/><figcaption>Legenda da foto,Em 1949, o governo da ent\u00e3o Alemanha Ocidental baniu legalmente o uso de s\u00edmbolos, linguagem e propagandas nazistas<\/figcaption><\/figure>\n\n\n\n<p>No entanto, ainda levaria quase duas d\u00e9cadas para que os alem\u00e3es passassem a olhar de modo cr\u00edtico para a pr\u00f3pria hist\u00f3ria, resgatassem a mem\u00f3ria das atrocidades do per\u00edodo nazista e discutissem nas escolas os crimes cometidos pelos av\u00f3s dos estudantes. Ainda nos anos 1960, passou a ser crime &#8220;incitar \u00f3dio e viol\u00eancia contra parcelas da popula\u00e7\u00e3o&#8221;, lei que foi atualizada para criminalizar tamb\u00e9m o racismo e expressamente banir racismo e fascismo.<\/p>\n\n\n\n<p>O escopo legal alem\u00e3o \u00e9 o melhor exemplo do que ficou conhecido como &#8216;democracia militante&#8217; ou &#8216;democracia defensiva&#8217;.<\/p>\n\n\n\n<p>&#8220;\u00c9 um requisito de uma democracia em funcionamento que as pessoas tolerem ideias com as quais discordam. No entanto, alguns discursos, alguns grupos, alguns partidos podem ser t\u00e3o prejudiciais que os pol\u00edticos e o p\u00fablico concluem que os riscos que eles representam superam os benef\u00edcios de proteg\u00ea-los. Os alem\u00e3es viram em primeira m\u00e3o onde o nazismo pode levar e por isso mesmo a Alemanha est\u00e1 entre os defensores mais ativos do que \u00e9 chamado de &#8216;democracia militante&#8217; &#8211; em outras palavras, a no\u00e7\u00e3o de que a democracia deve ser defendida, mesmo ao custo de restringir algumas liberdades quando essas liberdades est\u00e3o sendo exploradas para minar a democracia&#8221;, afirmou Bleich \u00e0 BBC News Brasil.<\/p>\n\n\n\n<p>Segundo Bleich, a Alemanha \u00e9 a democracia mais restritiva enquanto os Estados Unidos, onde \u00e9 relativamente comum ver manifesta\u00e7\u00f5es da extrema direita com su\u00e1sticas e s\u00edmbolos de supremacia branca, t\u00eam menos regula\u00e7\u00f5es.<\/p>\n\n\n\n<p>&#8220;Ambos os pa\u00edses ainda permitem uma variedade muito grande de discursos e a\u00e7\u00f5es, em diversos espectros ideol\u00f3gicos. A parte dif\u00edcil dessa hist\u00f3ria para as democracias \u00e9 descobrir como restringir, banir ou punir apenas os discursos, grupos e partidos realmente perigosos, deixando o escopo mais amplo poss\u00edvel do que \u00e9 permitido. Diferentes pa\u00edses desenvolveram solu\u00e7\u00f5es diferentes para este enigma&#8221;, diz Bleich.<\/p>\n\n\n\n<p>No Brasil, durante o governo Bolsonaro, a quest\u00e3o entrou na ordem do dia. Por um lado, integrantes do governo foram acusados de promover propaganda fascista. Em janeiro de 2020,&nbsp;<a href=\"https:\/\/www.bbc.com\/portuguese\/brasil-51153391\">o ent\u00e3o secret\u00e1rio da Cultura, Roberto Alvim foi demitid<\/a>o depois de divulgar um v\u00eddeo que fazia refer\u00eancia \u00e0 fala de Joseph Goebbels, ministro da Propaganda na Alemanha nazista. Ele atribuiu o epis\u00f3dio a uma &#8220;coincid\u00eancia ret\u00f3rica&#8221;. Em mar\u00e7o de 2021, o assessor para Assuntos Internacionais da Presid\u00eancia da Rep\u00fablica Filipe Martins foi acusado de fazer gesto supremacista branco durante sess\u00e3o no Congresso. Martins negou inten\u00e7\u00e3o racista em seu gesto e acabou absolvido na Justi\u00e7a.<\/p>\n\n\n\n<p>De outro lado, integrantes do governo e o pr\u00f3prio presidente passaram a acusar a Justi\u00e7a de cercear a liberdade de express\u00e3o dos brasileiros. Seus apoiadores chegaram a amea\u00e7ar invadir&nbsp;<a href=\"https:\/\/www.bbc.com\/portuguese\/brasil-52824346\">o Supremo Tribunal Federal, que deu sucessivas decis\u00f5es<\/a>&nbsp;contra o que considerou serem atos anti-democr\u00e1ticos de bolsonaristas. Entre as decis\u00f5es judiciais est\u00e3o a derrubada de p\u00e1ginas de internet e perfis de redes sociais que espalhavam desinforma\u00e7\u00e3o favor\u00e1vel ao atual governo.<\/p>\n\n\n\n<p>Segundo Finchelstein, existe uma ressurg\u00eancia do fascismo em diversos pa\u00edses e o Brasil n\u00e3o escapa desse movimento global, que seria uma busca por respostas para os problemas da vida cotidiana, como a pandemia e suas restri\u00e7\u00f5es, as crises econ\u00f4micas, a intensidade das migra\u00e7\u00f5es com a globaliza\u00e7\u00e3o. &#8220;H\u00e1 uma esp\u00e9cie de crise da democracia. As pessoas est\u00e3o descontentes com o desenvolvimento pol\u00edtico, econ\u00f4mico e social. Mas elas parecem esquecer que a solu\u00e7\u00e3o que o fascismo prop\u00f5e \u00e9 ainda pior do que uma democracia problem\u00e1tica, diz Finchelstein.<br><\/p>\n","protected":false},"excerpt":{"rendered":"<p>BBC &#8211; Ao argumentar que foi um &#8220;erro&#8221; a criminaliza\u00e7\u00e3o do nazismo pela Alemanha ap\u00f3s a Segunda Guerra Mundial, o deputado federal Kim Kataguiri (DEM-SP) tocou em um dos maiores desafios para as democracias liberais contempor\u00e2neas: qual a linha que separa a liberdade de express\u00e3o e a apologia ao crime? Quando a garantia \u00e0 liberdade&#8230;<a class=\"more-link\" href=\"http:\/\/blogdalucianaoliveira.com.br\/blog\/2022\/02\/09\/caso-monark-por-que-alemanha-e-outros-paises-proibem-o-nazismo\/\">Continue a leitura <span class=\"meta-nav\">&raquo;<\/span><\/a><\/p>\n","protected":false},"author":1,"featured_media":0,"comment_status":"closed","ping_status":"open","sticky":false,"template":"","format":"standard","meta":{"_exactmetrics_skip_tracking":false,"_exactmetrics_sitenote_active":false,"_exactmetrics_sitenote_note":"","_exactmetrics_sitenote_category":0,"jetpack_post_was_ever_published":false,"_jetpack_newsletter_access":"","_jetpack_dont_email_post_to_subs":false,"_jetpack_newsletter_tier_id":0,"_jetpack_memberships_contains_paywalled_content":false,"_jetpack_memberships_contains_paid_content":false,"footnotes":"","jetpack_publicize_message":"","jetpack_publicize_feature_enabled":true,"jetpack_social_post_already_shared":true,"jetpack_social_options":{"image_generator_settings":{"template":"highway","enabled":false},"version":2}},"categories":[1],"tags":[],"class_list":["post-33265","post","type-post","status-publish","format-standard","hentry","category-notas"],"jetpack_publicize_connections":[],"jetpack_sharing_enabled":true,"jetpack_featured_media_url":"","jetpack_shortlink":"https:\/\/wp.me\/p7wKYW-8Ex","jetpack-related-posts":[],"_links":{"self":[{"href":"http:\/\/blogdalucianaoliveira.com.br\/blog\/wp-json\/wp\/v2\/posts\/33265","targetHints":{"allow":["GET"]}}],"collection":[{"href":"http:\/\/blogdalucianaoliveira.com.br\/blog\/wp-json\/wp\/v2\/posts"}],"about":[{"href":"http:\/\/blogdalucianaoliveira.com.br\/blog\/wp-json\/wp\/v2\/types\/post"}],"author":[{"embeddable":true,"href":"http:\/\/blogdalucianaoliveira.com.br\/blog\/wp-json\/wp\/v2\/users\/1"}],"replies":[{"embeddable":true,"href":"http:\/\/blogdalucianaoliveira.com.br\/blog\/wp-json\/wp\/v2\/comments?post=33265"}],"version-history":[{"count":1,"href":"http:\/\/blogdalucianaoliveira.com.br\/blog\/wp-json\/wp\/v2\/posts\/33265\/revisions"}],"predecessor-version":[{"id":33266,"href":"http:\/\/blogdalucianaoliveira.com.br\/blog\/wp-json\/wp\/v2\/posts\/33265\/revisions\/33266"}],"wp:attachment":[{"href":"http:\/\/blogdalucianaoliveira.com.br\/blog\/wp-json\/wp\/v2\/media?parent=33265"}],"wp:term":[{"taxonomy":"category","embeddable":true,"href":"http:\/\/blogdalucianaoliveira.com.br\/blog\/wp-json\/wp\/v2\/categories?post=33265"},{"taxonomy":"post_tag","embeddable":true,"href":"http:\/\/blogdalucianaoliveira.com.br\/blog\/wp-json\/wp\/v2\/tags?post=33265"}],"curies":[{"name":"wp","href":"https:\/\/api.w.org\/{rel}","templated":true}]}}