{"id":33267,"date":"2022-02-09T10:54:10","date_gmt":"2022-02-09T14:54:10","guid":{"rendered":"http:\/\/blogdalucianaoliveira.com.br\/blog\/?p=33267"},"modified":"2022-02-09T10:54:16","modified_gmt":"2022-02-09T14:54:16","slug":"indigenas-denunciam-avanco-do-garimpo-em-territorio-yanomami-bebida-conflitos-e-mortes","status":"publish","type":"post","link":"http:\/\/blogdalucianaoliveira.com.br\/blog\/2022\/02\/09\/indigenas-denunciam-avanco-do-garimpo-em-territorio-yanomami-bebida-conflitos-e-mortes\/","title":{"rendered":"Ind\u00edgenas denunciam avan\u00e7o do garimpo em territ\u00f3rio Yanomami: &#8220;bebida, conflitos e mortes&#8221;"},"content":{"rendered":"\n<figure class=\"wp-block-image\"><img data-recalc-dims=\"1\" decoding=\"async\" src=\"https:\/\/i0.wp.com\/images01.brasildefato.com.br\/777b0b7d281946335324ff0afb3c4ab3.jpeg?w=600&#038;ssl=1\" alt=\"\"\/><\/figure>\n\n\n\n<h4 class=\"wp-block-heading\">Lideran\u00e7as de comunidade remota fotografaram a instala\u00e7\u00e3o de balsas de explora\u00e7\u00e3o de ouro e pedem expuls\u00e3o de invasores<\/h4>\n\n\n\n<!--more-->\n\n\n\n<p>Murilo Pajolla, no Brasil de Fato<\/p>\n\n\n\n<p>O povo ind\u00edgena Xirixana denunciou, nesta segunda-feira (7), a abertura de uma nova frente de&nbsp;<a href=\"https:\/\/www.brasildefato.com.br\/2021\/09\/13\/sob-bolsonaro-yanomami-tem-o-maior-indice-de-mortes-por-desnutricao-infantil-do-pais\" target=\"_blank\" rel=\"noreferrer noopener\">garimpo ilegal na Terra Ind\u00edgena (TI) Yanomami<\/a>,&nbsp;no munic\u00edpio de Alto Alegre, em Roraima.&nbsp;<\/p>\n\n\n\n<p>A den\u00fancia foi levada&nbsp;ao Conselho Ind\u00edgena de Roraima (CIR), com evid\u00eancias fotogr\u00e1ficas da atua\u00e7\u00e3o dos garimpeiros no local, um dos mais prejudicados pela atividade predat\u00f3ria no pa\u00eds.<\/p>\n\n\n\n<p>Segundo lideran\u00e7as, tr\u00eas balsas de garimpo de ouro est\u00e3o sendo instaladas na remota comunidade Herebe, localizada&nbsp;no Rio Uraricoera, em&nbsp;Alto Alegre.<\/p>\n\n\n\n<p>No documento entregue ao departamento jur\u00eddico do CIR, os ind\u00edgenas relatam como a atividade transformou \u2014 para pior \u2014 a rotina dos Xirixana.<br><\/p>\n\n\n\n<p>&#8220;Nossa comunidade est\u00e1 sofrendo com a grande quantidade de prostitui\u00e7\u00e3o, uso de bebidas (&#8230;). Com constantes vendas de bebidas para os parentes, que est\u00e1 nos trazendo problemas&#8221;, afirmam as lideran\u00e7as.&nbsp;<\/p>\n\n\n\n<p>&#8220;Ultimamente perdemos um parente decorrente do uso de bebida alco\u00f3lica e dois feridos por arma branca, que se encontram na CASAI [Casas de Apoio a Sa\u00fade Ind\u00edgena, do Minist\u00e9rio da Sa\u00fade]&#8221;, diz a carta.Equipamentos utilizados pelo garimpo foram fotografados por ind\u00edgenas &#8211; Cr\u00e9ditos: Divulga\u00e7\u00e3o\/CIR\u00d7<\/p>\n\n\n\n<figure class=\"wp-block-image\"><img data-recalc-dims=\"1\" decoding=\"async\" src=\"https:\/\/i0.wp.com\/images02.brasildefato.com.br\/60e171068d32c82acaa3656376d3d705.jpeg?w=600&#038;ssl=1\" alt=\"\"\/><\/figure>\n\n\n\n<p>1&nbsp;\/&nbsp;5<\/p>\n\n\n\n<figure class=\"wp-block-image\"><img data-recalc-dims=\"1\" decoding=\"async\" src=\"https:\/\/i0.wp.com\/images02.brasildefato.com.br\/60e171068d32c82acaa3656376d3d705.jpeg?w=600&#038;ssl=1\" alt=\"\"\/><\/figure>\n\n\n\n<figure class=\"wp-block-image\"><img data-recalc-dims=\"1\" decoding=\"async\" src=\"https:\/\/i0.wp.com\/images02.brasildefato.com.br\/4c7591f7d7d505aea9fafa950d9aafde.jpeg?w=600&#038;ssl=1\" alt=\"\"\/><\/figure>\n\n\n\n<figure class=\"wp-block-image\"><img data-recalc-dims=\"1\" decoding=\"async\" src=\"https:\/\/i0.wp.com\/images03.brasildefato.com.br\/ffe447c9855c9d413a34e9402da0ff5a.jpeg?w=600&#038;ssl=1\" alt=\"\"\/><\/figure>\n\n\n\n<figure class=\"wp-block-image\"><img data-recalc-dims=\"1\" decoding=\"async\" src=\"https:\/\/i0.wp.com\/images01.brasildefato.com.br\/e1b40948ac2bf256e971591deff81c5d.jpeg?w=600&#038;ssl=1\" alt=\"\"\/><\/figure>\n\n\n\n<figure class=\"wp-block-image\"><img data-recalc-dims=\"1\" decoding=\"async\" src=\"https:\/\/i0.wp.com\/images02.brasildefato.com.br\/300484dd902c1f127cf6a4f06fa990d2.jpeg?w=600&#038;ssl=1\" alt=\"\"\/><\/figure>\n\n\n\n<p><strong>&#8220;Queremos que isso acabe&#8221;<\/strong><\/p>\n\n\n\n<p>A den\u00fancia pede tamb\u00e9m&nbsp;a imediata &#8220;ajuda da FUNAI, Minist\u00e9rio P\u00fablico Federal, com a companhia da For\u00e7a Nacional e Ex\u00e9rcito\u201d. Outro trecho do documento relata como os&nbsp;<a href=\"https:\/\/www.brasildefato.com.br\/2021\/11\/11\/garimpo-mata-sete-indigenas-em-seis-meses-em-roraima-quatro-eram-criancas\" target=\"_blank\" rel=\"noreferrer noopener\">garimpeiros ilegais<\/a>&nbsp;tentam cooptar membros da comunidade a aceitarem o avan\u00e7o da atividade.<\/p>\n\n\n\n<p>\u201cN\u00f3s queremos que isso acabe, nossos parentes acabam se envolvendo porque os garimpeiros oferecem bebidas, armas e muni\u00e7\u00f5es como forma de propina para que deem permiss\u00e3o para instalarem garimpo naquela regi\u00e3o. Isso vem causando muitos conflitos e at\u00e9 mortes entre os parentes\u201d, diz a den\u00fancia.&nbsp;<\/p>\n\n\n\n<p><a href=\"https:\/\/www.brasildefato.com.br\/2021\/11\/11\/garimpo-mata-sete-indigenas-em-seis-meses-em-roraima-quatro-eram-criancas\" target=\"_blank\" rel=\"noreferrer noopener\"><strong>::&nbsp;Garimpo mata sete ind\u00edgenas em seis meses em Roraima; quatro eram crian\u00e7as ::<\/strong><\/a><\/p>\n\n\n\n<p><strong>CIR reage<\/strong><\/p>\n\n\n\n<p>Organiza\u00e7\u00e3o de base que nasceu na d\u00e9cada de 1970, CIR afirmou, por meio da assessoria jur\u00eddica, que pretende acionar os \u00f3rg\u00e3os competentes, entre eles o Minist\u00e9rio P\u00fablico Federal (MPF), para pedir a expuls\u00e3o dos invasores e garantir a prote\u00e7\u00e3o das comunidades.<\/p>\n\n\n\n<p>Em nota, o CIR afirmou que&nbsp;o crescimento do garimpo implica na prolifera\u00e7\u00e3o do &#8220;tr\u00e1fico de drogas, armas, prostitui\u00e7\u00e3o, amea\u00e7as de morte e alto consumo e dissemina\u00e7\u00e3o de bebidas alc\u00f3olicas, al\u00e9m de desmatamento, polui\u00e7\u00e3o e contamina\u00e7\u00e3o das \u00e1guas por merc\u00fario&#8221;.<\/p>\n\n\n\n<p><strong>A trag\u00e9dia do garimpo nos Yanomami&nbsp;<\/strong><\/p>\n\n\n\n<p>Direitos b\u00e1sicos garantidos pela Constitui\u00e7\u00e3o Federal n\u00e3o t\u00eam chegado aos 35 mil habitantes da TI Yanomami, a mais extensa do Brasil, na fronteira com a Venezuela. Do mesmo tamanho de Portugal, o territ\u00f3rio possui taxas de mortalidade infantil e desnutri\u00e7\u00e3o mais altas do que a \u00c1frica Subsaariana.<\/p>\n\n\n\n<p>Conforme o Minist\u00e9rio P\u00fablico Federal (MPF), o Distrito Sanit\u00e1rio Especial Ind\u00edgena (DSEI) Yanomami n\u00e3o tem profissionais suficientes para atender todo o territ\u00f3rio, nem garantia de transporte a\u00e9reo para conectar comunidades isoladas. Ano a ano, as metas de atendimentos de sa\u00fade s\u00e3o descumpridas, alcan\u00e7ando apenas 30% do planejado.&nbsp;<\/p>\n\n\n\n<p>Conforme o Conselho Distrital de Sa\u00fade Ind\u00edgena Yanomami e Ye\u2019kwana (Condisi-YY), o garimpo tamb\u00e9m \u00e9 respons\u00e1vel pelo aumento de casos de mal\u00e1ria e pela contamina\u00e7\u00e3o das \u00e1guas e dos peixes, causando&nbsp;m\u00e1 forma\u00e7\u00e3o em rec\u00e9m-nascidos&nbsp;e desnutri\u00e7\u00e3o em crian\u00e7as.<\/p>\n\n\n\n<p><a href=\"https:\/\/www.brasildefato.com.br\/2021\/09\/23\/garimpo-causa-ma-formacao-e-desnutricao-em-criancas-yanomami-denunciam-liderancas-indigenas\" target=\"_blank\" rel=\"noreferrer noopener\"><strong>::&nbsp;Garimpo causa m\u00e1 forma\u00e7\u00e3o e desnutri\u00e7\u00e3o em crian\u00e7as Yanomami, denunciam lideran\u00e7as ind\u00edgenas ::<\/strong><\/a><\/p>\n\n\n\n<p><strong>Desnutri\u00e7\u00e3o infantil<\/strong><\/p>\n\n\n\n<p>Uma reportagem da&nbsp;<em>Ag\u00eancia P\u00fablica<\/em>&nbsp;revelou que 7% das mortes de crian\u00e7as com desnutri\u00e7\u00e3o no pa\u00eds ocorreram no territ\u00f3rio Yanomami, que possui 0,013% da popula\u00e7\u00e3o do pa\u00eds,&nbsp;uma sobrerrepresenta\u00e7\u00e3o de 557 vezes.&nbsp;<\/p>\n\n\n\n<p>Segundo o governo federal, uma opera\u00e7\u00e3o foi deflagrada em agosto do ano passado para tentar expulsar n\u00e3o ind\u00edgenas do territ\u00f3rio. At\u00e9 o final de dezembro, segundo o Minist\u00e9rio da Justi\u00e7a, j\u00e1 haviam sido apreendidas 111 aeronaves, das quais 22 foram inutilizadas.<\/p>\n\n\n\n<p>Edi\u00e7\u00e3o: Rodrigo Dur\u00e3o Coelho<br><\/p>\n","protected":false},"excerpt":{"rendered":"<p>Lideran\u00e7as de comunidade remota fotografaram a instala\u00e7\u00e3o de balsas de explora\u00e7\u00e3o de ouro e pedem expuls\u00e3o de invasores<\/p>\n","protected":false},"author":1,"featured_media":0,"comment_status":"closed","ping_status":"open","sticky":false,"template":"","format":"standard","meta":{"_exactmetrics_skip_tracking":false,"_exactmetrics_sitenote_active":false,"_exactmetrics_sitenote_note":"","_exactmetrics_sitenote_category":0,"jetpack_post_was_ever_published":false,"_jetpack_newsletter_access":"","_jetpack_dont_email_post_to_subs":false,"_jetpack_newsletter_tier_id":0,"_jetpack_memberships_contains_paywalled_content":false,"_jetpack_memberships_contains_paid_content":false,"footnotes":"","jetpack_publicize_message":"","jetpack_publicize_feature_enabled":true,"jetpack_social_post_already_shared":true,"jetpack_social_options":{"image_generator_settings":{"template":"highway","enabled":false},"version":2}},"categories":[1],"tags":[],"class_list":["post-33267","post","type-post","status-publish","format-standard","hentry","category-notas"],"jetpack_publicize_connections":[],"jetpack_sharing_enabled":true,"jetpack_featured_media_url":"","jetpack_shortlink":"https:\/\/wp.me\/p7wKYW-8Ez","jetpack-related-posts":[],"_links":{"self":[{"href":"http:\/\/blogdalucianaoliveira.com.br\/blog\/wp-json\/wp\/v2\/posts\/33267","targetHints":{"allow":["GET"]}}],"collection":[{"href":"http:\/\/blogdalucianaoliveira.com.br\/blog\/wp-json\/wp\/v2\/posts"}],"about":[{"href":"http:\/\/blogdalucianaoliveira.com.br\/blog\/wp-json\/wp\/v2\/types\/post"}],"author":[{"embeddable":true,"href":"http:\/\/blogdalucianaoliveira.com.br\/blog\/wp-json\/wp\/v2\/users\/1"}],"replies":[{"embeddable":true,"href":"http:\/\/blogdalucianaoliveira.com.br\/blog\/wp-json\/wp\/v2\/comments?post=33267"}],"version-history":[{"count":1,"href":"http:\/\/blogdalucianaoliveira.com.br\/blog\/wp-json\/wp\/v2\/posts\/33267\/revisions"}],"predecessor-version":[{"id":33268,"href":"http:\/\/blogdalucianaoliveira.com.br\/blog\/wp-json\/wp\/v2\/posts\/33267\/revisions\/33268"}],"wp:attachment":[{"href":"http:\/\/blogdalucianaoliveira.com.br\/blog\/wp-json\/wp\/v2\/media?parent=33267"}],"wp:term":[{"taxonomy":"category","embeddable":true,"href":"http:\/\/blogdalucianaoliveira.com.br\/blog\/wp-json\/wp\/v2\/categories?post=33267"},{"taxonomy":"post_tag","embeddable":true,"href":"http:\/\/blogdalucianaoliveira.com.br\/blog\/wp-json\/wp\/v2\/tags?post=33267"}],"curies":[{"name":"wp","href":"https:\/\/api.w.org\/{rel}","templated":true}]}}