{"id":33269,"date":"2022-02-10T17:08:23","date_gmt":"2022-02-10T21:08:23","guid":{"rendered":"http:\/\/blogdalucianaoliveira.com.br\/blog\/?p=33269"},"modified":"2022-02-10T17:08:26","modified_gmt":"2022-02-10T21:08:26","slug":"veja-como-cada-deputado-votou-no-pl-do-veneno-que-amplia-uso-de-pesticidas-no-pais","status":"publish","type":"post","link":"http:\/\/blogdalucianaoliveira.com.br\/blog\/2022\/02\/10\/veja-como-cada-deputado-votou-no-pl-do-veneno-que-amplia-uso-de-pesticidas-no-pais\/","title":{"rendered":"Veja como cada deputado votou no PL do Veneno, que amplia uso de pesticidas no pa\u00eds"},"content":{"rendered":"\n<figure class=\"wp-block-image size-large\"><img data-recalc-dims=\"1\" loading=\"lazy\" decoding=\"async\" width=\"600\" height=\"360\" data-attachment-id=\"33270\" data-permalink=\"http:\/\/blogdalucianaoliveira.com.br\/blog\/2022\/02\/10\/veja-como-cada-deputado-votou-no-pl-do-veneno-que-amplia-uso-de-pesticidas-no-pais\/herbicidaa-1024x614-1\/\" data-orig-file=\"https:\/\/i0.wp.com\/blogdalucianaoliveira.com.br\/blog\/wp-content\/uploads\/2022\/02\/herbicidaa-1024x614-1.png?fit=1024%2C614\" data-orig-size=\"1024,614\" data-comments-opened=\"0\" data-image-meta=\"{&quot;aperture&quot;:&quot;0&quot;,&quot;credit&quot;:&quot;&quot;,&quot;camera&quot;:&quot;&quot;,&quot;caption&quot;:&quot;&quot;,&quot;created_timestamp&quot;:&quot;0&quot;,&quot;copyright&quot;:&quot;&quot;,&quot;focal_length&quot;:&quot;0&quot;,&quot;iso&quot;:&quot;0&quot;,&quot;shutter_speed&quot;:&quot;0&quot;,&quot;title&quot;:&quot;&quot;,&quot;orientation&quot;:&quot;0&quot;}\" data-image-title=\"herbicidaa-1024&amp;#215;614-1\" data-image-description=\"\" data-image-caption=\"\" data-medium-file=\"https:\/\/i0.wp.com\/blogdalucianaoliveira.com.br\/blog\/wp-content\/uploads\/2022\/02\/herbicidaa-1024x614-1.png?fit=300%2C180\" data-large-file=\"https:\/\/i0.wp.com\/blogdalucianaoliveira.com.br\/blog\/wp-content\/uploads\/2022\/02\/herbicidaa-1024x614-1.png?fit=600%2C360\" src=\"https:\/\/i0.wp.com\/blogdalucianaoliveira.com.br\/blog\/wp-content\/uploads\/2022\/02\/herbicidaa-1024x614-1.png?resize=600%2C360&#038;ssl=1\" alt=\"\" class=\"wp-image-33270\" srcset=\"https:\/\/i0.wp.com\/blogdalucianaoliveira.com.br\/blog\/wp-content\/uploads\/2022\/02\/herbicidaa-1024x614-1.png?w=1024 1024w, https:\/\/i0.wp.com\/blogdalucianaoliveira.com.br\/blog\/wp-content\/uploads\/2022\/02\/herbicidaa-1024x614-1.png?resize=300%2C180 300w, https:\/\/i0.wp.com\/blogdalucianaoliveira.com.br\/blog\/wp-content\/uploads\/2022\/02\/herbicidaa-1024x614-1.png?resize=768%2C461 768w, https:\/\/i0.wp.com\/blogdalucianaoliveira.com.br\/blog\/wp-content\/uploads\/2022\/02\/herbicidaa-1024x614-1.png?resize=500%2C300 500w\" sizes=\"auto, (max-width: 600px) 100vw, 600px\" \/><\/figure>\n\n\n\n<p>O PL do Veneno legaliza a produ\u00e7\u00e3o de agrot\u00f3xicos gen\u00e9ricos no Brasil, flexibiliza os crit\u00e9rios de controle e de autoriza\u00e7\u00e3o destas subst\u00e2ncias para acelerar o processo<br><\/p>\n\n\n\n<!--more-->\n\n\n\n<p>A C\u00e2mara dos Deputados&nbsp;aprovou nesta quarta-feira (9) o texto final do&nbsp;Projeto de Lei (PL) n\u00ba&nbsp;6299\/2002, conhecido \u201cPL do Veneno\u201d, que prev\u00ea a legaliza\u00e7\u00e3o da produ\u00e7\u00e3o de&nbsp;agrot\u00f3xicos&nbsp;gen\u00e9ricos no Brasil. O PL tamb\u00e9m flexibiliza os crit\u00e9rios de controle e de autoriza\u00e7\u00e3o destas subst\u00e2ncias, sob a proposta de acelerar o processo.<\/p>\n\n\n\n<p>Para a bancada governista, em especial os membros da Frente Parlamentar da Agropecu\u00e1ria, o projeto que ainda precisa ser aprovado pelo Senado, vai modernizar a lei sobre agrot\u00f3xicos.<\/p>\n\n\n\n<p>Para a Confedera\u00e7\u00e3o Nacional dos Trabalhadores Rurais Agricultores e Agricultoras Familiares (<a href=\"https:\/\/www.cut.org.br\/noticias\/camara-aprova-pl-que-libera-mais-veneno-na-alimentacao-dos-brasileiros-5d1e\" target=\"_blank\" rel=\"noreferrer noopener\">Contag<\/a>), a proposta \u00e9 um desrespeito com a humanidade, com a vida e com o planeta.<\/p>\n\n\n\n<p>As entidades que integram a \u201cCampanha Permanente Contra os Agrot\u00f3xicos e Pela Vida\u201d, entre elas a Contag, prometem mobiliza\u00e7\u00e3o para barrar o Pacote do Veneno no Senado.<\/p>\n\n\n\n<p><strong>Confira a seguir a lista completa de como cada deputado votou em seu texto-base:<\/strong><\/p>\n\n\n\n<p>AJ Albuquerque (PP-CE) \u2013 Sim<\/p>\n\n\n\n<p>Ab\u00edlio Santana (PL-BA) \u2013 Sim<\/p>\n\n\n\n<p>Abou Anni (PSL-SP) \u2013 Sim<\/p>\n\n\n\n<p>Ac\u00e1cio Favacho (PROS-AP) \u2013 Sim<\/p>\n\n\n\n<p>Adolfo Viana (PSDB-BA) \u2013 Sim<\/p>\n\n\n\n<p>Adriana Ventura (Novo-SP) \u2013 Sim<\/p>\n\n\n\n<p>Adriano do Baldy (PP-GO) \u2013 Sim<\/p>\n\n\n\n<p>A\u00e9cio Neves (PSDB-MG) \u2013 N\u00e3o<\/p>\n\n\n\n<p>Aelton Freitas (PL-MG) \u2013 Sim<\/p>\n\n\n\n<p>Afonso Florence (PT-BA) \u2013 N\u00e3o<\/p>\n\n\n\n<p>Afonso Hamm (PP-RS) \u2013 Sim<\/p>\n\n\n\n<p>Afonso Motta (PDT-RS) \u2013 N\u00e3o<\/p>\n\n\n\n<p>Aguinaldo Ribeiro (PP-PB) \u2013 N\u00e3o<\/p>\n\n\n\n<p>Airton Faleiro (PT-PA) \u2013 N\u00e3o<\/p>\n\n\n\n<p>Alan Rick (DEM-AC) \u2013 Sim<\/p>\n\n\n\n<p>Alceu Moreira (MDB-RS) \u2013 Sim<\/p>\n\n\n\n<p>Alcides Rodrigues (Patriota-GO) \u2013 Sim<\/p>\n\n\n\n<p>Al\u00ea Silva (PSL-MG) \u2013 Sim<\/p>\n\n\n\n<p>Alencar S. Braga (PT-SP) \u2013 N\u00e3o<\/p>\n\n\n\n<p>Alessandro Molon (PSB-RJ) \u2013 N\u00e3o<\/p>\n\n\n\n<p>Alex Manente (Cidadania-SP) \u2013 N\u00e3o<\/p>\n\n\n\n<p>Alex Santana (PDT-BA)<\/p>\n\n\n\n<p>Alexandre Frota (PSDB-SP) \u2013 N\u00e3o<\/p>\n\n\n\n<p>Alexandre Leite (DEM-SP) \u2013 Sim<\/p>\n\n\n\n<p>Alexandre Padilha (PT-SP) \u2013 N\u00e3o<\/p>\n\n\n\n<p>Alexis Fonteyne (Novo-SP) \u2013 Sim<\/p>\n\n\n\n<p>Alice Portugal (PCdoB-BA) \u2013 N\u00e3o<\/p>\n\n\n\n<p>Aliel Machado (PSB-PR) \u2013 N\u00e3o<\/p>\n\n\n\n<p>Aline Gurgel (Republican-AP)<\/p>\n\n\n\n<p>Aline Sleutjes (PSL-PR) \u2013 Sim<\/p>\n\n\n\n<p>Altineu C\u00f4rtes (PL-RJ) \u2013 Sim<\/p>\n\n\n\n<p>Aluisio Mendes (PSC-MA) \u2013 Sim<\/p>\n\n\n\n<p>Amaro Neto (Republican-ES) \u2013 Sim<\/p>\n\n\n\n<p>Andr\u00e9 Abdon (PP-AP) \u2013 Sim<\/p>\n\n\n\n<p>Andr\u00e9 Ferreira (PSC-PE) \u2013 Sim<\/p>\n\n\n\n<p>Andr\u00e9 Figueiredo (PDT-CE) \u2013 N\u00e3o<\/p>\n\n\n\n<p>Andr\u00e9 Fufuca (PP-MA) \u2013 Sim<\/p>\n\n\n\n<p>Andr\u00e9 Janones (Avante-MG)<\/p>\n\n\n\n<p>Andr\u00e9 de Paula (PSD-PE)<\/p>\n\n\n\n<p>Angela Amin (PP-SC) \u2013 Sim<\/p>\n\n\n\n<p>Antonio Brito (PSD-BA) \u2013 Sim<\/p>\n\n\n\n<p>Arlindo Chinaglia (PT-SP) \u2013 N\u00e3o<\/p>\n\n\n\n<p>Arnaldo Jardim (Cidadania-SP) \u2013 Sim<\/p>\n\n\n\n<p>Aroldo Martins (Republican-PR) \u2013 Sim<\/p>\n\n\n\n<p>Arthur Lira (PP-AL) \u2013 Art. 17<\/p>\n\n\n\n<p>Arthur O. Maia (DEM-BA) \u2013 Sim<\/p>\n\n\n\n<p>\u00c1tila Lins (PP-AM) \u2013 Sim<\/p>\n\n\n\n<p>\u00c1tila Lira (PP-PI)<\/p>\n\n\n\n<p>Augusto Coutinho (Solidaried-PE) \u2013 Sim<\/p>\n\n\n\n<p>\u00c1urea Carolina (PSOL-MG) \u2013 N\u00e3o<\/p>\n\n\n\n<p>Aureo Ribeiro (Solidaried-RJ) \u2013 Sim<\/p>\n\n\n\n<p>Bacelar (Podemos-BA)<\/p>\n\n\n\n<p>Baleia Rossi (MDB-SP) \u2013 Sim<\/p>\n\n\n\n<p>Benedita da Silva (PT-RJ)<\/p>\n\n\n\n<p>Benes Leoc\u00e1dio (Republican-RN) \u2013 Sim<\/p>\n\n\n\n<p>Beto Faro (PT-PA) \u2013 N\u00e3o<\/p>\n\n\n\n<p>Beto Pereira (PSDB-MS)<\/p>\n\n\n\n<p>Beto Rosado (PP-RN) \u2013 Sim<\/p>\n\n\n\n<p>Bia Cavassa (PSDB-MS) \u2013 Sim<\/p>\n\n\n\n<p>Bia Kicis (PSL-DF) \u2013 Sim<\/p>\n\n\n\n<p>Bibo Nunes (PSL-RS) \u2013 Sim<\/p>\n\n\n\n<p>Bilac Pinto (DEM-MG)<\/p>\n\n\n\n<p>Bira do Pindar\u00e9 (PSB-MA) \u2013 N\u00e3o<\/p>\n\n\n\n<p>Bohn Gass (PT-RS) \u2013 N\u00e3o<\/p>\n\n\n\n<p>Bosco Costa (PL-SE) \u2013 Sim<\/p>\n\n\n\n<p>Bosco Saraiva (Solidaried-AM) \u2013 Sim<\/p>\n\n\n\n<p>Bozzella (PSL-SP) \u2013 Sim<\/p>\n\n\n\n<p>Bruna Furlan (PSDB-SP) \u2013 N\u00e3o<\/p>\n\n\n\n<p>Cac\u00e1 Le\u00e3o (PP-BA) \u2013 Sim<\/p>\n\n\n\n<p>Camilo Capiberibe (PSB-AP) \u2013 N\u00e3o<\/p>\n\n\n\n<p>Cap. Alberto Neto (Republican-AM)<\/p>\n\n\n\n<p>Cap. F\u00e1bio Abreu (PL-PI) \u2013 Sim<\/p>\n\n\n\n<p>Capit\u00e3o Augusto (PL-SP) \u2013 Sim<\/p>\n\n\n\n<p>Capit\u00e3o Wagner (PROS-CE) \u2013 N\u00e3o<\/p>\n\n\n\n<p>Carla Dickson (PROS-RN) \u2013 Sim<\/p>\n\n\n\n<p>Carla Zambelli (PSL-SP) \u2013 Sim<\/p>\n\n\n\n<p>Carlos Bezerra (MDB-MT) \u2013 N\u00e3o<\/p>\n\n\n\n<p>Carlos Chiodini (MDB-SC) \u2013 Sim<\/p>\n\n\n\n<p>Carlos Gaguim (DEM-TO) \u2013 Sim<\/p>\n\n\n\n<p>Carlos Gomes (Republican-RS) \u2013 Sim<\/p>\n\n\n\n<p>Carlos Jordy (PSL-RJ) \u2013 Sim<\/p>\n\n\n\n<p>Carlos Sampaio (PSDB-SP) \u2013 Sim<\/p>\n\n\n\n<p>Carlos Veras (PT-PE) \u2013 N\u00e3o<\/p>\n\n\n\n<p>Carlos Zarattini (PT-SP) \u2013 N\u00e3o<\/p>\n\n\n\n<p>Carmen Zanotto (Cidadania-SC) \u2013 Absten\u00e7\u00e3o<\/p>\n\n\n\n<p>Caroline de Toni (PSL-SC) \u2013 Sim<\/p>\n\n\n\n<p>C\u00e1ssio Andrade (PSB-PA) \u2013 N\u00e3o<\/p>\n\n\n\n<p>Celina Le\u00e3o (PP-DF) \u2013 Sim<\/p>\n\n\n\n<p>C\u00e9lio Moura (PT-TO) \u2013 N\u00e3o<\/p>\n\n\n\n<p>C\u00e9lio Silveira (PSDB-GO) \u2013 Sim<\/p>\n\n\n\n<p>C\u00e9lio Studart (PV-CE) \u2013 N\u00e3o<\/p>\n\n\n\n<p>Celso Maldaner (MDB-SC) \u2013 Sim<\/p>\n\n\n\n<p>Celso Russomanno (Republican-SP) \u2013 Sim<\/p>\n\n\n\n<p>Celso Sabino (PSL-PA) \u2013 Sim<\/p>\n\n\n\n<p>Cezinha Madureira (PSD-SP) \u2013 Sim<\/p>\n\n\n\n<p>Charles Fernandes (PSD-BA) \u2013 Sim<\/p>\n\n\n\n<p>Charlles Evangelis (PSL-MG)<\/p>\n\n\n\n<p>Chico D\u00b4Angelo (PDT-RJ) \u2013 N\u00e3o<\/p>\n\n\n\n<p>Chiquinho Braz\u00e3o (Avante-RJ) \u2013 Sim<\/p>\n\n\n\n<p>Chris Tonietto (PSL-RJ) \u2013 Sim<\/p>\n\n\n\n<p>Christiane Yared (PL-PR) \u2013 Sim<\/p>\n\n\n\n<p>Christino Aureo (PP-RJ) \u2013 Sim<\/p>\n\n\n\n<p>Clarissa Garotinho (PROS-RJ) \u2013 N\u00e3o<\/p>\n\n\n\n<p>Claudio Cajado (PP-BA) \u2013 Sim<\/p>\n\n\n\n<p>Cleber Verde (Republican-MA) \u2013 Sim<\/p>\n\n\n\n<p>Coronel Armando (PSL-SC) \u2013 Sim<\/p>\n\n\n\n<p>Coronel Tadeu (PSL-SP) \u2013 Sim<\/p>\n\n\n\n<p>CoronelChris\u00f3stom (PSL-RO) \u2013 Sim<\/p>\n\n\n\n<p>Covatti Filho (PP-RS) \u2013 Sim<\/p>\n\n\n\n<p>Cristiano Vale (PL-PA) \u2013 Sim<\/p>\n\n\n\n<p>Da Vit\u00f3ria (Cidadania-ES) \u2013 Sim<\/p>\n\n\n\n<p>Dagoberto Nogueira (PDT-MS) \u2013 N\u00e3o<\/p>\n\n\n\n<p>Dami\u00e3o Feliciano (PDT-PB)<\/p>\n\n\n\n<p>Daniel Almeida (PCdoB-BA) \u2013 N\u00e3o<\/p>\n\n\n\n<p>Daniel Coelho (Cidadania-PE) \u2013 N\u00e3o<\/p>\n\n\n\n<p>Daniel Freitas (PSL-SC) \u2013 Sim<\/p>\n\n\n\n<p>Daniel Silveira (PSL-RJ) \u2013 Sim<\/p>\n\n\n\n<p>Daniel Trzeciak (PSDB-RS)<\/p>\n\n\n\n<p>Daniela Waguinho (MDB-RJ) \u2013 Sim<\/p>\n\n\n\n<p>Danilo Cabral (PSB-PE) \u2013 N\u00e3o<\/p>\n\n\n\n<p>Danilo Forte (PSDB-CE) \u2013 Sim<\/p>\n\n\n\n<p>Darci de Matos (PSD-SC) \u2013 Sim<\/p>\n\n\n\n<p>David Miranda (PSOL-RJ) \u2013 N\u00e3o<\/p>\n\n\n\n<p>DelAnt\u00f4nioFurtado (PSL-RJ) \u2013 Absten\u00e7\u00e3o<\/p>\n\n\n\n<p>Deleg. \u00c9der Mauro (PSD-PA) \u2013 Sim<\/p>\n\n\n\n<p>Delegado Marcelo (PSL-MG) \u2013 Sim<\/p>\n\n\n\n<p>Delegado Pablo (PSL-AM) \u2013 Sim<\/p>\n\n\n\n<p>Delegado Waldir (PSL-GO) \u2013 Sim<\/p>\n\n\n\n<p>Denis Bezerra (PSB-CE) \u2013 N\u00e3o<\/p>\n\n\n\n<p>Diego Andrade (PSD-MG) \u2013 Sim<\/p>\n\n\n\n<p>Diego Garcia (Podemos-PR) \u2013 Sim<\/p>\n\n\n\n<p>Dimas Fabiano (PP-MG) \u2013 Sim<\/p>\n\n\n\n<p>Domingos Neto (PSD-CE) \u2013 Sim<\/p>\n\n\n\n<p>Domingos S\u00e1vio (PSDB-MG)<\/p>\n\n\n\n<p>Dr Zacharias Calil (DEM-GO) \u2013 Sim<\/p>\n\n\n\n<p>Dr. Frederico (Patriota-MG) \u2013 Sim<\/p>\n\n\n\n<p>Dr. Jaziel (PL-CE) \u2013 Sim<\/p>\n\n\n\n<p>Dr. Leonardo (Solidaried-MT) \u2013 Sim<\/p>\n\n\n\n<p>Dr. Luiz Ovando (PSL-MS) \u2013 Sim<\/p>\n\n\n\n<p>Dr.Luiz Antonio Jr (PP-RJ)<\/p>\n\n\n\n<p>Dra. Vanda Milani (Solidaried-AC) \u2013 Sim<\/p>\n\n\n\n<p>Dra.Soraya Manato (PSL-ES) \u2013 Sim<\/p>\n\n\n\n<p>Dulce Miranda (MDB-TO) \u2013 Sim<\/p>\n\n\n\n<p>Edilazio Junior (PSD-MA) \u2013 Sim<\/p>\n\n\n\n<p>Edio Lopes (PL-RR) \u2013 Sim<\/p>\n\n\n\n<p>Eduardo Barbosa (PSDB-MG) \u2013 Sim<\/p>\n\n\n\n<p>Eduardo Bismarck (PDT-CE) \u2013 N\u00e3o<\/p>\n\n\n\n<p>Eduardo Costa (PTB-PA)<\/p>\n\n\n\n<p>Eduardo Cury (PSDB-SP) \u2013 N\u00e3o<\/p>\n\n\n\n<p>Eduardo da Fonte (PP-PE) \u2013 Sim<\/p>\n\n\n\n<p>EduardoBolsonaro (PSL-SP) \u2013 Sim<\/p>\n\n\n\n<p>Efraim Filho (DEM-PB) \u2013 Sim<\/p>\n\n\n\n<p>Elcione Barbalho (MDB-PA) \u2013 N\u00e3o<\/p>\n\n\n\n<p>Eli Borges (Solidaried-TO) \u2013 Sim<\/p>\n\n\n\n<p>Eli Corr\u00eaa Filho (DEM-SP) \u2013 Sim<\/p>\n\n\n\n<p>Elias Vaz (PSB-GO) \u2013 N\u00e3o<\/p>\n\n\n\n<p>Elmar Nascimento (DEM-BA) \u2013 Sim<\/p>\n\n\n\n<p>Ely Santos (Republican-SP) \u2013 Sim<\/p>\n\n\n\n<p>Emanuel Pinheiro N (PTB-MT) \u2013 N\u00e3o<\/p>\n\n\n\n<p>Emidinho Madeira (PSB-MG) \u2013 Sim<\/p>\n\n\n\n<p>Enio Verri (PT-PR) \u2013 N\u00e3o<\/p>\n\n\n\n<p>Enrico Misasi (PV-SP) \u2013 N\u00e3o<\/p>\n\n\n\n<p>Erika Kokay (PT-DF) \u2013 N\u00e3o<\/p>\n\n\n\n<p>Eros Biondini (PROS-MG) \u2013 Sim<\/p>\n\n\n\n<p>EuclydesPettersen (PSC-MG) \u2013 N\u00e3o<\/p>\n\n\n\n<p>Evair de Melo (PP-ES) \u2013 Sim<\/p>\n\n\n\n<p>Expedito Netto (PSD-RO) \u2013 Sim<\/p>\n\n\n\n<p>F\u00e1bio Henrique (PDT-SE) \u2013 N\u00e3o<\/p>\n\n\n\n<p>F\u00e1bio Mitidieri (PSD-SE) \u2013 Sim<\/p>\n\n\n\n<p>F\u00e1bio Ramalho (MDB-MG) \u2013 N\u00e3o<\/p>\n\n\n\n<p>Fabio Reis (MDB-SE) \u2013 Sim<\/p>\n\n\n\n<p>Fabio Schiochet (PSL-SC) \u2013 Sim<\/p>\n\n\n\n<p>F\u00e1bio Trad (PSD-MS) \u2013 N\u00e3o<\/p>\n\n\n\n<p>Fausto Pinato (PP-SP) \u2013 Sim<\/p>\n\n\n\n<p>Fel\u00edcio Later\u00e7a (PSL-RJ) \u2013 Sim<\/p>\n\n\n\n<p>Felipe Carreras (PSB-PE) \u2013 N\u00e3o<\/p>\n\n\n\n<p>Felipe Rigoni (PSL-ES) \u2013 Sim<\/p>\n\n\n\n<p>FelipeFrancischini (PSL-PR) \u2013 Sim<\/p>\n\n\n\n<p>F\u00e9lix Mendon\u00e7a Jr (PDT-BA) \u2013 N\u00e3o<\/p>\n\n\n\n<p>FernandaMelchionna (PSOL-RS) \u2013 N\u00e3o<\/p>\n\n\n\n<p>Fernando Coelho (DEM-PE)<\/p>\n\n\n\n<p>FernandoMonteiro (PP-PE) \u2013 Sim<\/p>\n\n\n\n<p>FernandoRodolfo (PL-PE) \u2013 Sim<\/p>\n\n\n\n<p>Filipe Barros (PSL-PR) \u2013 Sim<\/p>\n\n\n\n<p>Fl\u00e1via Morais (PDT-GO)<\/p>\n\n\n\n<p>Flaviano Melo (MDB-AC) \u2013 Sim<\/p>\n\n\n\n<p>Fl\u00e1vio Nogueira (PDT-PI) \u2013 Sim<\/p>\n\n\n\n<p>Francisco Jr. (PSD-GO) \u2013 Sim<\/p>\n\n\n\n<p>Franco Cartafina (PP-MG) \u2013 Sim<\/p>\n\n\n\n<p>Fred Costa (Patriota-MG)<\/p>\n\n\n\n<p>Frei Anastacio (PT-PB) \u2013 N\u00e3o<\/p>\n\n\n\n<p>Gast\u00e3o Vieira (PROS-MA) \u2013 Sim<\/p>\n\n\n\n<p>Gelson Azevedo (PL-RJ) \u2013 Sim<\/p>\n\n\n\n<p>Genecias Noronha (Solidaried-CE) \u2013 Sim<\/p>\n\n\n\n<p>General Gir\u00e3o (PSL-RN) \u2013 Sim<\/p>\n\n\n\n<p>General Peternelli (PSL-SP) \u2013 Sim<\/p>\n\n\n\n<p>Geninho Zuliani (DEM-SP) \u2013 Sim<\/p>\n\n\n\n<p>Geovania de S\u00e1 (PSDB-SC) \u2013 Sim<\/p>\n\n\n\n<p>Gerv\u00e1sio Maia (PSB-PB) \u2013 N\u00e3o<\/p>\n\n\n\n<p>Giacobo (PL-PR) \u2013 Sim<\/p>\n\n\n\n<p>Gil Cutrim (Republican-MA)<\/p>\n\n\n\n<p>Gilberto Abramo (Republican-MG)<\/p>\n\n\n\n<p>GilbertoNasciment (PSC-SP)<\/p>\n\n\n\n<p>Gilson Marques (Novo-SC) \u2013 Sim<\/p>\n\n\n\n<p>Giovani Cherini (PL-RS) \u2013 Sim<\/p>\n\n\n\n<p>Giovani Feltes (MDB-RS) \u2013 Sim<\/p>\n\n\n\n<p>Glauber Braga (PSOL-RJ) \u2013 N\u00e3o<\/p>\n\n\n\n<p>Glaustin da Fokus (PSC-GO) \u2013 Sim<\/p>\n\n\n\n<p>Gleisi Hoffmann (PT-PR)<\/p>\n\n\n\n<p>Gonzaga Patriota (PSB-PE) \u2013 N\u00e3o<\/p>\n\n\n\n<p>Greyce Elias (Avante-MG) \u2013 Sim<\/p>\n\n\n\n<p>Guiga Peixoto (PSL-SP)<\/p>\n\n\n\n<p>Guilherme Derrite (PP-SP) \u2013 Sim<\/p>\n\n\n\n<p>Guilherme Mussi (PP-SP)<\/p>\n\n\n\n<p>Gurgel (PSL-RJ) \u2013 Sim<\/p>\n\n\n\n<p>Gustavo Fruet (PDT-PR) \u2013 N\u00e3o<\/p>\n\n\n\n<p>Gustinho Ribeiro (Solidaried-SE) \u2013 Sim<\/p>\n\n\n\n<p>Gutemberg Reis (MDB-RJ) \u2013 Sim<\/p>\n\n\n\n<p>Haroldo Cathedral (PSD-RR) \u2013 Sim<\/p>\n\n\n\n<p>Heitor Freire (PSL-CE) \u2013 Sim<\/p>\n\n\n\n<p>Heitor Schuch (PSB-RS) \u2013 N\u00e3o<\/p>\n\n\n\n<p>Helder Salom\u00e3o (PT-ES) \u2013 N\u00e3o<\/p>\n\n\n\n<p>H\u00e9lio Costa (Republican-SC) \u2013 Sim<\/p>\n\n\n\n<p>H\u00e9lio Leite (DEM-PA) \u2013 Sim<\/p>\n\n\n\n<p>Helio Lopes (PSL-RJ) \u2013 Sim<\/p>\n\n\n\n<p>Henrique Fontana (PT-RS) \u2013 N\u00e3o<\/p>\n\n\n\n<p>Herc\u00edlio Diniz (MDB-MG) \u2013 Sim<\/p>\n\n\n\n<p>Herculano Passos (MDB-SP) \u2013 Sim<\/p>\n\n\n\n<p>HermesParcianello (MDB-PR) \u2013 Sim<\/p>\n\n\n\n<p>Hildo Rocha (MDB-MA) \u2013 Sim<\/p>\n\n\n\n<p>Hiran Gon\u00e7alves (PP-RR) \u2013 Sim<\/p>\n\n\n\n<p>Hugo Leal (PSD-RJ) \u2013 Sim<\/p>\n\n\n\n<p>Hugo Motta (Republican-PB) \u2013 Sim<\/p>\n\n\n\n<p>Idilvan Alencar (PDT-CE) \u2013 N\u00e3o<\/p>\n\n\n\n<p>Igor Kann\u00e1rio (DEM-BA) \u2013 Sim<\/p>\n\n\n\n<p>Igor Timo (Podemos-MG) \u2013 Sim<\/p>\n\n\n\n<p>Iracema Portella (PP-PI) \u2013 Sim<\/p>\n\n\n\n<p>Isnaldo Bulh\u00f5es Jr (MDB-AL) \u2013 Sim<\/p>\n\n\n\n<p>Israel Batista (PV-DF) \u2013 N\u00e3o<\/p>\n\n\n\n<p>Ivan Valente (PSOL-SP) \u2013 N\u00e3o<\/p>\n\n\n\n<p>Jandira Feghali (PCdoB-RJ) \u2013 N\u00e3o<\/p>\n\n\n\n<p>Jaqueline Cassol (PP-RO) \u2013 Sim<\/p>\n\n\n\n<p>Jefferson Campos (PSB-SP) \u2013 N\u00e3o<\/p>\n\n\n\n<p>Jer\u00f4nimo Goergen (PP-RS) \u2013 Sim<\/p>\n\n\n\n<p>J\u00e9ssica Sales (MDB-AC) \u2013 N\u00e3o<\/p>\n\n\n\n<p>Jesus S\u00e9rgio (PDT-AC) \u2013 N\u00e3o<\/p>\n\n\n\n<p>Jhonatan de Jesus (Republican-RR) \u2013 Sim<\/p>\n\n\n\n<p>Jo\u00e3o C. Bacelar (PL-BA) \u2013 Sim<\/p>\n\n\n\n<p>Jo\u00e3o Campos (Republican-GO) \u2013 Sim<\/p>\n\n\n\n<p>Jo\u00e3o Daniel (PT-SE) \u2013 N\u00e3o<\/p>\n\n\n\n<p>Jo\u00e3o Maia (PL-RN) \u2013 Sim<\/p>\n\n\n\n<p>Jo\u00e3o Marcelo S. (MDB-MA) \u2013 Sim<\/p>\n\n\n\n<p>JoaquimPassarinho (PSD-PA) \u2013 Sim<\/p>\n\n\n\n<p>Joenia Wapichana (Rede-RR) \u2013 N\u00e3o<\/p>\n\n\n\n<p>Joice Hasselmann (PSL-SP) \u2013 Sim<\/p>\n\n\n\n<p>Jones Moura (PSD-RJ) \u2013 Sim<\/p>\n\n\n\n<p>Jorge Braz (Republican-RJ) \u2013 Sim<\/p>\n\n\n\n<p>Jorge Solla (PT-BA) \u2013 N\u00e3o<\/p>\n\n\n\n<p>Jorielson (PL-AP) \u2013 Sim<\/p>\n\n\n\n<p>Jos\u00e9 Airton (PT-CE) \u2013 N\u00e3o<\/p>\n\n\n\n<p>Jos\u00e9 Guimar\u00e3es (PT-CE) \u2013 N\u00e3o<\/p>\n\n\n\n<p>Jose Mario Schrein (DEM-GO) \u2013 Sim<\/p>\n\n\n\n<p>Jos\u00e9 Medeiros (Podemos-MT) \u2013 Sim<\/p>\n\n\n\n<p>Jos\u00e9 Nelto (Podemos-GO) \u2013 Sim<\/p>\n\n\n\n<p>Jos\u00e9 Nunes (PSD-BA) \u2013 Sim<\/p>\n\n\n\n<p>Jos\u00e9 Priante (MDB-PA)<\/p>\n\n\n\n<p>Jos\u00e9 Ricardo (PT-AM) \u2013 N\u00e3o<\/p>\n\n\n\n<p>Jos\u00e9 Rocha (PL-BA) \u2013 Sim<\/p>\n\n\n\n<p>Joseildo Ramos (PT-BA) \u2013 N\u00e3o<\/p>\n\n\n\n<p>JosimarMaranh\u00e3ozi (PL-MA) \u2013 Sim<\/p>\n\n\n\n<p>Josivaldo JP (Podemos-MA) \u2013 Sim<\/p>\n\n\n\n<p>Juarez Costa (MDB-MT) \u2013 Sim<\/p>\n\n\n\n<p>Julian Lemos (PSL-PB) \u2013 Sim<\/p>\n\n\n\n<p>J\u00falio Cesar (PSD-PI)<\/p>\n\n\n\n<p>Julio Cesar Ribeir (Republican-DF) \u2013 Sim<\/p>\n\n\n\n<p>J\u00falio Delgado (PSB-MG) \u2013 N\u00e3o<\/p>\n\n\n\n<p>Julio Lopes (PP-RJ) \u2013 Sim<\/p>\n\n\n\n<p>Juninho do Pneu (DEM-RJ) \u2013 Sim<\/p>\n\n\n\n<p>Junio Amaral (PSL-MG) \u2013 Sim<\/p>\n\n\n\n<p>J\u00fanior Ferrari (PSD-PA) \u2013 Sim<\/p>\n\n\n\n<p>Junior Louren\u00e7o (PL-MA) \u2013 Sim<\/p>\n\n\n\n<p>J\u00fanior Mano (PL-CE) \u2013 Sim<\/p>\n\n\n\n<p>Juscelino Filho (DEM-MA) \u2013 Sim<\/p>\n\n\n\n<p>Kim Kataguiri (DEM-SP) \u2013 Sim<\/p>\n\n\n\n<p>Laercio Oliveira (PP-SE) \u2013 Sim<\/p>\n\n\n\n<p>Laerte Bessa (PL-DF) \u2013 Sim<\/p>\n\n\n\n<p>Lafayette Andrada (Republican-MG) \u2013 Sim<\/p>\n\n\n\n<p>Lauriete (PSC-ES) \u2013 Sim<\/p>\n\n\n\n<p>Leandre (PV-PR)<\/p>\n\n\n\n<p>Leda Sadala (Avante-AP) \u2013 Sim<\/p>\n\n\n\n<p>L\u00e9o Moraes (Podemos-RO) \u2013 Sim<\/p>\n\n\n\n<p>L\u00e9o Motta (PSL-MG)<\/p>\n\n\n\n<p>Leo de Brito (PT-AC) \u2013 N\u00e3o<\/p>\n\n\n\n<p>Leonardo Gadelha (PSC-PB) \u2013 Sim<\/p>\n\n\n\n<p>Leonardo Monteiro (PT-MG) \u2013 N\u00e3o<\/p>\n\n\n\n<p>Leonardo Picciani (MDB-RJ) \u2013 Sim<\/p>\n\n\n\n<p>Le\u00f4nidas Cristino (PDT-CE) \u2013 N\u00e3o<\/p>\n\n\n\n<p>Leur Lomanto Jr. (DEM-BA) \u2013 N\u00e3o<\/p>\n\n\n\n<p>L\u00eddice da Mata (PSB-BA) \u2013 N\u00e3o<\/p>\n\n\n\n<p>Lincoln Portela (PL-MG) \u2013 Sim<\/p>\n\n\n\n<p>Liziane Bayer (PSB-RS) \u2013 Sim<\/p>\n\n\n\n<p>Loester Trutis (PSL-MS) \u2013 Sim<\/p>\n\n\n\n<p>Lourival Gomes (PSL-RJ) \u2013 Sim<\/p>\n\n\n\n<p>Lucas Gonzalez (Novo-MG) \u2013 Sim<\/p>\n\n\n\n<p>Lucas Redecker (PSDB-RS) \u2013 Sim<\/p>\n\n\n\n<p>Lucas Vergilio (Solidaried-GO)<\/p>\n\n\n\n<p>Luciano Bivar (PSL-PE) \u2013 Sim<\/p>\n\n\n\n<p>Luciano Ducci (PSB-PR)<\/p>\n\n\n\n<p>Lucio Mosquini (MDB-RO)<\/p>\n\n\n\n<p>Luis Miranda (DEM-DF) \u2013 Sim<\/p>\n\n\n\n<p>Luis Tib\u00e9 (Avante-MG)<\/p>\n\n\n\n<p>Luisa Canziani (PTB-PR) \u2013 Sim<\/p>\n\n\n\n<p>Luiz Carlos Motta (PL-SP) \u2013 Sim<\/p>\n\n\n\n<p>Luiz Lima (PSL-RJ) \u2013 Sim<\/p>\n\n\n\n<p>Luiz Nishimori (PL-PR) \u2013 Sim<\/p>\n\n\n\n<p>Luiz P. O.Bragan\u00e7a (PSL-SP) \u2013 Sim<\/p>\n\n\n\n<p>LuizAnt\u00f4nioCorr\u00eaa (PL-RJ) \u2013 Sim<\/p>\n\n\n\n<p>Luiza Erundina (PSOL-SP) \u2013 N\u00e3o<\/p>\n\n\n\n<p>Luiz\u00e3o Goulart (Republican-PR) \u2013 Sim<\/p>\n\n\n\n<p>Luizianne Lins (PT-CE) \u2013 N\u00e3o<\/p>\n\n\n\n<p>Magda Mofatto (PL-GO) \u2013 Sim<\/p>\n\n\n\n<p>Major Fabiana (PSL-RJ) \u2013 Sim<\/p>\n\n\n\n<p>Mara Rocha (PSDB-AC) \u2013 Sim<\/p>\n\n\n\n<p>Marcel van Hattem (Novo-RS) \u2013 Sim<\/p>\n\n\n\n<p>Marcelo \u00c1lvaro (PSL-MG)<\/p>\n\n\n\n<p>Marcelo Aro (PP-MG) \u2013 Sim<\/p>\n\n\n\n<p>Marcelo Brum (PSL-RS) \u2013 Sim<\/p>\n\n\n\n<p>Marcelo Freixo (PSB-RJ) \u2013 N\u00e3o<\/p>\n\n\n\n<p>Marcelo Moraes (PTB-RS) \u2013 Sim<\/p>\n\n\n\n<p>Marcelo Nilo (PSB-BA) \u2013 N\u00e3o<\/p>\n\n\n\n<p>Marcelo Ramos (PL-AM)<\/p>\n\n\n\n<p>Marcelo Squassoni (Republican-SP)<\/p>\n\n\n\n<p>Marcio Alvino (PL-SP) \u2013 Sim<\/p>\n\n\n\n<p>M\u00e1rcio Biolchi (MDB-RS) \u2013 Sim<\/p>\n\n\n\n<p>M\u00e1rcio Labre (PSL-RJ) \u2013 Sim<\/p>\n\n\n\n<p>M\u00e1rcio Marinho (Republican-BA)<\/p>\n\n\n\n<p>Marco Bertaiolli (PSD-SP)<\/p>\n\n\n\n<p>Marcon (PT-RS) \u2013 N\u00e3o<\/p>\n\n\n\n<p>Marcos A. Sampaio (MDB-PI)<\/p>\n\n\n\n<p>Marcos Pereira (Republican-SP) \u2013 Sim<\/p>\n\n\n\n<p>Marcos Soares (DEM-RJ)<\/p>\n\n\n\n<p>Margarete Coelho (PP-PI) \u2013 Sim<\/p>\n\n\n\n<p>Maria do Ros\u00e1rio (PT-RS) \u2013 N\u00e3o<\/p>\n\n\n\n<p>Mariana Carvalho (PSDB-RO) \u2013 Sim<\/p>\n\n\n\n<p>Mar\u00edlia Arraes (PT-PE) \u2013 N\u00e3o<\/p>\n\n\n\n<p>Marina Santos (PL-PI)<\/p>\n\n\n\n<p>M\u00e1rio Heringer (PDT-MG) \u2013 N\u00e3o<\/p>\n\n\n\n<p>M\u00e1rioNegromonte Jr (PP-BA) \u2013 N\u00e3o<\/p>\n\n\n\n<p>Marlon Santos (PDT-RS) \u2013 Sim<\/p>\n\n\n\n<p>Marreca Filho (Patriota-MA) \u2013 Sim<\/p>\n\n\n\n<p>Marx Beltr\u00e3o (PSD-AL) \u2013 Sim<\/p>\n\n\n\n<p>Maur\u00edcio Dziedrick (PTB-RS) \u2013 Sim<\/p>\n\n\n\n<p>Mauro Benevides F\u00ba (PDT-CE) \u2013 N\u00e3o<\/p>\n\n\n\n<p>Mauro Lopes (MDB-MG) \u2013 Sim<\/p>\n\n\n\n<p>Mauro Nazif (PSB-RO) \u2013 N\u00e3o<\/p>\n\n\n\n<p>Merlong Solano (PT-PI) \u2013 N\u00e3o<\/p>\n\n\n\n<p>Miguel Haddad (PSDB-SP) \u2013 N\u00e3o<\/p>\n\n\n\n<p>Miguel Lombardi (PL-SP) \u2013 Sim<\/p>\n\n\n\n<p>Milton Coelho (PSB-PE) \u2013 N\u00e3o<\/p>\n\n\n\n<p>Milton Vieira (Republican-SP) \u2013 Sim<\/p>\n\n\n\n<p>Misael Varella (PSD-MG)<\/p>\n\n\n\n<p>Moses Rodrigues (MDB-CE)<\/p>\n\n\n\n<p>Nat\u00e1lia Bonavides (PT-RN) \u2013 N\u00e3o<\/p>\n\n\n\n<p>Nelson Barbudo (PSL-MT) \u2013 Sim<\/p>\n\n\n\n<p>Nereu Crispim (PSL-RS) \u2013 Sim<\/p>\n\n\n\n<p>Neri Geller (PP-MT) \u2013 Sim<\/p>\n\n\n\n<p>Neucimar Fraga (PSD-ES) \u2013 Sim<\/p>\n\n\n\n<p>Newton Cardoso Jr (MDB-MG) \u2013 Sim<\/p>\n\n\n\n<p>Nicoletti (PSL-RR) \u2013 Sim<\/p>\n\n\n\n<p>Nilson Pinto (PSDB-PA) \u2013 Sim<\/p>\n\n\n\n<p>Nilto Tatto (PT-SP) \u2013 N\u00e3o<\/p>\n\n\n\n<p>Nivaldo Albuquerq (PTB-AL) \u2013 Sim<\/p>\n\n\n\n<p>Norma Ayub (DEM-ES) \u2013 Sim<\/p>\n\n\n\n<p>Odair Cunha (PT-MG) \u2013 N\u00e3o<\/p>\n\n\n\n<p>Olival Marques (DEM-PA) \u2013 Sim<\/p>\n\n\n\n<p>Orlando Silva (PCdoB-SP) \u2013 N\u00e3o<\/p>\n\n\n\n<p>Osires Damaso (PSC-TO) \u2013 Sim<\/p>\n\n\n\n<p>Osmar Serraglio (PP-PR) \u2013 Sim<\/p>\n\n\n\n<p>Osmar Terra (MDB-RS) \u2013 Sim<\/p>\n\n\n\n<p>Ossesio Silva (Republican-PE) \u2013 Sim<\/p>\n\n\n\n<p>Otavio Leite (PSDB-RJ) \u2013 Sim<\/p>\n\n\n\n<p>Otoni de Paula (PSC-RJ) \u2013 Sim<\/p>\n\n\n\n<p>Ottaci Nascimento (Solidaried-RR) \u2013 Sim<\/p>\n\n\n\n<p>Otto Alencar (PSD-BA) \u2013 N\u00e3o<\/p>\n\n\n\n<p>Padre Jo\u00e3o (PT-MG) \u2013 N\u00e3o<\/p>\n\n\n\n<p>Pastor Eurico (Patriota-PE) \u2013 Sim<\/p>\n\n\n\n<p>Pastor Gil (PL-MA) \u2013 Sim<\/p>\n\n\n\n<p>Pastor Isid\u00f3rio (Avante-BA) \u2013 N\u00e3o<\/p>\n\n\n\n<p>Patrus Ananias (PT-MG) \u2013 N\u00e3o<\/p>\n\n\n\n<p>Paula Belmonte (Cidadania-DF) \u2013 Sim<\/p>\n\n\n\n<p>Paul\u00e3o (PT-AL) \u2013 N\u00e3o<\/p>\n\n\n\n<p>Paulo Abi-Ackel (PSDB-MG) \u2013 Sim<\/p>\n\n\n\n<p>Paulo Azi (DEM-BA)<\/p>\n\n\n\n<p>Paulo Bengtson (PTB-PA) \u2013 Sim<\/p>\n\n\n\n<p>Paulo Freire Costa (PL-SP) \u2013 Sim<\/p>\n\n\n\n<p>Paulo Ganime (Novo-RJ) \u2013 Sim<\/p>\n\n\n\n<p>Paulo Guedes (PT-MG) \u2013 N\u00e3o<\/p>\n\n\n\n<p>Paulo Magalh\u00e3es (PSD-BA) \u2013 Sim<\/p>\n\n\n\n<p>Paulo Martins (PSC-PR) \u2013 Sim<\/p>\n\n\n\n<p>Paulo Pereira (Solidaried-SP) \u2013 Sim<\/p>\n\n\n\n<p>Paulo Pimenta (PT-RS) \u2013 N\u00e3o<\/p>\n\n\n\n<p>Paulo Ramos (PDT-RJ) \u2013 N\u00e3o<\/p>\n\n\n\n<p>Paulo Teixeira (PT-SP) \u2013 N\u00e3o<\/p>\n\n\n\n<p>Paulo V. Caleffi (PSD-RS)<\/p>\n\n\n\n<p>Pedro A Bezerra (PTB-CE) \u2013 Sim<\/p>\n\n\n\n<p>Pedro Augusto (PSD-RJ)<\/p>\n\n\n\n<p>Pedro Cunha Lima (PSDB-PB) \u2013 N\u00e3o<\/p>\n\n\n\n<p>Pedro Dalua (PSC-AP) \u2013 Sim<\/p>\n\n\n\n<p>Pedro Lucas Fernan (PTB-MA) \u2013 Sim<\/p>\n\n\n\n<p>Pedro Lupion (DEM-PR) \u2013 Sim<\/p>\n\n\n\n<p>Pedro Uczai (PT-SC) \u2013 N\u00e3o<\/p>\n\n\n\n<p>Pedro Vilela (PSDB-AL) \u2013 Sim<\/p>\n\n\n\n<p>Pedro Westphalen (PP-RS)<\/p>\n\n\n\n<p>Perp\u00e9tua Almeida (PCdoB-AC) \u2013 N\u00e3o<\/p>\n\n\n\n<p>Pinheirinho (PP-MG) \u2013 Sim<\/p>\n\n\n\n<p>Policial Sastre (PL-SP) \u2013 Sim<\/p>\n\n\n\n<p>Pompeo de Mattos (PDT-RS) \u2013 N\u00e3o<\/p>\n\n\n\n<p>Pr Marco Feliciano (PL-SP) \u2013 Sim<\/p>\n\n\n\n<p>Prof\u00aa Dorinha (DEM-TO) \u2013 Sim<\/p>\n\n\n\n<p>Prof Marcivania (PCdoB-AP) \u2013 N\u00e3o<\/p>\n\n\n\n<p>Prof\u00aa Rosa Neide (PT-MT) \u2013 N\u00e3o<\/p>\n\n\n\n<p>Professor Alcides (PP-GO) \u2013 Sim<\/p>\n\n\n\n<p>Professor Joziel (PSL-RJ) \u2013 N\u00e3o<\/p>\n\n\n\n<p>Professora Dayane (PSL-BA) \u2013 Sim<\/p>\n\n\n\n<p>Rafael Motta (PSB-RN) \u2013 N\u00e3o<\/p>\n\n\n\n<p>Raimundo Costa (PL-BA)<\/p>\n\n\n\n<p>Raul Henry (MDB-PE) \u2013 N\u00e3o<\/p>\n\n\n\n<p>Reginaldo Lopes (PT-MG) \u2013 N\u00e3o<\/p>\n\n\n\n<p>Rejane Dias (PT-PI) \u2013 N\u00e3o<\/p>\n\n\n\n<p>Renata Abreu (Podemos-SP) \u2013 N\u00e3o<\/p>\n\n\n\n<p>Renildo Calheiros (PCdoB-PE) \u2013 N\u00e3o<\/p>\n\n\n\n<p>Ricardo Barros (PP-PR) \u2013 Sim<\/p>\n\n\n\n<p>Ricardo Guidi (PSD-SC) \u2013 Sim<\/p>\n\n\n\n<p>Ricardo Izar (PP-SP)<\/p>\n\n\n\n<p>Ricardo Silva (PSB-SP) \u2013 N\u00e3o<\/p>\n\n\n\n<p>Ricardo Teobaldo (Podemos-PE) \u2013 Sim<\/p>\n\n\n\n<p>Ricardo da Karol (PSC-RJ) \u2013 Sim<\/p>\n\n\n\n<p>Rob\u00e9rio Monteiro (PDT-CE) \u2013 N\u00e3o<\/p>\n\n\n\n<p>Roberto de Lucena (Podemos-SP) \u2013 N\u00e3o<\/p>\n\n\n\n<p>Rodrigo Agostinho (PSB-SP) \u2013 N\u00e3o<\/p>\n\n\n\n<p>Rodrigo Coelho (Podemos-SC) \u2013 Sim<\/p>\n\n\n\n<p>Rodrigo de Castro (PSDB-MG) \u2013 Sim<\/p>\n\n\n\n<p>Rog\u00e9rio Correia (PT-MG) \u2013 N\u00e3o<\/p>\n\n\n\n<p>Rog\u00e9rio Peninha (MDB-SC) \u2013 Sim<\/p>\n\n\n\n<p>Roman (Patriota-PR) \u2013 Sim<\/p>\n\n\n\n<p>Ronaldo Carletto (PP-BA) \u2013 Sim<\/p>\n\n\n\n<p>Rosana Valle (PSB-SP) \u2013 N\u00e3o<\/p>\n\n\n\n<p>Rosangela Gomes (Republican-RJ) \u2013 Sim<\/p>\n\n\n\n<p>Rose Modesto (PSDB-MS) \u2013 N\u00e3o<\/p>\n\n\n\n<p>Rossoni (PSDB-PR)<\/p>\n\n\n\n<p>Rubens Bueno (Cidadania-PR) \u2013 N\u00e3o<\/p>\n\n\n\n<p>Rubens Otoni (PT-GO) \u2013 N\u00e3o<\/p>\n\n\n\n<p>Rubens Pereira Jr. (PCdoB-MA) \u2013 N\u00e3o<\/p>\n\n\n\n<p>Rui Falc\u00e3o (PT-SP) \u2013 N\u00e3o<\/p>\n\n\n\n<p>Ruy Carneiro (PSDB-PB) \u2013 N\u00e3o<\/p>\n\n\n\n<p>S\u00e2mia Bomfim (PSOL-SP) \u2013 N\u00e3o<\/p>\n\n\n\n<p>Samuel Moreira (PSDB-SP) \u2013 Sim<\/p>\n\n\n\n<p>Sanderson (PSL-RS) \u2013 Sim<\/p>\n\n\n\n<p>Sargento Fahur (PSD-PR) \u2013 Sim<\/p>\n\n\n\n<p>Sebasti\u00e3o Oliveira (Avante-PE) \u2013 Sim<\/p>\n\n\n\n<p>S\u00e9rgio Brito (PSD-BA) \u2013 Sim<\/p>\n\n\n\n<p>Sergio Souza (MDB-PR) \u2013 Sim<\/p>\n\n\n\n<p>Sergio Toledo (PL-AL)<\/p>\n\n\n\n<p>Severino Pessoa (Republican-AL) \u2013 Sim<\/p>\n\n\n\n<p>Sh\u00e9ridan (PSDB-RR) \u2013 N\u00e3o<\/p>\n\n\n\n<p>Sidney Leite (PSD-AM) \u2013 Sim<\/p>\n\n\n\n<p>Silas C\u00e2mara (Republican-AM) \u2013 Sim<\/p>\n\n\n\n<p>Silvia Cristina (PDT-RO) \u2013 N\u00e3o<\/p>\n\n\n\n<p>Silvio Costa Filho (Republican-PE) \u2013 Sim<\/p>\n\n\n\n<p>Soraya Santos (PL-RJ)<\/p>\n\n\n\n<p>S\u00f3stenesCavalcante (DEM-RJ) \u2013 Sim<\/p>\n\n\n\n<p>Stefano Aguiar (PSD-MG) \u2013 Sim<\/p>\n\n\n\n<p>Stephanes Junior (PSD-PR) \u2013 Sim<\/p>\n\n\n\n<p>SubtenenteGonzaga (PDT-MG) \u2013 N\u00e3o<\/p>\n\n\n\n<p>Tabata Amaral (PSB-SP) \u2013 N\u00e3o<\/p>\n\n\n\n<p>Tadeu Alencar (PSB-PE) \u2013 N\u00e3o<\/p>\n\n\n\n<p>Tal\u00edria Petrone (PSOL-RJ)<\/p>\n\n\n\n<p>Ted Conti (PSB-ES) \u2013 N\u00e3o<\/p>\n\n\n\n<p>Tereza Nelma (PSDB-AL) \u2013 N\u00e3o<\/p>\n\n\n\n<p>Tia Eron (Republican-BA)<\/p>\n\n\n\n<p>Tiago Dimas (Solidaried-TO) \u2013 Sim<\/p>\n\n\n\n<p>Tiago Mitraud (Novo-MG) \u2013 Sim<\/p>\n\n\n\n<p>Tiririca (PL-SP) \u2013 Sim<\/p>\n\n\n\n<p>Tito (Avante-BA) \u2013 Sim<\/p>\n\n\n\n<p>ToninhoWandscheer (PROS-PR) \u2013 Sim<\/p>\n\n\n\n<p>T\u00falio Gad\u00ealha (PDT-PE) \u2013 N\u00e3o<\/p>\n\n\n\n<p>Uldurico Junior (PROS-BA) \u2013 Sim<\/p>\n\n\n\n<p>Vaidon Oliveira (PROS-CE) \u2013 Sim<\/p>\n\n\n\n<p>Valdevan Noventa (PL-SE) \u2013 N\u00e3o<\/p>\n\n\n\n<p>Valmir Assun\u00e7\u00e3o (PT-BA) \u2013 N\u00e3o<\/p>\n\n\n\n<p>Vander Loubet (PT-MS) \u2013 N\u00e3o<\/p>\n\n\n\n<p>Vanderlei Macris (PSDB-SP) \u2013 Sim<\/p>\n\n\n\n<p>Vav\u00e1 Martins (Republican-PA)<\/p>\n\n\n\n<p>Vermelho (PSD-PR) \u2013 Sim<\/p>\n\n\n\n<p>Vicentinho (PT-SP) \u2013 N\u00e3o<\/p>\n\n\n\n<p>Vicentinho J\u00fanior (PL-TO) \u2013 Sim<\/p>\n\n\n\n<p>Vilson da Fetaemg (PSB-MG) \u2013 N\u00e3o<\/p>\n\n\n\n<p>Vinicius Carvalho (Republican-SP) \u2013 Sim<\/p>\n\n\n\n<p>Vinicius Poit (Novo-SP) \u2013 Sim<\/p>\n\n\n\n<p>Vitor Hugo (PSL-GO) \u2013 Sim<\/p>\n\n\n\n<p>Vitor Lippi (PSDB-SP)<\/p>\n\n\n\n<p>Vivi Reis (PSOL-PA) \u2013 N\u00e3o<\/p>\n\n\n\n<p>Waldenor Pereira (PT-BA) \u2013 N\u00e3o<\/p>\n\n\n\n<p>Walter Alves (MDB-RN) \u2013 Sim<\/p>\n\n\n\n<p>Weliton Prado (PROS-MG) \u2013 N\u00e3o<\/p>\n\n\n\n<p>Wellington (PL-PB)<\/p>\n\n\n\n<p>Wilson Santiago (PTB-PB) \u2013 Sim<\/p>\n\n\n\n<p>Wolney Queiroz (PDT-PE)<\/p>\n\n\n\n<p>Z\u00e9 Carlos (PT-MA) \u2013 N\u00e3o<\/p>\n\n\n\n<p>Z\u00e9 Neto (PT-BA) \u2013 N\u00e3o<\/p>\n\n\n\n<p>Z\u00e9 Silva (Solidaried-MG)<\/p>\n\n\n\n<p>Z\u00e9 Vitor (PL-MG) \u2013 Sim<\/p>\n\n\n\n<p>Zeca Dirceu (PT-PR) \u2013 N\u00e3o<\/p>\n\n\n\n<p>*A lista acima foi disponibilizada pela Secretaria-Geral da Mesa da&nbsp;<a href=\"https:\/\/www.camara.leg.br\/\" target=\"_blank\" rel=\"noreferrer noopener\">C\u00e2mara dos Deputados,<\/a>&nbsp;e foi apenas reproduzida, sem qualquer altera\u00e7\u00e3o.<\/p>\n\n\n\n<p>**Parlamentares presentes na lista sem os indicadores \u201csim\u201d, \u201cn\u00e3o\u201d ou \u201cobstru\u00e7\u00e3o\u201d n\u00e3o compareceram na vota\u00e7\u00e3o.<\/p>\n\n\n\n<p>Com apoio do&nbsp;<a href=\"https:\/\/congressoemfoco.uol.com.br\/area\/congresso-nacional\/veja-como-cada-deputado-votou-no-pacote-do-veneno\/\" target=\"_blank\" rel=\"noreferrer noopener\">Congresso em Foco<\/a>.<br><\/p>\n","protected":false},"excerpt":{"rendered":"<p>O PL do Veneno legaliza a produ\u00e7\u00e3o de agrot\u00f3xicos gen\u00e9ricos no Brasil, flexibiliza os crit\u00e9rios de controle e de autoriza\u00e7\u00e3o destas subst\u00e2ncias para acelerar o processo<\/p>\n","protected":false},"author":1,"featured_media":0,"comment_status":"closed","ping_status":"open","sticky":false,"template":"","format":"standard","meta":{"_exactmetrics_skip_tracking":false,"_exactmetrics_sitenote_active":false,"_exactmetrics_sitenote_note":"","_exactmetrics_sitenote_category":0,"jetpack_post_was_ever_published":false,"_jetpack_newsletter_access":"","_jetpack_dont_email_post_to_subs":false,"_jetpack_newsletter_tier_id":0,"_jetpack_memberships_contains_paywalled_content":false,"_jetpack_memberships_contains_paid_content":false,"footnotes":"","jetpack_publicize_message":"","jetpack_publicize_feature_enabled":true,"jetpack_social_post_already_shared":true,"jetpack_social_options":{"image_generator_settings":{"template":"highway","enabled":false},"version":2}},"categories":[1],"tags":[],"class_list":["post-33269","post","type-post","status-publish","format-standard","hentry","category-notas"],"jetpack_publicize_connections":[],"jetpack_sharing_enabled":true,"jetpack_featured_media_url":"","jetpack_shortlink":"https:\/\/wp.me\/p7wKYW-8EB","jetpack-related-posts":[],"_links":{"self":[{"href":"http:\/\/blogdalucianaoliveira.com.br\/blog\/wp-json\/wp\/v2\/posts\/33269","targetHints":{"allow":["GET"]}}],"collection":[{"href":"http:\/\/blogdalucianaoliveira.com.br\/blog\/wp-json\/wp\/v2\/posts"}],"about":[{"href":"http:\/\/blogdalucianaoliveira.com.br\/blog\/wp-json\/wp\/v2\/types\/post"}],"author":[{"embeddable":true,"href":"http:\/\/blogdalucianaoliveira.com.br\/blog\/wp-json\/wp\/v2\/users\/1"}],"replies":[{"embeddable":true,"href":"http:\/\/blogdalucianaoliveira.com.br\/blog\/wp-json\/wp\/v2\/comments?post=33269"}],"version-history":[{"count":1,"href":"http:\/\/blogdalucianaoliveira.com.br\/blog\/wp-json\/wp\/v2\/posts\/33269\/revisions"}],"predecessor-version":[{"id":33271,"href":"http:\/\/blogdalucianaoliveira.com.br\/blog\/wp-json\/wp\/v2\/posts\/33269\/revisions\/33271"}],"wp:attachment":[{"href":"http:\/\/blogdalucianaoliveira.com.br\/blog\/wp-json\/wp\/v2\/media?parent=33269"}],"wp:term":[{"taxonomy":"category","embeddable":true,"href":"http:\/\/blogdalucianaoliveira.com.br\/blog\/wp-json\/wp\/v2\/categories?post=33269"},{"taxonomy":"post_tag","embeddable":true,"href":"http:\/\/blogdalucianaoliveira.com.br\/blog\/wp-json\/wp\/v2\/tags?post=33269"}],"curies":[{"name":"wp","href":"https:\/\/api.w.org\/{rel}","templated":true}]}}