{"id":33272,"date":"2022-02-10T17:11:22","date_gmt":"2022-02-10T21:11:22","guid":{"rendered":"http:\/\/blogdalucianaoliveira.com.br\/blog\/?p=33272"},"modified":"2022-02-10T17:11:28","modified_gmt":"2022-02-10T21:11:28","slug":"loja-da-familia-zema-faz-liquidacao-com-roupas-contaminadas-por-lama-em-brumadinho-mg","status":"publish","type":"post","link":"http:\/\/blogdalucianaoliveira.com.br\/blog\/2022\/02\/10\/loja-da-familia-zema-faz-liquidacao-com-roupas-contaminadas-por-lama-em-brumadinho-mg\/","title":{"rendered":"Loja da fam\u00edlia Zema faz liquida\u00e7\u00e3o com roupas contaminadas por lama em Brumadinho (MG)"},"content":{"rendered":"\n<figure class=\"wp-block-image\"><img data-recalc-dims=\"1\" decoding=\"async\" src=\"https:\/\/i0.wp.com\/images01.brasildefato.com.br\/1eada48a611bcf53ef5e5aa1a948c0f9.jpeg?w=600&#038;ssl=1\" alt=\"\"\/><\/figure>\n\n\n\n<h4 class=\"wp-block-heading\">Produtos foram apreendidos pela Prefeitura, pois estavam sendo comercializados \u201cde forma irregular\u201d<\/h4>\n\n\n\n<!--more-->\n\n\n\n<p>Caroline Oliveira, Brasil de Fato\u00a0 <\/p>\n\n\n\n<p>A Vigil\u00e2ncia em Sa\u00fade da Prefeitura de Brumadinho, em Minas Gerais, apreendeu na manh\u00e3 de quinta-feira (10) roupas e cal\u00e7ados que estavam sendo comercializados pela Loja Zema \u201cde forma irregular\u201d.&nbsp;A loja faz parte do Grupo Zema, que foi criado h\u00e1 cerca de 95 anos pela fam\u00edlia do atual&nbsp;governador de Minas Gerais, Romeu Zema (Partido Novo).&nbsp;<\/p>\n\n\n\n<p>\u201cOs produtos estavam sujos pela lama da enchente que atingiu o centro de Brumadinho no m\u00eas de janeiro. O material foi recolhido e descartado no aterro\u201d,&nbsp;informou a&nbsp;prefeitura da cidade em comunicado oficial. Ao todo, foram apreendidas 179 pe\u00e7as de roupa e 46 pares de cal\u00e7ados que n\u00e3o poderiam nem ser doados, j\u00e1 que o contato com a lama pode provocar doen\u00e7as.&nbsp;<\/p>\n\n\n\n<p>&#8220;Uma doa\u00e7\u00e3o dependeria de uma lavagem espec\u00edfica e uma desinfec\u00e7\u00e3o que deveria ser feita pela loja, mas diante da dificuldade do trabalho, eles optaram por entregar as roupas e os sapatos para descarte\u201d, afirmou a&nbsp;coordenadora interina da Vigil\u00e2ncia, Cristiane Andrade Viana. O estabelecimento foi notificado pela prefeitura e, em caso de reincid\u00eancia, pode haver a aplica\u00e7\u00e3o de multa e at\u00e9 a interdi\u00e7\u00e3o da loja<\/p>\n\n\n\n<p>Anteriormente,&nbsp;<a href=\"https:\/\/www.instagram.com\/p\/CZxgelivL6Q\/?fbclid=IwAR2tGf8NE8cVCWOSy7NG6UuUgV0aA57Z17LTYte1GX1KHvPA_ItRAKqq9xA\" target=\"_blank\" rel=\"noreferrer noopener\">o Movimento dos Atingidos por Barragens (MAB) j\u00e1 havia denunciado o caso nas redes sociais<\/a>. \u201cTr\u00eas anos depois do crime da Vale e semanas ap\u00f3s uma das maiores enchentes da hist\u00f3ria da regi\u00e3o, Brumadinho \u00e9 surpreendida com as Lojas Zema, literalmente, vendendo por \u201820 reais qualquer pe\u00e7a\u2019, em at\u00e9 \u201810x sem juros\u2019, roupas e sapatos sujos de rejeitos\u201d, publicou o movimento em sua p\u00e1gina no Instagram.&nbsp;<\/p>\n\n\n\n<p>Lama t\u00f3xica das enchentes&nbsp;<\/p>\n\n\n\n<p>\u201cA lama voltou para as casas dos atingidos durante esse ano, depois de a maior enchente dos \u00faltimos anos cobrir todas as casas at\u00e9 o telhado de \u00e1gua&nbsp;e at\u00e9 a metade de lama\u201d, afirma o MAB na publica\u00e7\u00e3o.&nbsp;<\/p>\n\n\n\n<p>Mauro da Costa Val,&nbsp;primeiro presidente do Comit\u00ea da Bacia Hidrogr\u00e1fica do Rio Paraopeba, explica que no fundo do Rio Paraopeba existe a lama t\u00f3xica&nbsp;proveniente da barragem de rejeitos da mina C\u00f3rrego do Feij\u00e3o, pertencente \u00e0 mineradora Vale, que rompeu em 2019.&nbsp;<\/p>\n\n\n\n<p><strong><a href=\"https:\/\/www.brasildefato.com.br\/2022\/01\/18\/brumadinho-mg-tres-anos-depois-o-que-mudou\" target=\"_blank\" rel=\"noreferrer noopener\">::Brumadinho (MG): tr\u00eas anos depois, o que mudou?::<\/a><\/strong><\/p>\n\n\n\n<p>\u201cO que ocorre? Os rejeitos s\u00e3o pequenos gr\u00e3os, mais pesados do que a \u00e1gua, ent\u00e3o eles sedimentam. Quando n\u00e3o est\u00e1 chovendo e a vaz\u00e3o \u00e9 pequena, h\u00e1 pouca movimenta\u00e7\u00e3o da \u00e1gua. Mas quando h\u00e1 grandes enchentes, isso tudo \u00e9 revolvido. H\u00e1 uma energia grande, tudo fica chacoalhando, e isso \u00e9 levado at\u00e9 onde a \u00e1gua vai. Depois, isso sedimenta como lama na casa das pessoas, nas planta\u00e7\u00f5es, etc. Essas subst\u00e2ncias t\u00f3xicas se espalham\u201d, explica Costa Val.&nbsp;<\/p>\n\n\n\n<p>Indigna\u00e7\u00e3o&nbsp;<\/p>\n\n\n\n<p>Jos\u00e9 Geraldo Martins, da coordena\u00e7\u00e3o estadual do MAB de Minas Gerais, que acompanha os atingidos da Bacia do Rio Paraopeba, afirmou que a comercializa\u00e7\u00e3o dos produtos causou \u201cmuita indigna\u00e7\u00e3o\u201d na popula\u00e7\u00e3o de Brumadinho. &nbsp;<\/p>\n\n\n\n<p>\u201cAs pessoas ficaram bastante indignadas, porque quem teve a casa invadida pela lama jogou fora roupas, m\u00f3veis, eletrodom\u00e9sticos e utens\u00edlios que haviam tido&nbsp;contato com a lama contaminada. Enquanto isso, a loja do pr\u00f3prio governador do estado vendendo com desconto em 10 vezes os itens atingidos pela lama. Isso causou muita indigna\u00e7\u00e3o\u201d, afirmou Martins. &nbsp;<\/p>\n\n\n\n<p><strong><a href=\"https:\/\/www.brasildefato.com.br\/2022\/01\/17\/ha-tres-anos-populacao-de-brumadinho-mg-se-organiza-para-conquistar-direitos\" target=\"_blank\" rel=\"noreferrer noopener\">::H\u00e1 tr\u00eas anos, popula\u00e7\u00e3o de Brumadinho (MG) se organiza para conquistar direitos::<\/a><\/strong><\/p>\n\n\n\n<p>Segundo Martins, a loja fica localizada numa avenida que foi afetada pelas enchentes em janeiro deste ano. \u201cS\u00f3 que os outros lojistas, j\u00e1 que \u00e9 uma rua de com\u00e9rcio, tamb\u00e9m tiveram o mesmo preju\u00edzo e a mesma situa\u00e7\u00e3o, e o mau exemplo veio de cima, da loja de propriedade da fam\u00edlia do governador\u201d, afirmou.&nbsp;<\/p>\n\n\n\n<p>\u201cAl\u00e9m das quest\u00f5es sanit\u00e1rias, de sa\u00fade p\u00fablica e outras, isso tamb\u00e9m demonstra uma falta de sensibilidade muito grande em rela\u00e7\u00e3o ao crime que foi cometido, que ceifou 272 vidas imediatamente e ainda vem destruindo vidas ao longo desses tr\u00eas anos, porque essa enchente deixou lama de rejeito de min\u00e9rio dentro das casas das pessoas.\u201d&nbsp;<\/p>\n\n\n\n<p>Outro Lado&nbsp;<\/p>\n\n\n\n<p>O&nbsp;<strong>Brasil de Fato<\/strong>&nbsp;entrou em contato com o Grupo Zema&nbsp;solicitando um posicionamento sobre o caso, mas n\u00e3o obteve retorno at\u00e9 a publica\u00e7\u00e3o desta reportagem.<\/p>\n\n\n\n<p>Edi\u00e7\u00e3o: Monique Santos<a><\/a><\/p>\n","protected":false},"excerpt":{"rendered":"<p>Produtos foram apreendidos pela Prefeitura, pois estavam sendo comercializados \u201cde forma irregular\u201d<\/p>\n","protected":false},"author":1,"featured_media":0,"comment_status":"closed","ping_status":"open","sticky":false,"template":"","format":"standard","meta":{"_exactmetrics_skip_tracking":false,"_exactmetrics_sitenote_active":false,"_exactmetrics_sitenote_note":"","_exactmetrics_sitenote_category":0,"jetpack_post_was_ever_published":false,"_jetpack_newsletter_access":"","_jetpack_dont_email_post_to_subs":false,"_jetpack_newsletter_tier_id":0,"_jetpack_memberships_contains_paywalled_content":false,"_jetpack_memberships_contains_paid_content":false,"footnotes":"","jetpack_publicize_message":"","jetpack_publicize_feature_enabled":true,"jetpack_social_post_already_shared":true,"jetpack_social_options":{"image_generator_settings":{"template":"highway","enabled":false},"version":2}},"categories":[1],"tags":[],"class_list":["post-33272","post","type-post","status-publish","format-standard","hentry","category-notas"],"jetpack_publicize_connections":[],"jetpack_sharing_enabled":true,"jetpack_featured_media_url":"","jetpack_shortlink":"https:\/\/wp.me\/p7wKYW-8EE","jetpack-related-posts":[],"_links":{"self":[{"href":"http:\/\/blogdalucianaoliveira.com.br\/blog\/wp-json\/wp\/v2\/posts\/33272","targetHints":{"allow":["GET"]}}],"collection":[{"href":"http:\/\/blogdalucianaoliveira.com.br\/blog\/wp-json\/wp\/v2\/posts"}],"about":[{"href":"http:\/\/blogdalucianaoliveira.com.br\/blog\/wp-json\/wp\/v2\/types\/post"}],"author":[{"embeddable":true,"href":"http:\/\/blogdalucianaoliveira.com.br\/blog\/wp-json\/wp\/v2\/users\/1"}],"replies":[{"embeddable":true,"href":"http:\/\/blogdalucianaoliveira.com.br\/blog\/wp-json\/wp\/v2\/comments?post=33272"}],"version-history":[{"count":1,"href":"http:\/\/blogdalucianaoliveira.com.br\/blog\/wp-json\/wp\/v2\/posts\/33272\/revisions"}],"predecessor-version":[{"id":33273,"href":"http:\/\/blogdalucianaoliveira.com.br\/blog\/wp-json\/wp\/v2\/posts\/33272\/revisions\/33273"}],"wp:attachment":[{"href":"http:\/\/blogdalucianaoliveira.com.br\/blog\/wp-json\/wp\/v2\/media?parent=33272"}],"wp:term":[{"taxonomy":"category","embeddable":true,"href":"http:\/\/blogdalucianaoliveira.com.br\/blog\/wp-json\/wp\/v2\/categories?post=33272"},{"taxonomy":"post_tag","embeddable":true,"href":"http:\/\/blogdalucianaoliveira.com.br\/blog\/wp-json\/wp\/v2\/tags?post=33272"}],"curies":[{"name":"wp","href":"https:\/\/api.w.org\/{rel}","templated":true}]}}