{"id":33276,"date":"2022-02-10T17:45:43","date_gmt":"2022-02-10T21:45:43","guid":{"rendered":"http:\/\/blogdalucianaoliveira.com.br\/blog\/?p=33276"},"modified":"2022-02-10T17:45:49","modified_gmt":"2022-02-10T21:45:49","slug":"justica-nao-aceita-acao-de-autor-popular-que-pretendia-suspender-vacinacao-em-ro","status":"publish","type":"post","link":"http:\/\/blogdalucianaoliveira.com.br\/blog\/2022\/02\/10\/justica-nao-aceita-acao-de-autor-popular-que-pretendia-suspender-vacinacao-em-ro\/","title":{"rendered":"Justi\u00e7a n\u00e3o aceita a\u00e7\u00e3o de autor popular que pretendia suspender vacina\u00e7\u00e3o em RO"},"content":{"rendered":"\n<figure class=\"wp-block-image\"><img data-recalc-dims=\"1\" decoding=\"async\" src=\"https:\/\/i0.wp.com\/s2.glbimg.com\/LCsS9ilmCcS2kENwH0WQaWqVRP4%3D\/0x0%3A964x643\/984x0\/smart\/filters%3Astrip_icc%28%29\/i.s3.glbimg.com\/v1\/AUTH_59edd422c0c84a879bd37670ae4f538a\/internal_photos\/bs\/2021\/Z\/e\/D15HfNSzAqDgcUp6qG4w\/ia4a1016.jpg?w=600&#038;ssl=1\" alt=\"Vacina\u00e7\u00e3o contra a Covid-19 em Rond\u00f4nia completa um ano | Rond\u00f4nia | G1\"\/><figcaption>Foto: G1<\/figcaption><\/figure>\n\n\n\n<p><em>Autor da a\u00e7\u00e3o \u00e9 de Goi\u00e1s; pol\u00edtica de vacina\u00e7\u00e3o \u00e9 nacional e j\u00e1 foi iniciada em 2021<\/em><br><\/p>\n\n\n\n<!--more-->\n\n\n\n<p>O ju\u00edzo da 1\u00aa Vara de Fazenda P\u00fablica indeferiu a inicial de um homem que ingressou na Justi\u00e7a com A\u00e7\u00e3o Popular contra o Estado de Rond\u00f4nia e o Minist\u00e9rio P\u00fablico, buscando a suspens\u00e3o da vacina\u00e7\u00e3o de imuniza\u00e7\u00e3o contra a covid-19 no Estado.<\/p>\n\n\n\n<p>Na a\u00e7\u00e3o, o autor tamb\u00e9m pedia para que a Justi\u00e7a condenasse o Poder P\u00fablico a promover campanhas publicit\u00e1rias e canais de atendimento com a finalidade de esclarecer acerca da efic\u00e1cia, seguran\u00e7a e contra indica\u00e7\u00f5es sobre as vacinas aprovadas pela Anvisa.<\/p>\n\n\n\n<p>Na decis\u00e3o, o juiz sentenciante ressaltou que a pol\u00edtica de vacina\u00e7\u00e3o \u00e9 nacional e que o autor popular prop\u00f4s a a\u00e7\u00e3o neste ano de 2022, mesmo sabendo que a imuniza\u00e7\u00e3o contra a covid-19 j\u00e1 ocorreu em 2021, inclusive muitos j\u00e1 est\u00e3o na terceira dose. Ou seja, o autor prop\u00f4s uma a\u00e7\u00e3o depois que a situa\u00e7\u00e3o, pela qual visa evitar, j\u00e1 aconteceu.<\/p>\n\n\n\n<p>Diante da an\u00e1lise do caso, o processo foi extinto sem resolu\u00e7\u00e3o do m\u00e9rito.<\/p>\n\n\n\n<p>Assessoria de Comunica\u00e7\u00e3o Institucional<br><\/p>\n","protected":false},"excerpt":{"rendered":"<p>Autor da a\u00e7\u00e3o \u00e9 de Goi\u00e1s; pol\u00edtica de vacina\u00e7\u00e3o \u00e9 nacional e j\u00e1 foi iniciada em 2021<\/p>\n","protected":false},"author":1,"featured_media":0,"comment_status":"closed","ping_status":"open","sticky":false,"template":"","format":"standard","meta":{"_exactmetrics_skip_tracking":false,"_exactmetrics_sitenote_active":false,"_exactmetrics_sitenote_note":"","_exactmetrics_sitenote_category":0,"jetpack_post_was_ever_published":false,"_jetpack_newsletter_access":"","_jetpack_dont_email_post_to_subs":false,"_jetpack_newsletter_tier_id":0,"_jetpack_memberships_contains_paywalled_content":false,"_jetpack_memberships_contains_paid_content":false,"footnotes":"","jetpack_publicize_message":"","jetpack_publicize_feature_enabled":true,"jetpack_social_post_already_shared":true,"jetpack_social_options":{"image_generator_settings":{"template":"highway","enabled":false},"version":2}},"categories":[1],"tags":[],"class_list":["post-33276","post","type-post","status-publish","format-standard","hentry","category-notas"],"jetpack_publicize_connections":[],"jetpack_sharing_enabled":true,"jetpack_featured_media_url":"","jetpack_shortlink":"https:\/\/wp.me\/p7wKYW-8EI","jetpack-related-posts":[],"_links":{"self":[{"href":"http:\/\/blogdalucianaoliveira.com.br\/blog\/wp-json\/wp\/v2\/posts\/33276","targetHints":{"allow":["GET"]}}],"collection":[{"href":"http:\/\/blogdalucianaoliveira.com.br\/blog\/wp-json\/wp\/v2\/posts"}],"about":[{"href":"http:\/\/blogdalucianaoliveira.com.br\/blog\/wp-json\/wp\/v2\/types\/post"}],"author":[{"embeddable":true,"href":"http:\/\/blogdalucianaoliveira.com.br\/blog\/wp-json\/wp\/v2\/users\/1"}],"replies":[{"embeddable":true,"href":"http:\/\/blogdalucianaoliveira.com.br\/blog\/wp-json\/wp\/v2\/comments?post=33276"}],"version-history":[{"count":1,"href":"http:\/\/blogdalucianaoliveira.com.br\/blog\/wp-json\/wp\/v2\/posts\/33276\/revisions"}],"predecessor-version":[{"id":33277,"href":"http:\/\/blogdalucianaoliveira.com.br\/blog\/wp-json\/wp\/v2\/posts\/33276\/revisions\/33277"}],"wp:attachment":[{"href":"http:\/\/blogdalucianaoliveira.com.br\/blog\/wp-json\/wp\/v2\/media?parent=33276"}],"wp:term":[{"taxonomy":"category","embeddable":true,"href":"http:\/\/blogdalucianaoliveira.com.br\/blog\/wp-json\/wp\/v2\/categories?post=33276"},{"taxonomy":"post_tag","embeddable":true,"href":"http:\/\/blogdalucianaoliveira.com.br\/blog\/wp-json\/wp\/v2\/tags?post=33276"}],"curies":[{"name":"wp","href":"https:\/\/api.w.org\/{rel}","templated":true}]}}