{"id":33278,"date":"2022-02-11T09:03:02","date_gmt":"2022-02-11T13:03:02","guid":{"rendered":"http:\/\/blogdalucianaoliveira.com.br\/blog\/?p=33278"},"modified":"2022-02-11T09:03:09","modified_gmt":"2022-02-11T13:03:09","slug":"projeto-canta-mulher-30-anos-vozes-da-arte-pela-vida-no-canto-da-historia","status":"publish","type":"post","link":"http:\/\/blogdalucianaoliveira.com.br\/blog\/2022\/02\/11\/projeto-canta-mulher-30-anos-vozes-da-arte-pela-vida-no-canto-da-historia\/","title":{"rendered":"Projeto Canta Mulher \u2013 30 Anos, Vozes da arte pela vida no canto da Hist\u00f3ria!"},"content":{"rendered":"\n<figure class=\"wp-block-image size-large\"><img loading=\"lazy\" decoding=\"async\" width=\"1280\" height=\"719\" data-attachment-id=\"33279\" data-permalink=\"http:\/\/blogdalucianaoliveira.com.br\/blog\/2022\/02\/11\/projeto-canta-mulher-30-anos-vozes-da-arte-pela-vida-no-canto-da-historia\/9189729d-dde8-4a8e-8876-20cada6ecf2e\/\" data-orig-file=\"https:\/\/i0.wp.com\/blogdalucianaoliveira.com.br\/blog\/wp-content\/uploads\/2022\/02\/9189729D-DDE8-4A8E-8876-20CADA6ECF2E.jpeg?fit=1280%2C719\" data-orig-size=\"1280,719\" data-comments-opened=\"0\" data-image-meta=\"{&quot;aperture&quot;:&quot;0&quot;,&quot;credit&quot;:&quot;&quot;,&quot;camera&quot;:&quot;&quot;,&quot;caption&quot;:&quot;&quot;,&quot;created_timestamp&quot;:&quot;0&quot;,&quot;copyright&quot;:&quot;&quot;,&quot;focal_length&quot;:&quot;0&quot;,&quot;iso&quot;:&quot;0&quot;,&quot;shutter_speed&quot;:&quot;0&quot;,&quot;title&quot;:&quot;&quot;,&quot;orientation&quot;:&quot;0&quot;}\" data-image-title=\"9189729D-DDE8-4A8E-8876-20CADA6ECF2E\" data-image-description=\"\" data-image-caption=\"\" data-medium-file=\"https:\/\/i0.wp.com\/blogdalucianaoliveira.com.br\/blog\/wp-content\/uploads\/2022\/02\/9189729D-DDE8-4A8E-8876-20CADA6ECF2E.jpeg?fit=300%2C169\" data-large-file=\"https:\/\/i0.wp.com\/blogdalucianaoliveira.com.br\/blog\/wp-content\/uploads\/2022\/02\/9189729D-DDE8-4A8E-8876-20CADA6ECF2E.jpeg?fit=600%2C337\" src=\"https:\/\/i0.wp.com\/blogdalucianaoliveira.com.br\/blog\/wp-content\/uploads\/2022\/02\/9189729D-DDE8-4A8E-8876-20CADA6ECF2E.jpeg?fit=600%2C337\" alt=\"\" class=\"wp-image-33279\" srcset=\"https:\/\/i0.wp.com\/blogdalucianaoliveira.com.br\/blog\/wp-content\/uploads\/2022\/02\/9189729D-DDE8-4A8E-8876-20CADA6ECF2E.jpeg?w=1280 1280w, https:\/\/i0.wp.com\/blogdalucianaoliveira.com.br\/blog\/wp-content\/uploads\/2022\/02\/9189729D-DDE8-4A8E-8876-20CADA6ECF2E.jpeg?resize=300%2C169 300w, https:\/\/i0.wp.com\/blogdalucianaoliveira.com.br\/blog\/wp-content\/uploads\/2022\/02\/9189729D-DDE8-4A8E-8876-20CADA6ECF2E.jpeg?resize=1024%2C575 1024w, https:\/\/i0.wp.com\/blogdalucianaoliveira.com.br\/blog\/wp-content\/uploads\/2022\/02\/9189729D-DDE8-4A8E-8876-20CADA6ECF2E.jpeg?resize=768%2C431 768w, https:\/\/i0.wp.com\/blogdalucianaoliveira.com.br\/blog\/wp-content\/uploads\/2022\/02\/9189729D-DDE8-4A8E-8876-20CADA6ECF2E.jpeg?resize=534%2C300 534w, https:\/\/i0.wp.com\/blogdalucianaoliveira.com.br\/blog\/wp-content\/uploads\/2022\/02\/9189729D-DDE8-4A8E-8876-20CADA6ECF2E.jpeg?w=1200 1200w\" sizes=\"auto, (max-width: 600px) 100vw, 600px\" \/><\/figure>\n\n\n\n<p>O Projeto Canta Mulher&nbsp;esse ano&nbsp;completa 30 anos de exist\u00eancia.&nbsp;O projeto foi criado pelo F\u00f3rum Popular de Mulheres em 1992, desde ent\u00e3o,&nbsp;durante esse per\u00edodo, o projeto se apresenta sem nenhuma interrup\u00e7\u00e3o e a cada edi\u00e7\u00e3o o palco do Canta Mulher revela artistas, hist\u00f3rias, can\u00e7\u00f5es, cantos, contos, vozes, encantos, cultura e arte.&nbsp;<\/p>\n\n\n\n<!--more-->\n\n\n\n<p>Nessa trilha sonora de sonhos, cantos&nbsp;e resist\u00eancia,&nbsp;para cantar e contar a hist\u00f3ria do Projeto&nbsp;Canta Mulher,&nbsp;cada passo&nbsp;desse&nbsp;caminhar&nbsp;sempre teve na sua realiza\u00e7\u00e3o,&nbsp;a valiosa e permanente parceria&nbsp;do&nbsp;Sistema&nbsp;Fecom\u00e9rcio(SESC-RO) e outros&nbsp;parceiros, como a Associa\u00e7\u00e3o O Imagin\u00e1rio,&nbsp;ONG Moradia e Cidadania, o CPPT&nbsp;Cuni\u00e3, O Instituto Cultivar, a UNIMED-RO, NEOMAX, a Escola de Samba o ASFALT\u00c3O,&nbsp;a CUT-Rond\u00f4nia e seus sindicatos (SINTEL, SINDUR, SEEB, &nbsp;SINTERO,&nbsp;SINDLER,&nbsp;SENGE, SINDSEF, etc.),&nbsp;a imprensa localsempre presente,&nbsp;seja pelas r\u00e1dios (Caiari,&nbsp;FMs), TVS (TV Rond\u00f4nia, TV Candel\u00e1ria, TV Record, TV&nbsp;Alamanda), &nbsp; jornais( Alto Madeira, Di\u00e1rio da Amaz\u00f4nia, O Estad\u00e3o) e os sites:&nbsp;rondoniaaovivo, 30minutos.online,&nbsp;rondoniaagora, G1 Rond\u00f4nia,&nbsp;tudorondonia,&nbsp;&nbsp;e&nbsp;Programas como:&nbsp;Parada Obrigat\u00f3ria(Carioca) e&nbsp;Mais Cultura FM (Linda&nbsp;Cozan), assim como&nbsp;tantos outros ve\u00edculos de imprensa que apoiam&nbsp;nossa cultura local e regional. Al\u00e9m&nbsp;dos&nbsp;apoios&nbsp;de muitos&nbsp;admiradores(as) da cultura local, artistas, m\u00fasicos,&nbsp;jornalistas, radialistas,&nbsp;empres\u00e1rios,&nbsp;professores,&nbsp;advogados, m\u00e9dicos, vereadores(as), deputados(as)&nbsp;etc, e nos \u00faltimos tr\u00eas anos, somam-se a&nbsp;essa trajet\u00f3ria art\u00edstica, a&nbsp;Cantad\u00f4&nbsp;Produ\u00e7\u00f5es e o Sonora Mulher Rond\u00f4nia. Ou seja,&nbsp;nessa estrada nuncacaminhamos sozinhas, tampouco,&nbsp;sem elas -as&nbsp;artistas &#8211; nossas principais estrelas das noites e das \u00e1guas de mar\u00e7o. A&nbsp;cada ano, a cada edi\u00e7\u00e3o do Projeto Canta Mulher, seja no palco, seja nas plataformas virtuais, nossos passos sempre se uniram a outros sonhos, cantos e hist\u00f3rias.<\/p>\n\n\n\n<p>Por tanto,&nbsp;nessa trig\u00e9sima edi\u00e7\u00e3o, O F\u00f3rum Popular de Mulheres e o Sistema&nbsp;Fecom\u00e9rcio&nbsp;SESC -Rond\u00f4nia, sob a produ\u00e7\u00e3o da&nbsp;Cantad\u00f4&nbsp;e do Sonora Mulher,&nbsp;lan\u00e7am no per\u00edodo de 09 a 22 de fevereiro as inscri\u00e7\u00f5es para as artistas que queiram participar do Projeto Canta Mulher 2022- edi\u00e7\u00e3o 30 anos. Sigam nossas redes sociais (facebook&nbsp;e&nbsp;Instagram), acessem o link&nbsp;de inscri\u00e7\u00e3o&nbsp;(<a href=\"https:\/\/bit.ly\/3LhGsmM\">https:\/\/bit.ly\/3LhGsmM<\/a>)&nbsp;e participe com sua arte e voz.&nbsp;<\/p>\n\n\n\n<p>Fonte: Assessoria<\/p>\n","protected":false},"excerpt":{"rendered":"<p>O Projeto Canta Mulher&nbsp;esse ano&nbsp;completa 30 anos de exist\u00eancia.&nbsp;O projeto foi criado pelo F\u00f3rum Popular de Mulheres em 1992, desde ent\u00e3o,&nbsp;durante esse per\u00edodo, o projeto se apresenta sem nenhuma interrup\u00e7\u00e3o e a cada edi\u00e7\u00e3o o palco do Canta Mulher revela artistas, hist\u00f3rias, can\u00e7\u00f5es, cantos, contos, vozes, encantos, cultura e arte.&nbsp;<\/p>\n","protected":false},"author":1,"featured_media":0,"comment_status":"closed","ping_status":"open","sticky":false,"template":"","format":"standard","meta":{"_exactmetrics_skip_tracking":false,"_exactmetrics_sitenote_active":false,"_exactmetrics_sitenote_note":"","_exactmetrics_sitenote_category":0,"jetpack_post_was_ever_published":false,"_jetpack_newsletter_access":"","_jetpack_dont_email_post_to_subs":false,"_jetpack_newsletter_tier_id":0,"_jetpack_memberships_contains_paywalled_content":false,"_jetpack_memberships_contains_paid_content":false,"footnotes":"","jetpack_publicize_message":"","jetpack_publicize_feature_enabled":true,"jetpack_social_post_already_shared":true,"jetpack_social_options":{"image_generator_settings":{"template":"highway","enabled":false},"version":2}},"categories":[1],"tags":[],"class_list":["post-33278","post","type-post","status-publish","format-standard","hentry","category-notas"],"jetpack_publicize_connections":[],"jetpack_sharing_enabled":true,"jetpack_featured_media_url":"","jetpack_shortlink":"https:\/\/wp.me\/p7wKYW-8EK","jetpack-related-posts":[],"_links":{"self":[{"href":"http:\/\/blogdalucianaoliveira.com.br\/blog\/wp-json\/wp\/v2\/posts\/33278","targetHints":{"allow":["GET"]}}],"collection":[{"href":"http:\/\/blogdalucianaoliveira.com.br\/blog\/wp-json\/wp\/v2\/posts"}],"about":[{"href":"http:\/\/blogdalucianaoliveira.com.br\/blog\/wp-json\/wp\/v2\/types\/post"}],"author":[{"embeddable":true,"href":"http:\/\/blogdalucianaoliveira.com.br\/blog\/wp-json\/wp\/v2\/users\/1"}],"replies":[{"embeddable":true,"href":"http:\/\/blogdalucianaoliveira.com.br\/blog\/wp-json\/wp\/v2\/comments?post=33278"}],"version-history":[{"count":1,"href":"http:\/\/blogdalucianaoliveira.com.br\/blog\/wp-json\/wp\/v2\/posts\/33278\/revisions"}],"predecessor-version":[{"id":33280,"href":"http:\/\/blogdalucianaoliveira.com.br\/blog\/wp-json\/wp\/v2\/posts\/33278\/revisions\/33280"}],"wp:attachment":[{"href":"http:\/\/blogdalucianaoliveira.com.br\/blog\/wp-json\/wp\/v2\/media?parent=33278"}],"wp:term":[{"taxonomy":"category","embeddable":true,"href":"http:\/\/blogdalucianaoliveira.com.br\/blog\/wp-json\/wp\/v2\/categories?post=33278"},{"taxonomy":"post_tag","embeddable":true,"href":"http:\/\/blogdalucianaoliveira.com.br\/blog\/wp-json\/wp\/v2\/tags?post=33278"}],"curies":[{"name":"wp","href":"https:\/\/api.w.org\/{rel}","templated":true}]}}