{"id":3328,"date":"2016-08-21T20:16:31","date_gmt":"2016-08-22T00:16:31","guid":{"rendered":"http:\/\/blogdalucianaoliveira.com.br\/blog\/?p=3328"},"modified":"2016-08-21T20:16:31","modified_gmt":"2016-08-22T00:16:31","slug":"olimpiadas-temer-nao-vai-a-festa-e-ninguem-sente-falta","status":"publish","type":"post","link":"http:\/\/blogdalucianaoliveira.com.br\/blog\/2016\/08\/21\/olimpiadas-temer-nao-vai-a-festa-e-ninguem-sente-falta\/","title":{"rendered":"Olimp\u00edadas: Temer n\u00e3o vai \u00e0 festa e ningu\u00e9m sente falta"},"content":{"rendered":"<p><img data-recalc-dims=\"1\" loading=\"lazy\" decoding=\"async\" data-attachment-id=\"3329\" data-permalink=\"http:\/\/blogdalucianaoliveira.com.br\/blog\/2016\/08\/21\/olimpiadas-temer-nao-vai-a-festa-e-ninguem-sente-falta\/image-749\/\" data-orig-file=\"https:\/\/i0.wp.com\/blogdalucianaoliveira.com.br\/blog\/wp-content\/uploads\/2016\/08\/image-114.jpeg?fit=1080%2C734\" data-orig-size=\"1080,734\" data-comments-opened=\"0\" data-image-meta=\"{&quot;aperture&quot;:&quot;0&quot;,&quot;credit&quot;:&quot;&quot;,&quot;camera&quot;:&quot;&quot;,&quot;caption&quot;:&quot;&quot;,&quot;created_timestamp&quot;:&quot;0&quot;,&quot;copyright&quot;:&quot;&quot;,&quot;focal_length&quot;:&quot;0&quot;,&quot;iso&quot;:&quot;0&quot;,&quot;shutter_speed&quot;:&quot;0&quot;,&quot;title&quot;:&quot;&quot;,&quot;orientation&quot;:&quot;0&quot;}\" data-image-title=\"image\" data-image-description=\"\" data-image-caption=\"\" data-medium-file=\"https:\/\/i0.wp.com\/blogdalucianaoliveira.com.br\/blog\/wp-content\/uploads\/2016\/08\/image-114.jpeg?fit=300%2C204\" data-large-file=\"https:\/\/i0.wp.com\/blogdalucianaoliveira.com.br\/blog\/wp-content\/uploads\/2016\/08\/image-114.jpeg?fit=600%2C408\" src=\"https:\/\/i0.wp.com\/blogdalucianaoliveira.com.br\/blog\/wp-content\/uploads\/2016\/08\/image-114.jpeg?resize=600%2C408\" alt=\"image\" width=\"600\" height=\"408\" class=\"alignnone size-full wp-image-3329\" \/><\/p>\n<p>O encerramento de uma olimp\u00edada \u00e9 um momento hist\u00f3rico. O mundo viu a festa do pa\u00eds que abrigou as competi\u00e7\u00f5es sem sua presidenta eleita.<!--more--><\/p>\n<p>O interino, Michel Temer, n\u00e3o compareceu para celebrar a confraterniza\u00e7\u00e3o das na\u00e7\u00f5es e parabenizar  os atletas brasileiros. <\/p>\n<p>Mandou o presidente da C\u00e2mara em seu lugar, Rodrigo Maia, que sisudo se manteve alheio ao momento de alegria contagiante. <\/p>\n<p>Cerca de 7 mil atletas participaram da cerim\u00f4nia de encerramento<\/p>\n<p>O Brasil teve seu melhor desempenho na hist\u00f3ria das olimp\u00edadas, com 7 medalhas de ouro e a 13\u00aa posi\u00e7\u00e3o no quadro geral. <\/p>\n<p>Temer desprezou as conquistas da delega\u00e7\u00e3o brasileira, os atletas de todos os pa\u00edses participantes, a imprensa e as autoridades presentes. <\/p>\n<p>A aus\u00eancia que ningu\u00e9m reclamou, prova que Temer n\u00e3o sente \u00e0 vontade com seu povo. <\/p>\n","protected":false},"excerpt":{"rendered":"<p>O encerramento de uma olimp\u00edada \u00e9 um momento hist\u00f3rico. O mundo viu a festa do pa\u00eds que abrigou as competi\u00e7\u00f5es sem sua presidenta eleita.<\/p>\n","protected":false},"author":1,"featured_media":0,"comment_status":"closed","ping_status":"open","sticky":false,"template":"","format":"standard","meta":{"_exactmetrics_skip_tracking":false,"_exactmetrics_sitenote_active":false,"_exactmetrics_sitenote_note":"","_exactmetrics_sitenote_category":0,"jetpack_post_was_ever_published":false,"_jetpack_newsletter_access":"","_jetpack_dont_email_post_to_subs":false,"_jetpack_newsletter_tier_id":0,"_jetpack_memberships_contains_paywalled_content":false,"_jetpack_memberships_contains_paid_content":false,"footnotes":"","jetpack_publicize_message":"","jetpack_publicize_feature_enabled":true,"jetpack_social_post_already_shared":true,"jetpack_social_options":{"image_generator_settings":{"template":"highway","enabled":false},"version":2}},"categories":[1],"tags":[],"class_list":["post-3328","post","type-post","status-publish","format-standard","hentry","category-notas"],"jetpack_publicize_connections":[],"jetpack_sharing_enabled":true,"jetpack_featured_media_url":"","jetpack_shortlink":"https:\/\/wp.me\/p7wKYW-RG","jetpack-related-posts":[],"_links":{"self":[{"href":"http:\/\/blogdalucianaoliveira.com.br\/blog\/wp-json\/wp\/v2\/posts\/3328","targetHints":{"allow":["GET"]}}],"collection":[{"href":"http:\/\/blogdalucianaoliveira.com.br\/blog\/wp-json\/wp\/v2\/posts"}],"about":[{"href":"http:\/\/blogdalucianaoliveira.com.br\/blog\/wp-json\/wp\/v2\/types\/post"}],"author":[{"embeddable":true,"href":"http:\/\/blogdalucianaoliveira.com.br\/blog\/wp-json\/wp\/v2\/users\/1"}],"replies":[{"embeddable":true,"href":"http:\/\/blogdalucianaoliveira.com.br\/blog\/wp-json\/wp\/v2\/comments?post=3328"}],"version-history":[{"count":3,"href":"http:\/\/blogdalucianaoliveira.com.br\/blog\/wp-json\/wp\/v2\/posts\/3328\/revisions"}],"predecessor-version":[{"id":3332,"href":"http:\/\/blogdalucianaoliveira.com.br\/blog\/wp-json\/wp\/v2\/posts\/3328\/revisions\/3332"}],"wp:attachment":[{"href":"http:\/\/blogdalucianaoliveira.com.br\/blog\/wp-json\/wp\/v2\/media?parent=3328"}],"wp:term":[{"taxonomy":"category","embeddable":true,"href":"http:\/\/blogdalucianaoliveira.com.br\/blog\/wp-json\/wp\/v2\/categories?post=3328"},{"taxonomy":"post_tag","embeddable":true,"href":"http:\/\/blogdalucianaoliveira.com.br\/blog\/wp-json\/wp\/v2\/tags?post=3328"}],"curies":[{"name":"wp","href":"https:\/\/api.w.org\/{rel}","templated":true}]}}