{"id":33281,"date":"2022-02-11T16:14:31","date_gmt":"2022-02-11T20:14:31","guid":{"rendered":"http:\/\/blogdalucianaoliveira.com.br\/blog\/?p=33281"},"modified":"2022-02-11T16:14:34","modified_gmt":"2022-02-11T20:14:34","slug":"militarizacao-do-conselho-nacional-da-amazonia-legal-pouco-enfrentamento-ao-desmatamento-muito-gasto-no-orcamento","status":"publish","type":"post","link":"http:\/\/blogdalucianaoliveira.com.br\/blog\/2022\/02\/11\/militarizacao-do-conselho-nacional-da-amazonia-legal-pouco-enfrentamento-ao-desmatamento-muito-gasto-no-orcamento\/","title":{"rendered":"MILITARIZA\u00c7\u00c3O DO CONSELHO NACIONAL DA AMAZ\u00d4NIA LEGAL; Pouco enfrentamento ao desmatamento, muito gasto no or\u00e7amento"},"content":{"rendered":"\n<figure class=\"wp-block-image\"><img data-recalc-dims=\"1\" decoding=\"async\" src=\"https:\/\/i0.wp.com\/diplomatique.org.br\/wp-content\/uploads\/2022\/02\/Operacao-Verde.-CNAL-e1644539270725.jpg?w=600&#038;ssl=1\" alt=\"Conselho Nacional da Amaz\u00f4nia Legal\" class=\"wp-image-224863\"\/><figcaption> <\/figcaption><\/figure>\n\n\n\n<p><strong>Le Monde Diplomatique <\/strong>&#8211; Amaz\u00f4nia vive recorde de desmatamento, atrai a aten\u00e7\u00e3o de olhares de governos e organizamos internacionais e tem seus povos amea\u00e7ados constantemente pelos diferentes poderes e o mercado. Este cen\u00e1rio demandaria um espa\u00e7o de di\u00e1logo entre sociedade e governo para a articula\u00e7\u00e3o e desenvolvimentos de pol\u00edticas p\u00fablicas. No entanto, o espa\u00e7o existente n\u00e3o tem servido para isso, pelo menos n\u00e3o nestes termos.<\/p>\n\n\n\n<!--more-->\n\n\n\n<p>O Conselho Nacional da Amaz\u00f4nia Legal (CNAL) \u00e9 o \u00f3rg\u00e3o respons\u00e1vel pela coordena\u00e7\u00e3o e acompanhamento da implementa\u00e7\u00e3o das pol\u00edticas p\u00fablicas voltadas para a Amaz\u00f4nia, tendo sido reativado por meio do&nbsp;<a href=\"https:\/\/www.gov.br\/planalto\/pt-br\/conheca-a-vice-presidencia\/conselho-da-amazonia\">Decreto&nbsp;n\u00ba 10.239\/2020, de 11 de fevereiro de 2020,<\/a>&nbsp;e atualmente sendo presidido pelo vice-presidente da Rep\u00fablica, o general Hamilton Mour\u00e3o. A reativa\u00e7\u00e3o do Conselho vem junto com modifica\u00e7\u00f5es importantes na sua estrutura\u00e7\u00e3o, principalmente relacionadas as suas compet\u00eancias, composi\u00e7\u00e3o e alcance. O CNAL passa a prever expressamente a compet\u00eancia para fortalecer a presen\u00e7a do Estado na Amaz\u00f4nia (discurso reiterado durante a ditadura empresarial-militar brasileira), sendo transferido do Minist\u00e9rio do Meio Ambiente para a vice-presid\u00eancia da Rep\u00fablica.<\/p>\n\n\n\n<p>Al\u00e9m de ser presidido por Mour\u00e3o, a atual composi\u00e7\u00e3o do Conselho \u00e9 extremamente&nbsp;<a href=\"https:\/\/diplomatique.org.br\/ameacas-da-militarizacao-do-combate-ao-desmatamento-no-amazonia\/\">militarizada<\/a>. A secretaria executiva do Conselho, por exemplo, conta com 71% de militares em sua composi\u00e7\u00e3o, entre titulares e suplentes. No caso da Comiss\u00e3o de Prote\u00e7\u00e3o da Amaz\u00f4nia Legal, uma das poucas que contam com representantes do Instituto Brasileiro do Meio Ambiente e dos Recursos Naturais Renov\u00e1veis (Ibama) e do Instituto Chico Mendes de Conserva\u00e7\u00e3o da Biodiversidade (ICMBio), o servidor titular \u00e9 um coronel.<\/p>\n\n\n\n<p><strong>Militariza\u00e7\u00e3o da pol\u00edtica socioambiental e gastos no or\u00e7amento p\u00fablico<\/strong><\/p>\n\n\n\n<p>A militariza\u00e7\u00e3o da pol\u00edtica socioambiental para a Amaz\u00f4nia n\u00e3o fica restrita apenas a composi\u00e7\u00e3o do Conselho Nacional, o que por si s\u00f3 j\u00e1 \u00e9 preocupante tendo em vista a completa aus\u00eancia da participa\u00e7\u00e3o da sociedade civil neste espa\u00e7o. A militariza\u00e7\u00e3o est\u00e1 refletida tamb\u00e9m na quantidade de decretos que autorizam as opera\u00e7\u00f5es de garantia da lei e da ordem (GLO). A excepcionalidade para aplica\u00e7\u00e3o da GLO \u2013 que somente deveria ser acionada ap\u00f3s esgotados os instrumentos destinados \u00e0 preserva\u00e7\u00e3o da ordem p\u00fablica e da incolumidade das pessoas e do patrim\u00f4nio \u2013 vem sendo acionado constantemente pelo Conselho como mais um elemento dentro desse processo de militariza\u00e7\u00e3o da pol\u00edtica socioambiental da Amaz\u00f4nia.<\/p>\n\n\n\n<p>Nos dois anos de reativa\u00e7\u00e3o o CNAL&nbsp;tem concentrado seus esfor\u00e7os principalmente na coordena\u00e7\u00e3o de opera\u00e7\u00f5es GLO, Verde Brasil 2 (VB2)<a href=\"https:\/\/diplomatique.org.br\/pouco-enfrentamento-ao-desmatamento-muito-gasto-no-orcamento\/#_ftn1\">[1]<\/a>e Sama\u00fama, no desenvolvimento do Plano Amaz\u00f4nia 2021\/2022.<\/p>\n\n\n\n<p>Sob a ret\u00f3rica da tr\u00edade&nbsp;\u201cpreservar, proteger e desenvolver\u201d, o Conselho Nacional da Amaz\u00f4nia Legal, tem direcionado grandes quantias do or\u00e7amento p\u00fablico, por meio das opera\u00e7\u00f5es de garantia de lei e da ordem, que, no entanto, n\u00e3o guardam proporcionalidade com as a\u00e7\u00f5es de enfrentamento ao desmatamento no territ\u00f3rio amaz\u00f4nico, mostrando-se pouco efetivas.<\/p>\n\n\n\n<p>Opera\u00e7\u00e3o Verde Brasil 2, por exemplo, de execu\u00e7\u00e3o no per\u00edodo entre 11 de maio de 2020 a 31 de abril de 2021, teve destinada durante sua execu\u00e7\u00e3o a quantia de um total de R$ 379.230.988,82, sendo R$ 1.071.273,98 por dia. No entanto, as taxas de il\u00edcitos ambientais aumentaram.&nbsp;<a href=\"https:\/\/ipam.org.br\/bibliotecas\/amazonia-em-chamas-9-o-novo-e-alarmante-patamar-do-desmatamento-na-amazonia\/\">O Instituto de Pesquisa Ambiental da Amaz\u00f4nia (Ipam)<\/a>&nbsp;aponta que a Amaz\u00f4nia teve 56,6% de aumento no desmatamento do seu territ\u00f3rio nos \u00faltimos tr\u00eas anos (2019-2021) em rela\u00e7\u00e3o ao per\u00edodo anterior (2016-2018), com destaque para territ\u00f3rios ind\u00edgenas.<\/p>\n\n\n\n<p>Os valores vultosos do or\u00e7amento p\u00fablico destinado para opera\u00e7\u00f5es do Conselho Nacional da Amaz\u00f4nia Legal, as baixas taxas de efetividade com rela\u00e7\u00e3o ao enfrentamento aos crimes ambientais&nbsp;&nbsp;e o&nbsp;cont\u00ednuo enfraquecimento dos \u00f3rg\u00e3os de fiscaliza\u00e7\u00e3o ambiental, por meio da estagna\u00e7\u00e3o de redu\u00e7\u00e3o or\u00e7ament\u00e1ria (como o or\u00e7amento destinado ao Ibama, por exemplo) demonstram, na verdade, que ap\u00f3s sua reativa\u00e7\u00e3o o Conselho passou a ter estrutura e pr\u00e1ticas mais de comando do que se Conselho, ou seja, al\u00e9m da centraliza\u00e7\u00e3o das fun\u00e7\u00f5es&nbsp;&nbsp;na figura do Mour\u00e3o, o Conselho Nacional da Amaz\u00f4nia Legal tem constru\u00eddo e desempenhado suas a\u00e7\u00f5es operadas pelo Minist\u00e9rio da Defesa.<\/p>\n\n\n\n<p><strong>Aus\u00eancia de participa\u00e7\u00e3o da sociedade civil no CNAL<\/strong><\/p>\n\n\n\n<p>O Levante Popular da Amaz\u00f4nia, articula\u00e7\u00e3o que re\u00fane movimentos sociais e organiza\u00e7\u00f5es que atuam em defesa da vida dos povos da Amaz\u00f4nia, tem feito a&nbsp;<a href=\"https:\/\/levantepopulardaamazonia.medium.com\/carta-manifesto-e4151a79fd01\">den\u00fancia da aus\u00eancia<\/a>&nbsp;da participa\u00e7\u00e3o da sociedade civil no Conselho da Amaz\u00f4nia no Supremo Tribunal Federal (STF).<\/p>\n\n\n\n<p>O grupo articulou uma argui\u00e7\u00e3o de descumprimento de preceito fundamental (ADFP) \u2013&nbsp;um tipo de a\u00e7\u00e3o que busca evitar ou reparar danos \u00e0 algum princ\u00edpio b\u00e1sico da Constitui\u00e7\u00e3o&nbsp;-,&nbsp;no Supremo em que apresenta, entre outros pontos, o esvaziamento dos espa\u00e7os de participa\u00e7\u00e3o popular em conselhos deliberativos e na formula\u00e7\u00e3o da pol\u00edtica socioambiental brasileira, em detrimento da concentra\u00e7\u00e3o desses poderes nas m\u00e3os da ala militar do atual governo federal. Busca-se ainda demonstrar como a composi\u00e7\u00e3o e atua\u00e7\u00e3o do Conselho n\u00e3o incluem o necess\u00e1rio di\u00e1logo com povos ind\u00edgenas, comunidades quilombolas e povos tradicionais.<\/p>\n\n\n\n<p>A a\u00e7\u00e3o (ADPF 744), protocolada em 18 de setembro de 2020, est\u00e1 sob relatoria do ministro Dias Tofolli e j\u00e1 teve manifesta\u00e7\u00e3o da Advocacia Geral da Uni\u00e3o (AGU) e da Procuradoria Geral da Rep\u00fablica (PGR). Com mesma linha de argumenta\u00e7\u00e3o, os \u00f3rg\u00e3os sustentam, em s\u00edntese, a discricionariedade da organiza\u00e7\u00e3o administrativa para atender ao interesse p\u00fablico e o n\u00e3o cabimento da a\u00e7\u00e3o por quest\u00f5es processuais. N\u00e3o h\u00e1 enfrentamento, no entanto, as quest\u00f5es de fundo apontadas pelas organiza\u00e7\u00f5es autoras da a\u00e7\u00e3o, como a&nbsp;falta de a\u00e7\u00f5es efetivas de prote\u00e7\u00e3o da floresta e dos povos da regi\u00e3o. A sociedade aguarda o julgamento desta a\u00e7\u00e3o.<\/p>\n\n\n\n<p><strong>Lu\u00edsa C\u00e2mara Rocha<\/strong>&nbsp;\u00e9 assessora jur\u00eddica popular da Terra de Direito, do Programa Amaz\u00f4nia.<\/p>\n\n\n\n<p><a href=\"https:\/\/diplomatique.org.br\/pouco-enfrentamento-ao-desmatamento-muito-gasto-no-orcamento\/#_ftnref1\">[1]<\/a>A opera\u00e7\u00e3o Verde Brasil 2 \u00e9 uma esp\u00e9cie de continua\u00e7\u00e3o da opera\u00e7\u00e3o GLO de 2019, que durou 61 dias (24\/08\/2019-24\/10\/2019) e intitulada de Verde Brasil 1.&nbsp;No caso desta opera\u00e7\u00e3o, o Conselho Nacional da Amaz\u00f4nia Legal ainda n\u00e3o tinha sido reativado e a opera\u00e7\u00e3o se deu sob coordena\u00e7\u00e3o do pr\u00f3prio Minist\u00e9rio da Defesa<\/p>\n\n\n\n<hr class=\"wp-block-separator\"\/>\n\n\n\n<p><\/p>\n","protected":false},"excerpt":{"rendered":"<p>Le Monde Diplomatique &#8211; Amaz\u00f4nia vive recorde de desmatamento, atrai a aten\u00e7\u00e3o de olhares de governos e organizamos internacionais e tem seus povos amea\u00e7ados constantemente pelos diferentes poderes e o mercado. Este cen\u00e1rio demandaria um espa\u00e7o de di\u00e1logo entre sociedade e governo para a articula\u00e7\u00e3o e desenvolvimentos de pol\u00edticas p\u00fablicas. No entanto, o espa\u00e7o existente&#8230;<a class=\"more-link\" href=\"http:\/\/blogdalucianaoliveira.com.br\/blog\/2022\/02\/11\/militarizacao-do-conselho-nacional-da-amazonia-legal-pouco-enfrentamento-ao-desmatamento-muito-gasto-no-orcamento\/\">Continue a leitura <span class=\"meta-nav\">&raquo;<\/span><\/a><\/p>\n","protected":false},"author":1,"featured_media":0,"comment_status":"closed","ping_status":"open","sticky":false,"template":"","format":"standard","meta":{"_exactmetrics_skip_tracking":false,"_exactmetrics_sitenote_active":false,"_exactmetrics_sitenote_note":"","_exactmetrics_sitenote_category":0,"jetpack_post_was_ever_published":false,"_jetpack_newsletter_access":"","_jetpack_dont_email_post_to_subs":false,"_jetpack_newsletter_tier_id":0,"_jetpack_memberships_contains_paywalled_content":false,"_jetpack_memberships_contains_paid_content":false,"footnotes":"","jetpack_publicize_message":"","jetpack_publicize_feature_enabled":true,"jetpack_social_post_already_shared":true,"jetpack_social_options":{"image_generator_settings":{"template":"highway","enabled":false},"version":2}},"categories":[1],"tags":[53,5,387],"class_list":["post-33281","post","type-post","status-publish","format-standard","hentry","category-notas","tag-bolsonaro","tag-brasil","tag-desmatamento"],"jetpack_publicize_connections":[],"jetpack_sharing_enabled":true,"jetpack_featured_media_url":"","jetpack_shortlink":"https:\/\/wp.me\/p7wKYW-8EN","jetpack-related-posts":[],"_links":{"self":[{"href":"http:\/\/blogdalucianaoliveira.com.br\/blog\/wp-json\/wp\/v2\/posts\/33281","targetHints":{"allow":["GET"]}}],"collection":[{"href":"http:\/\/blogdalucianaoliveira.com.br\/blog\/wp-json\/wp\/v2\/posts"}],"about":[{"href":"http:\/\/blogdalucianaoliveira.com.br\/blog\/wp-json\/wp\/v2\/types\/post"}],"author":[{"embeddable":true,"href":"http:\/\/blogdalucianaoliveira.com.br\/blog\/wp-json\/wp\/v2\/users\/1"}],"replies":[{"embeddable":true,"href":"http:\/\/blogdalucianaoliveira.com.br\/blog\/wp-json\/wp\/v2\/comments?post=33281"}],"version-history":[{"count":1,"href":"http:\/\/blogdalucianaoliveira.com.br\/blog\/wp-json\/wp\/v2\/posts\/33281\/revisions"}],"predecessor-version":[{"id":33282,"href":"http:\/\/blogdalucianaoliveira.com.br\/blog\/wp-json\/wp\/v2\/posts\/33281\/revisions\/33282"}],"wp:attachment":[{"href":"http:\/\/blogdalucianaoliveira.com.br\/blog\/wp-json\/wp\/v2\/media?parent=33281"}],"wp:term":[{"taxonomy":"category","embeddable":true,"href":"http:\/\/blogdalucianaoliveira.com.br\/blog\/wp-json\/wp\/v2\/categories?post=33281"},{"taxonomy":"post_tag","embeddable":true,"href":"http:\/\/blogdalucianaoliveira.com.br\/blog\/wp-json\/wp\/v2\/tags?post=33281"}],"curies":[{"name":"wp","href":"https:\/\/api.w.org\/{rel}","templated":true}]}}