{"id":33283,"date":"2022-02-11T16:18:38","date_gmt":"2022-02-11T20:18:38","guid":{"rendered":"http:\/\/blogdalucianaoliveira.com.br\/blog\/?p=33283"},"modified":"2022-02-11T16:18:43","modified_gmt":"2022-02-11T20:18:43","slug":"passando-a-boiada-12-das-45-prioridades-do-governo-no-congresso-sao-no-campo","status":"publish","type":"post","link":"http:\/\/blogdalucianaoliveira.com.br\/blog\/2022\/02\/11\/passando-a-boiada-12-das-45-prioridades-do-governo-no-congresso-sao-no-campo\/","title":{"rendered":"Passando a Boiada: 12 das 45 prioridades do governo no Congresso s\u00e3o no campo"},"content":{"rendered":"\n<figure class=\"wp-block-image\"><img data-recalc-dims=\"1\" decoding=\"async\" src=\"https:\/\/i0.wp.com\/deolhonosruralistas.com.br\/wp-content\/uploads\/2022\/02\/Foto-Greenpeace.jpeg?w=600&#038;ssl=1\" alt=\"\"\/><\/figure>\n\n\n\n<p><em><strong>Portaria de Bolsonaro enumerou metas legislativas para 2022; depois de aprovar ontem o PL do Veneno, C\u00e2mara deve votar com urg\u00eancia outras pautas de destrui\u00e7\u00e3o do ambiente e que atacam direitos dos povos do campo, como a minera\u00e7\u00e3o em terras ind\u00edgenas<\/strong><\/em><\/p>\n\n\n\n<!--more-->\n\n\n\n<p>Por&nbsp;<strong>Mariana Franco Ramos<\/strong><\/p>\n\n\n\n<figure class=\"wp-block-image\"><a href=\"https:\/\/deolhonosruralistas.com.br\/de-olho-nos-mil-parceiros\/\"><img decoding=\"async\" src=\"https:\/\/i1.wp.com\/deolhonosruralistas.com.br\/wp-content\/uploads\/2017\/03\/DEOLHO2017-chamada-meio-texto.png?resize=635%2C40\" alt=\"\" class=\"wp-image-3364\"\/><\/a><\/figure>\n\n\n\n<p>Ap\u00f3s a aprova\u00e7\u00e3o na C\u00e2mara, na noite de quarta-feira (09), do Projeto de Lei (PL) 6.299\/02, apelidado de \u201cPacote do Veneno\u201d, o Congresso se prepara para votar outras 44 propostas priorizadas pelo governo. Destas, onze t\u00eam rela\u00e7\u00e3o direta com o campo. Publicada na edi\u00e7\u00e3o de ontem do Di\u00e1rio Oficial da Uni\u00e3o, a&nbsp;<a href=\"https:\/\/in.gov.br\/web\/dou\/-\/portaria-n-667-de-9-de-fevereiro-de-2022-379226707\" target=\"_blank\" rel=\"noreferrer noopener\">portaria 667<\/a>&nbsp;indica que Jair Bolsonaro pretende \u201cpassar a boiada\u201d j\u00e1 nos primeiros meses de 2022, ou seja, antes que a Casa se volte aos debates eleitorais.<\/p>\n\n\n\n<figure class=\"wp-block-image\"><img decoding=\"async\" src=\"https:\/\/i2.wp.com\/deolhonosruralistas.com.br\/wp-content\/uploads\/2022\/02\/Arte-Projetemos.jpg?resize=300%2C214&amp;ssl=1\" alt=\"\" class=\"wp-image-24238\"\/><figcaption>Na gest\u00e3o Bolsonaro, mais de 1.500 agrot\u00f3xicos j\u00e1 foram liberados. (Arte: Projetemos)<\/figcaption><\/figure>\n\n\n\n<p>A agenda legislativa priorit\u00e1ria traz itens como o PL 490\/07, do Marco Temporal, que pro\u00edbe a amplia\u00e7\u00e3o de Terras Ind\u00edgenas (TIs) j\u00e1 demarcadas e permite a explora\u00e7\u00e3o por garimpeiros, e o PL 191\/2020, que regulamenta a minera\u00e7\u00e3o nas TIs, possibilitando inclusive a constru\u00e7\u00e3o de hidrel\u00e9tricas sem entraves. Ambos est\u00e3o em tramita\u00e7\u00e3o na C\u00e2mara e contam com o respaldo da Frente Parlamentar da Agropecu\u00e1ria (FPA) e de seus financiadores.<\/p>\n\n\n\n<p>Com 280 membros, de diferentes partidos, a&nbsp;<a href=\"https:\/\/www.youtube.com\/watch?v=E11-dnLylHA&amp;t=24s\">bancada ruralista<\/a>, representada pela FPA, \u00e9 uma das maiores, mais influentes e mais organizadas do Congresso. Em ano eleitoral, suas pautas tendem a ter ainda mais apoio.<\/p>\n\n\n\n<h3 class=\"wp-block-heading\">PACOTE DE PROJETOS TEM CONTEXTO ELEITORAL<\/h3>\n\n\n\n<p>Nas \u00faltimas semanas, o Centr\u00e3o vem pressionando Bolsonaro a emplacar uma das expoentes do grupo como vice em outubro. Trata-se da atual ministra da Agricultura e Pecu\u00e1ria,&nbsp;<a href=\"https:\/\/deolhonosruralistas.com.br\/deolhonoms\/2018\/11\/08\/futura-ministra-da-agricultura-tereza-cristina-trabalha-para-tirar-direitos-dos-indigenas\/\">Tereza Cristina<\/a>&nbsp;(DEM-MS). Segundo o&nbsp;<a href=\"https:\/\/politica.estadao.com.br\/noticias\/eleicoes,centrao-pressiona-bolsonaro-e-tenta-emplacar-tereza-cristina-como-vice,70003972454\">Estad\u00e3o<\/a>, aliados do Planalto e at\u00e9 mesmo o senador Fl\u00e1vio Bolsonaro (PL-RJ) acreditam que ela pode reduzir a rejei\u00e7\u00e3o ao presidente no eleitorado feminino, al\u00e9m de agregar setores do agroneg\u00f3cio.<\/p>\n\n\n\n<p>No setor ambiental, os destaques s\u00e3o o texto que cria a Pol\u00edtica Nacional sobre a Mudan\u00e7a do Clima (PL 6539\/19), incluindo os compromissos assinados no Acordo de Paris; o que institui o Mercado Brasileiro de Redu\u00e7\u00e3o de Emiss\u00f5es (MBRE), de forma a regular a compra e venda de cr\u00e9ditos de carbono; e o que sugere mudan\u00e7as na Lei de Gest\u00e3o de Florestas P\u00fablicas (Lei 11.284\/2006), com o objetivo de acelerar processos de licita\u00e7\u00e3o (PL 5518\/20).<\/p>\n\n\n\n<p>Outra prioridade do Executivo que pode amea\u00e7ar o meio ambiente \u00e9 o PL 1293\/21, que estimula o autocontrole na produ\u00e7\u00e3o de alimentos, revogando dispositivos legais que estabelecem penalidades relativas ao uso de agrot\u00f3xicos.<\/p>\n\n\n\n<div class=\"wp-block-image\"><figure class=\"aligncenter\"><img decoding=\"async\" data-attachment-id=\"24249\" data-permalink=\"http:\/\/blogdalucianaoliveira.com.br\/blog\/2019\/10\/06\/perseguido-na-nicaragua-jornalismo-independente-sobrevive-no-exilio\/896d9324-c0db-4a10-adeb-bd6d61a2a60b\/\" data-orig-file=\"https:\/\/i0.wp.com\/blogdalucianaoliveira.com.br\/blog\/wp-content\/uploads\/2019\/10\/896D9324-C0DB-4A10-ADEB-BD6D61A2A60B.jpeg?fit=1200%2C800\" data-orig-size=\"1200,800\" data-comments-opened=\"0\" data-image-meta=\"{&quot;aperture&quot;:&quot;0&quot;,&quot;credit&quot;:&quot;&quot;,&quot;camera&quot;:&quot;&quot;,&quot;caption&quot;:&quot;&quot;,&quot;created_timestamp&quot;:&quot;0&quot;,&quot;copyright&quot;:&quot;&quot;,&quot;focal_length&quot;:&quot;0&quot;,&quot;iso&quot;:&quot;0&quot;,&quot;shutter_speed&quot;:&quot;0&quot;,&quot;title&quot;:&quot;&quot;,&quot;orientation&quot;:&quot;0&quot;}\" data-image-title=\"896D9324-C0DB-4A10-ADEB-BD6D61A2A60B\" data-image-description=\"\" data-image-caption=\"\" data-medium-file=\"https:\/\/i0.wp.com\/blogdalucianaoliveira.com.br\/blog\/wp-content\/uploads\/2019\/10\/896D9324-C0DB-4A10-ADEB-BD6D61A2A60B.jpeg?fit=300%2C200\" data-large-file=\"https:\/\/i0.wp.com\/blogdalucianaoliveira.com.br\/blog\/wp-content\/uploads\/2019\/10\/896D9324-C0DB-4A10-ADEB-BD6D61A2A60B.jpeg?fit=600%2C400\" src=\"https:\/\/i0.wp.com\/deolhonosruralistas.com.br\/wp-content\/uploads\/2022\/02\/f9725343-181a-4677-a65c-4ea0545579ed.jpg?resize=1010%2C615&amp;ssl=1\" alt=\"\" class=\"wp-image-24249\"\/><\/figure><\/div>\n\n\n\n<h3 class=\"wp-block-heading\">PLS DO LICENCIAMENTO E DA GRILAGEM BENEFICIAM ALIADOS RURALISTAS<\/h3>\n\n\n\n<p>Dois dos itens mais impactantes do chamado \u201c<a href=\"https:\/\/www.oc.eco.br\/congresso-volta-hoje-com-combo-da-morte-na-agenda\/?fbclid=IwAR3iHzs_kDSQ5cud95ze-SUFRbXLw1X7TeBikhnWM5ocWOq-I-4OsOZTr9Q\" target=\"_blank\" rel=\"noreferrer noopener\">combo da morte<\/a>\u201d t\u00eam as digitais de integrantes da bancada ruralista. O deputado federal Neri Geller (PP-MT) foi o relator da nova Lei Geral do Licenciamento Ambiental (PL 3729\/04), apelidada de \u201ca m\u00e3e de todas as boiadas\u201d. Ap\u00f3s a aprova\u00e7\u00e3o na C\u00e2mara, a proposta chegou ao Senado sob o n\u00famero 2.159\/21. Ela restringe, enfraquece ou, em alguns casos, at\u00e9 extingue parte importante dos instrumentos de avalia\u00e7\u00e3o, preven\u00e7\u00e3o e controle de impactos socioambientais de obras e atividades econ\u00f4micas no pa\u00eds.<\/p>\n\n\n\n<figure class=\"wp-block-image\"><img decoding=\"async\" data-attachment-id=\"24239\" data-permalink=\"http:\/\/blogdalucianaoliveira.com.br\/blog\/2019\/10\/06\/o-grande-impune\/9636fa24-a6f4-4806-96da-9009c64ff26a\/\" data-orig-file=\"https:\/\/i0.wp.com\/blogdalucianaoliveira.com.br\/blog\/wp-content\/uploads\/2019\/10\/9636FA24-A6F4-4806-96DA-9009C64FF26A.jpeg?fit=768%2C513\" data-orig-size=\"768,513\" data-comments-opened=\"0\" data-image-meta=\"{&quot;aperture&quot;:&quot;0&quot;,&quot;credit&quot;:&quot;&quot;,&quot;camera&quot;:&quot;&quot;,&quot;caption&quot;:&quot;&quot;,&quot;created_timestamp&quot;:&quot;0&quot;,&quot;copyright&quot;:&quot;&quot;,&quot;focal_length&quot;:&quot;0&quot;,&quot;iso&quot;:&quot;0&quot;,&quot;shutter_speed&quot;:&quot;0&quot;,&quot;title&quot;:&quot;&quot;,&quot;orientation&quot;:&quot;0&quot;}\" data-image-title=\"9636FA24-A6F4-4806-96DA-9009C64FF26A\" data-image-description=\"\" data-image-caption=\"\" data-medium-file=\"https:\/\/i0.wp.com\/blogdalucianaoliveira.com.br\/blog\/wp-content\/uploads\/2019\/10\/9636FA24-A6F4-4806-96DA-9009C64FF26A.jpeg?fit=300%2C200\" data-large-file=\"https:\/\/i0.wp.com\/blogdalucianaoliveira.com.br\/blog\/wp-content\/uploads\/2019\/10\/9636FA24-A6F4-4806-96DA-9009C64FF26A.jpeg?fit=600%2C401\" src=\"https:\/\/i1.wp.com\/deolhonosruralistas.com.br\/wp-content\/uploads\/2022\/02\/neri-geller.jpg?resize=300%2C225&amp;ssl=1\" alt=\"\" class=\"wp-image-24239\"\/><figcaption>Neri Geller em uma de suas fazendas. (Foto: Instagram)<\/figcaption><\/figure>\n\n\n\n<p>Atual vice-presidente da FPA, Geller j\u00e1 ocupou o cargo de ministro da Agricultura, Pecu\u00e1ria e Abastecimento (Mapa) no governo de Dilma Rousseff, em 2014, e por duas ocasi\u00f5es foi secret\u00e1rio de Pol\u00edtica Agr\u00edcola do Minist\u00e9rio, em 2013 e 2016. O ruralista foi citado em investiga\u00e7\u00f5es contra a invas\u00e3o de terras p\u00fablicas e fraude na regulariza\u00e7\u00e3o de terras destinadas \u00e0 reforma agr\u00e1ria no Mato Grosso, em 2014, como mostrou&nbsp;<a href=\"https:\/\/deolhonosruralistas.com.br\/2021\/05\/17\/autor-de-projeto-do-novo-licenciamento-ambiental-tem-terras-em-regioes-de-conflito\/\" target=\"_blank\" rel=\"noreferrer noopener\">reportagem<\/a>&nbsp;do De Olho nos Ruralistas.<\/p>\n\n\n\n<p>Ele aparece no&nbsp;<a href=\"https:\/\/deolhonosruralistas.com.br\/2019\/05\/12\/mapa-das-terras-dos-parlamentares-mostra-que-congressistas-acumulam-fazendas-na-amazonia-e-no-matopiba\/\" target=\"_blank\" rel=\"noreferrer noopener\">Mapa das Terras dos Parlamentares<\/a>, projeto cartogr\u00e1fico do De Olho. O ex-ministro possui uma propriedade rural de 726 hectares em Diamantino (MT), onde o povo Paresi disputa parte do territ\u00f3rio, e uma fazenda em Sorriso (MT), local de conflito com os povos Kaiabi, Arapiak\u00e1 e Munduruku. Nas elei\u00e7\u00f5es de 2018, declarou \u00e0 Justi\u00e7a Eleitoral R$ 9.018.296,15 em bens, montante dez vezes maior que o declarado doze anos antes.<\/p>\n\n\n\n<p>Geller n\u00e3o esconde a proximidade da gest\u00e3o Bolsonaro com o presidente da C\u00e2mara, o pecuarista Arthur Lira (PP-AL), que \u201ctem compromisso com o setor\u201d \u2014 como mostra o terceiro v\u00eddeo da s\u00e9rie De Olho no Congresso:<\/p>\n\n\n\n<figure><iframe loading=\"lazy\" width=\"1010\" height=\"569\" src=\"https:\/\/www.youtube.com\/embed\/eo7nFsncG1A?version=3&amp;rel=1&amp;showsearch=0&amp;showinfo=1&amp;iv_load_policy=1&amp;fs=1&amp;hl=pt-BR&amp;autohide=2&amp;wmode=transparent\" allowfullscreen=\"true\"><\/iframe><\/figure>\n\n\n\n<p>Tamb\u00e9m no Senado, o Pal\u00e1cio do Planalto tem pressa em aprovar os PLs da Grilagem (PL 2.633\/20 e PL 510\/21), que incentivam a continuidade de ocupa\u00e7\u00e3o de terra p\u00fablica e do desmatamento. O autor do primeiro texto \u00e9 Z\u00e9 Silva (SDD-MG). O&nbsp;<a href=\"https:\/\/deolhonosruralistas.com.br\/2020\/05\/11\/aliado-de-relator-da-mp-da-grilagem-abriu-empresa-para-regularizar-terras-em-minas\/\">observat\u00f3rio<\/a>&nbsp;contou que um aliado do pol\u00edtico, Ewerton Giovanni dos Santos, criou a empresa de regulariza\u00e7\u00e3o fundi\u00e1ria Legaliza Brasil em 2019, mesmo ano em que Bolsonaro enviou ao Congresso a MP da Grilagem, precursora do PL 2.633.<\/p>\n\n\n\n<p>Ele se apresenta como ex-secret\u00e1rio-adjunto da Secretaria de Agricultura Familiar e Cooperativismo do Minist\u00e9rio da Agricultura, Pecu\u00e1ria e Abastecimento. Indicado por Silva, foi tamb\u00e9m diretor de Desenvolvimento de Projetos de Assentamento do Instituto Nacional de Coloniza\u00e7\u00e3o e Reforma Agr\u00e1ria, o Incra (2016-2019), consultor jur\u00eddico geral do munic\u00edpio de Gouveia-MG (2013-2016) e extensionista agropecu\u00e1rio da Emater-MG (1997-2012).<\/p>\n\n\n\n<h3 class=\"wp-block-heading\">PACOTE DO VENENO FOI APROVADO EM VOTA\u00c7\u00c3O REL\u00c2MPAGO<\/h3>\n\n\n\n<p>O Pacote do Veneno (PL 6299\/2002) foi aprovado na noite desta quarta-feira (09), em vota\u00e7\u00e3o remota, e j\u00e1 seguiu para aprecia\u00e7\u00e3o do Senado. Foram apenas quatro horas de debate entre a aprova\u00e7\u00e3o do pedido de urg\u00eancia e a aprecia\u00e7\u00e3o pelo plen\u00e1rio virtual.<\/p>\n\n\n\n<p>O projeto flexibiliza ainda mais o uso de agrot\u00f3xicos no Brasil, muitos deles cancer\u00edgenos, e concede mais poder ao Minist\u00e9rio da Agricultura e Pecu\u00e1ria (Mapa), ao mesmo tempo em que desautoriza a Ag\u00eancia Nacional de Vigil\u00e2ncia Sanit\u00e1ria (Anvisa) e o Instituto Brasileiro do Meio Ambiente e dos Recursos Naturais Renov\u00e1veis (Ibama).<\/p>\n\n\n\n<figure class=\"wp-block-image\"><img decoding=\"async\" src=\"https:\/\/i1.wp.com\/deolhonosruralistas.com.br\/wp-content\/uploads\/2022\/02\/img20220209165712389-768x512-1.jpg?resize=768%2C512&amp;ssl=1\" alt=\"\" class=\"wp-image-24240\"\/><figcaption>Plen\u00e1rio durante sess\u00e3o deliberativa. (Foto: Paulo Sergio\/C\u00e2mara)<\/figcaption><\/figure>\n\n\n\n<p>A base aliada a Bolsonaro e os membros da FPA disseram em seus discursos defender a \u201cmodernidade\u201d e a desburocratiza\u00e7\u00e3o. \u201cQueremos liberar a inje\u00e7\u00e3o eletr\u00f4nica e a esquerda diz que ela polui\u201d, comentou Alexis Fonteyne (Novo-SP). \u201cVamos voltar aos cavalos\u201d.<\/p>\n\n\n\n<p>Alguns chegaram a comparar o uso de agrot\u00f3xicos nas planta\u00e7\u00f5es com o uso de rem\u00e9dios e de vacinas. \u201cA diferen\u00e7a entre um veneno e um rem\u00e9dio \u00e9 a dose\u201d, afirmou Marcel van Hattem (Novo-RS). \u201cDaqui a pouco v\u00e3o dizer que aspirina \u00e9 veneno, que a vacina \u00e9 veneno\u201d. Curiosamente, em 2020, no auge da pandemia, o governo federal recusou&nbsp;<a href=\"https:\/\/www.brasildefato.com.br\/2021\/06\/07\/bolsonaro-recusou-vacina-da-pfizer-pela-metade-do-preco-pago-por-outros-paises\">vacina da Pfizer<\/a>&nbsp;pela metade do pre\u00e7o pago por Estados Unidos, Reino Unido e Uni\u00e3o Europeia.<\/p>\n\n\n\n<p>O relator da mat\u00e9ria, Luiz Nishimori (PL-PR), foi na mesma linha: \u201cOs pesticidas s\u00e3o rem\u00e9dios para as plantas e a salvaguarda nos plantios\u201d. Ele tem interesse direto na aprova\u00e7\u00e3o, uma vez que foi presidente da Mariagro Agr\u00edcola Ltda, hoje em nome de sua mulher, Akemi Nishimori. Outra empresa, a Nishimori Agr\u00edcola, est\u00e1 em nome de dois filhos. O Tribunal de Justi\u00e7a do Paran\u00e1 considerou, em 2015, que as empresas da fam\u00edlia pertencem ao mesmo grupo. \u201cEu peguei o Covid ontem. N\u00e3o queria ser medicado, mas precisei. A planta \u00e9 a mesma coisa\u201d, acrescentou.<\/p>\n\n\n\n<figure class=\"wp-block-image\"><img decoding=\"async\" src=\"https:\/\/i1.wp.com\/deolhonosruralistas.com.br\/wp-content\/uploads\/2022\/02\/img20220209165724588-768x512-1.jpg?resize=300%2C200&amp;ssl=1\" alt=\"\" class=\"wp-image-24241\"\/><figcaption>Relator do PL, Nishimori tem interesse direto na aprova\u00e7\u00e3o. (Foto: Paulo Sergio\/C\u00e2mara)<\/figcaption><\/figure>\n\n\n\n<p>As posi\u00e7\u00f5es dos ruralistas e de seus aliados v\u00e3o na contram\u00e3o de dezenas de institui\u00e7\u00f5es cient\u00edficas, de \u00f3rg\u00e3os t\u00e9cnicos, de representantes do sistema de sa\u00fade e de organiza\u00e7\u00f5es da sociedade civil, que se posicionaram contra o PL. Entre eles est\u00e3o a pr\u00f3pria Avisa, a Funda\u00e7\u00e3o Oswaldo Cruz (Fiocruz), o Instituto Nacional do C\u00e2ncer (Inca), a Organiza\u00e7\u00e3o das Na\u00e7\u00f5es Unidas (ONU), a Defensoria P\u00fablica da Uni\u00e3o e o Minist\u00e9rio P\u00fablico Federal e do Trabalho.<\/p>\n\n\n\n<p>\u201cFicou evidente quem eram os interessados na aprova\u00e7\u00e3o\u201d, discursou Nilto Tatto (PT-SP). \u201cO deputado Nishimori sabe muito bem que s\u00e3o as grandes corpora\u00e7\u00f5es, os latif\u00fandios\u201d. O petista lembrou que durante a gest\u00e3o Bolsonaro mais de 1.500 agrot\u00f3xicos foram liberados. \u201cE o custo para a produ\u00e7\u00e3o na agricultura continua aumentando\u201d.Para Erika Kokay (PT-DF), quem define a defesa do ambiente como atraso est\u00e1 no obscurantismo. \u201c\u00c9 gente que s\u00f3 pensa nos interesses imediatos, no tilintar das moedas\u201d, opinou. \u201cDizem que queremos a carro\u00e7a, e n\u00e3o o carro, mas n\u00e3o. N\u00f3s queremos um carro que n\u00e3o polua. Queremos o avan\u00e7o da tecnologia para que ela n\u00e3o se contraponha \u00e0 vida. N\u00e3o queremos o alimento com veneno\u201d.<\/p>\n\n\n\n<p>|&nbsp;<a href=\"https:\/\/twitter.com\/marifrancoramos\">Mariana Franco Ramos<\/a>&nbsp;\u00e9 rep\u00f3rter do De Olho nos Ruralistas. |<\/p>\n\n\n\n<p><em>Foto principal (Greenpeace): C\u00e2mara decidiu flexibilizar ainda mais o uso de agrot\u00f3xicos no pa\u00eds<br><\/em><br><\/p>\n","protected":false},"excerpt":{"rendered":"<p>Portaria de Bolsonaro enumerou metas legislativas para 2022; depois de aprovar ontem o PL do Veneno, C\u00e2mara deve votar com urg\u00eancia outras pautas de destrui\u00e7\u00e3o do ambiente e que atacam direitos dos povos do campo, como a minera\u00e7\u00e3o em terras ind\u00edgenas<\/p>\n","protected":false},"author":1,"featured_media":0,"comment_status":"closed","ping_status":"open","sticky":false,"template":"","format":"standard","meta":{"_exactmetrics_skip_tracking":false,"_exactmetrics_sitenote_active":false,"_exactmetrics_sitenote_note":"","_exactmetrics_sitenote_category":0,"jetpack_post_was_ever_published":false,"_jetpack_newsletter_access":"","_jetpack_dont_email_post_to_subs":false,"_jetpack_newsletter_tier_id":0,"_jetpack_memberships_contains_paywalled_content":false,"_jetpack_memberships_contains_paid_content":false,"footnotes":"","jetpack_publicize_message":"","jetpack_publicize_feature_enabled":true,"jetpack_social_post_already_shared":true,"jetpack_social_options":{"image_generator_settings":{"template":"highway","enabled":false},"version":2}},"categories":[1],"tags":[],"class_list":["post-33283","post","type-post","status-publish","format-standard","hentry","category-notas"],"jetpack_publicize_connections":[],"jetpack_sharing_enabled":true,"jetpack_featured_media_url":"","jetpack_shortlink":"https:\/\/wp.me\/p7wKYW-8EP","jetpack-related-posts":[],"_links":{"self":[{"href":"http:\/\/blogdalucianaoliveira.com.br\/blog\/wp-json\/wp\/v2\/posts\/33283","targetHints":{"allow":["GET"]}}],"collection":[{"href":"http:\/\/blogdalucianaoliveira.com.br\/blog\/wp-json\/wp\/v2\/posts"}],"about":[{"href":"http:\/\/blogdalucianaoliveira.com.br\/blog\/wp-json\/wp\/v2\/types\/post"}],"author":[{"embeddable":true,"href":"http:\/\/blogdalucianaoliveira.com.br\/blog\/wp-json\/wp\/v2\/users\/1"}],"replies":[{"embeddable":true,"href":"http:\/\/blogdalucianaoliveira.com.br\/blog\/wp-json\/wp\/v2\/comments?post=33283"}],"version-history":[{"count":1,"href":"http:\/\/blogdalucianaoliveira.com.br\/blog\/wp-json\/wp\/v2\/posts\/33283\/revisions"}],"predecessor-version":[{"id":33284,"href":"http:\/\/blogdalucianaoliveira.com.br\/blog\/wp-json\/wp\/v2\/posts\/33283\/revisions\/33284"}],"wp:attachment":[{"href":"http:\/\/blogdalucianaoliveira.com.br\/blog\/wp-json\/wp\/v2\/media?parent=33283"}],"wp:term":[{"taxonomy":"category","embeddable":true,"href":"http:\/\/blogdalucianaoliveira.com.br\/blog\/wp-json\/wp\/v2\/categories?post=33283"},{"taxonomy":"post_tag","embeddable":true,"href":"http:\/\/blogdalucianaoliveira.com.br\/blog\/wp-json\/wp\/v2\/tags?post=33283"}],"curies":[{"name":"wp","href":"https:\/\/api.w.org\/{rel}","templated":true}]}}