{"id":33287,"date":"2022-02-14T16:07:15","date_gmt":"2022-02-14T20:07:15","guid":{"rendered":"http:\/\/blogdalucianaoliveira.com.br\/blog\/?p=33287"},"modified":"2022-02-14T16:07:20","modified_gmt":"2022-02-14T20:07:20","slug":"mineracao-artesanal-decreto-de-bolsonaro-estimula-garimpo-na-amazonia-para-atender-empresarios","status":"publish","type":"post","link":"http:\/\/blogdalucianaoliveira.com.br\/blog\/2022\/02\/14\/mineracao-artesanal-decreto-de-bolsonaro-estimula-garimpo-na-amazonia-para-atender-empresarios\/","title":{"rendered":"Minera\u00e7\u00e3o artesanal: decreto de Bolsonaro estimula garimpo na Amaz\u00f4nia para atender empres\u00e1rios"},"content":{"rendered":"\n<figure class=\"wp-block-image size-large\"><img data-recalc-dims=\"1\" loading=\"lazy\" decoding=\"async\" width=\"600\" height=\"450\" data-attachment-id=\"33288\" data-permalink=\"http:\/\/blogdalucianaoliveira.com.br\/blog\/2022\/02\/14\/mineracao-artesanal-decreto-de-bolsonaro-estimula-garimpo-na-amazonia-para-atender-empresarios\/13d0dedc-597d-470e-a707-27c687807378\/\" data-orig-file=\"https:\/\/i0.wp.com\/blogdalucianaoliveira.com.br\/blog\/wp-content\/uploads\/2022\/02\/13D0DEDC-597D-470E-A707-27C687807378.jpeg?fit=800%2C600\" data-orig-size=\"800,600\" data-comments-opened=\"0\" data-image-meta=\"{&quot;aperture&quot;:&quot;6.3&quot;,&quot;credit&quot;:&quot;&quot;,&quot;camera&quot;:&quot;DSC-H9&quot;,&quot;caption&quot;:&quot;&quot;,&quot;created_timestamp&quot;:&quot;1234973178&quot;,&quot;copyright&quot;:&quot;&quot;,&quot;focal_length&quot;:&quot;17.4&quot;,&quot;iso&quot;:&quot;100&quot;,&quot;shutter_speed&quot;:&quot;0.001&quot;,&quot;title&quot;:&quot;&quot;,&quot;orientation&quot;:&quot;1&quot;}\" data-image-title=\"13D0DEDC-597D-470E-A707-27C687807378\" data-image-description=\"\" data-image-caption=\"\" data-medium-file=\"https:\/\/i0.wp.com\/blogdalucianaoliveira.com.br\/blog\/wp-content\/uploads\/2022\/02\/13D0DEDC-597D-470E-A707-27C687807378.jpeg?fit=300%2C225\" data-large-file=\"https:\/\/i0.wp.com\/blogdalucianaoliveira.com.br\/blog\/wp-content\/uploads\/2022\/02\/13D0DEDC-597D-470E-A707-27C687807378.jpeg?fit=600%2C450\" src=\"https:\/\/i0.wp.com\/blogdalucianaoliveira.com.br\/blog\/wp-content\/uploads\/2022\/02\/13D0DEDC-597D-470E-A707-27C687807378.jpeg?resize=600%2C450\" alt=\"\" class=\"wp-image-33288\" srcset=\"https:\/\/i0.wp.com\/blogdalucianaoliveira.com.br\/blog\/wp-content\/uploads\/2022\/02\/13D0DEDC-597D-470E-A707-27C687807378.jpeg?w=800 800w, https:\/\/i0.wp.com\/blogdalucianaoliveira.com.br\/blog\/wp-content\/uploads\/2022\/02\/13D0DEDC-597D-470E-A707-27C687807378.jpeg?resize=300%2C225 300w, https:\/\/i0.wp.com\/blogdalucianaoliveira.com.br\/blog\/wp-content\/uploads\/2022\/02\/13D0DEDC-597D-470E-A707-27C687807378.jpeg?resize=768%2C576 768w, https:\/\/i0.wp.com\/blogdalucianaoliveira.com.br\/blog\/wp-content\/uploads\/2022\/02\/13D0DEDC-597D-470E-A707-27C687807378.jpeg?resize=400%2C300 400w\" sizes=\"auto, (max-width: 600px) 100vw, 600px\" \/><\/figure>\n\n\n\n<h4 class=\"wp-block-heading\">Medida \u00e9 ataque ao meio ambiente e facilita trabalho escravo, diz Movimento Pela Soberania Popular na Minera\u00e7\u00e3o<\/h4>\n\n\n\n<!--more-->\n\n\n\n<p>Paulo Motoryn &#8211; Brasil de Fato | Bras\u00edlia (DF) |<\/p>\n\n\n\n<p>Um decreto assinado pelo presidente Jair Bolsonaro (PL) que determina o&nbsp;est\u00edmulo \u00e0 &#8220;minera\u00e7\u00e3o artesanal&#8221;&nbsp;na&nbsp;Amaz\u00f4nia Legal representa um ataque ao meio ambiente&nbsp;e deve aprofundar as condi\u00e7\u00f5es an\u00e1logas \u00e0 escravid\u00e3o vivenciadas por garimpeiros na regi\u00e3o. A constata\u00e7\u00e3o \u00e9 de entidades e movimentos populares que atuam no tema da minera\u00e7\u00e3o, que criticam ainda o&nbsp;<em>lobby<\/em>&nbsp;de empres\u00e1rios&nbsp;junto ao governo federal.<\/p>\n\n\n\n<p>Publicada no&nbsp;Di\u00e1rio Oficial da Uni\u00e3o (DOU), nesta segunda-feira (14), a medida&nbsp;explica que a &#8220;minera\u00e7\u00e3o artesanal e em pequena escala&#8221; representa a &#8220;extra\u00e7\u00e3o de subst\u00e2ncias minerais garimp\u00e1veis&#8221;.<\/p>\n\n\n\n<p>O decreto tamb\u00e9m cria a Comiss\u00e3o Interministerial para o Desenvolvimento da Minera\u00e7\u00e3o Artesanal e em Pequena Escala (Comape), composta por representantes do pr\u00f3prio governo e sob coordena\u00e7\u00e3o do Minist\u00e9rio de Minas e Energia.\u00a0<a rel=\"noreferrer noopener\" href=\"https:\/\/cdn.brasildefato.com.br\/documents\/d73f760f96aaa2ec93e02c2d62b8cc06.pdf\" target=\"_blank\">Clique aqui<\/a>\u00a0e leia a \u00edntegra do documento.<\/p>\n\n\n\n<p>O&nbsp;<strong>Brasil de Fato<\/strong>&nbsp;conversou com&nbsp;Isabel Cristina, integrante da coordena\u00e7\u00e3o nacional do&nbsp;<a href=\"https:\/\/www.mamnacional.org.br\/\" target=\"_blank\" rel=\"noreferrer noopener\">Movimento Pela Soberania Popular na Minera\u00e7\u00e3o (MAM)<\/a>&nbsp;e membro do Coletivo Baixo Amazonas\/Tapaj\u00f3s.<\/p>\n\n\n\n<p>Segundo ela, &#8220;o decreto atende apenas os interesses do atual governo e, em particular, dos empres\u00e1rios que est\u00e3o financiando o garimpo ilegal aqui na regi\u00e3o amaz\u00f4nica&#8221;.<\/p>\n\n\n\n<p>Moradora da regi\u00e3o, a integrante do MAM questionou o interesse por tr\u00e1s da prioridade&nbsp;estabelecida \u00e0 atividade justamente na Amaz\u00f4nia: &#8220;No artigo 10, o decreto prioriza a explora\u00e7\u00e3o mineral apenas na regi\u00e3o amaz\u00f4nica. Ou seja, na Amaz\u00f4nia Legal. Qual \u00e9 o interesse do governo em rela\u00e7\u00e3o isso? Simplesmente, oficializar a explora\u00e7\u00e3o que j\u00e1 est\u00e1 acontecendo ilegalmente&#8221;.<\/p>\n\n\n\n<p><strong>Leia mais:&nbsp;<a href=\"https:\/\/www.brasildefato.com.br\/2022\/02\/09\/indigenas-denunciam-avanco-do-garimpo-em-territorio-yanomami-bebida-conflitos-e-mortes\" target=\"_blank\" rel=\"noreferrer noopener\">Ind\u00edgenas denunciam avan\u00e7o do garimpo em territ\u00f3rio Yanomami: &#8220;bebida, conflitos e mortes&#8221;<\/a>&nbsp;::<\/strong><\/p>\n\n\n\n<p>Isabel Cristina aponta ainda que a medida serve tamb\u00e9m para &#8220;oficializar o trabalho escravo e a explora\u00e7\u00e3o do trabalho dessas pessoas, que est\u00e3o necessitadas, e que veem o garimpo como uma alternativa de sobreviv\u00eancia&#8221;.<\/p>\n\n\n\n<p>Sem incentivos para permanecer na agricultura, integrantes pobres de comunidades ribeirinhas v\u00eam abandonando o ro\u00e7ado para se dedicar ao garimpo, que oferece alta e r\u00e1pida lucratividade, enquanto produz&nbsp;<a href=\"https:\/\/www.brasildefato.com.br\/2021\/12\/01\/sai-garimpo-fica-o-mercurio-saiba-quais-as-consequencias-para-o-meio-ambiente-no-rio-madeira\" target=\"_blank\" rel=\"noreferrer noopener\">graves danos socioambientais<\/a>&nbsp;e acentua a hist\u00f3rica desigualdade social na regi\u00e3o.<\/p>\n\n\n\n<p>Na vis\u00e3o do MAM, o decreto exclui as comunidades e popula\u00e7\u00f5es afetadas pelo garimpo e pela minera\u00e7\u00e3o ao determinar que &#8220;poder\u00e3o ser convidados representantes de entidades p\u00fablicas ou de outras institui\u00e7\u00f5es para participar das reuni\u00f5es, mas sem direito a voto nas decis\u00f5es&#8221;.<\/p>\n\n\n\n<p><a href=\"https:\/\/www.brasildefato.com.br\/2022\/01\/29\/lama-do-garimpo-no-caribe-amazonico-pode-matar-rio-que-sustenta-indigenas-e-ribeirinhos\" target=\"_blank\" rel=\"noreferrer noopener\"><strong>::&nbsp;Lama do garimpo no &#8220;Caribe Amaz\u00f4nico&#8221; pode matar rio que sustenta ind\u00edgenas e ribeirinhos ::<\/strong><\/a><\/p>\n\n\n\n<p>&#8220;Isso serve para fragilizar ainda mais as lutas comunit\u00e1rias, as lutas dos territ\u00f3rios, ou seja, colocando os ind\u00edgenas contra os pr\u00f3prios ind\u00edgenas, os quilombolas contra os pr\u00f3prios quilombolas e as comunidades tradicionais contra as pr\u00f3prias comunidades tradicionais. \u00c9 um sinal de alerta muito grande. Tempos&nbsp;que aprender e, principalmente, fortalecer as organiza\u00e7\u00f5es populares de base para enfrentar a organicidade do agromin\u00e9rio&#8221;, afirma.<\/p>\n\n\n\n<p>O garimpo na Amaz\u00f4nia<\/p>\n\n\n\n<p>A explos\u00e3o da<a href=\"http:\/\/xn--em%20carta%20aberta%2C%20entidades%20alertam%20sobre%20os%20perigos%20do%20novo%20cdigo%20da%20minerao-ioi92bl5b\/\" target=\"_blank\" rel=\"noreferrer noopener\">&nbsp;minera\u00e7\u00e3o ilegal&nbsp;<\/a>na bacia do Rio Madeira, na Amaz\u00f4nia, ganhou aten\u00e7\u00e3o no ano passado e&nbsp;foi detectada&nbsp;em estat\u00edsticas por um levantamento do Mapbiomas. Segundo a organiza\u00e7\u00e3o, a \u00e1rea atingida mais do que dobrou entre os anos de 2007 e 2020, saltando de 37,5 para 96,6 quil\u00f4metros quadrados, o equivalente a todo o per\u00edmetro urbano de S\u00e3o Bernardo do Campo, cidade na regi\u00e3o metropolitana de S\u00e3o Paulo.&nbsp;<\/p>\n\n\n\n<p><strong>Leia tamb\u00e9m<\/strong><a href=\"https:\/\/www.brasildefato.com.br\/2021\/12\/13\/mercurio-do-garimpo-contamina-peixes-dentro-e-fora-da-amazonia\" target=\"_blank\" rel=\"noreferrer noopener\"><strong>:&nbsp;Merc\u00fario do garimpo contamina peixes dentro e fora da Amaz\u00f4nia ::<\/strong><\/a><\/p>\n\n\n\n<p>\u201cA conserva\u00e7\u00e3o da Amaz\u00f4nia \u00e9 um elemento central quando falamos sobre os esfor\u00e7os globais para conter a crise clim\u00e1tica e da biodiversidade. A extra\u00e7\u00e3o do ouro causa s\u00e9rios impactos no ecossistema e certamente est\u00e1 aprofundando a crise ecol\u00f3gica do bioma\u201d, afirma Carolina Mar\u00e7al, porta-voz da campanha Amaz\u00f4nia do Greenpeace, em&nbsp;<a href=\"https:\/\/www.brasildefato.com.br\/2021\/12\/02\/como-o-garimpo-ilegal-dominou-o-rio-madeira-e-por-que-e-tao-dificil-acabar-com-ele\" target=\"_blank\" rel=\"noreferrer noopener\">reportagem publicada pelo&nbsp;<strong>Brasil de Fato<\/strong>&nbsp;em dezembro<\/a>.<\/p>\n\n\n\n<p>Edi\u00e7\u00e3o: Rebeca Cavalcante<\/p>\n","protected":false},"excerpt":{"rendered":"<p>Medida \u00e9 ataque ao meio ambiente e facilita trabalho escravo, diz Movimento Pela Soberania Popular na Minera\u00e7\u00e3o<\/p>\n","protected":false},"author":1,"featured_media":0,"comment_status":"closed","ping_status":"open","sticky":false,"template":"","format":"standard","meta":{"_exactmetrics_skip_tracking":false,"_exactmetrics_sitenote_active":false,"_exactmetrics_sitenote_note":"","_exactmetrics_sitenote_category":0,"jetpack_post_was_ever_published":false,"_jetpack_newsletter_access":"","_jetpack_dont_email_post_to_subs":false,"_jetpack_newsletter_tier_id":0,"_jetpack_memberships_contains_paywalled_content":false,"_jetpack_memberships_contains_paid_content":false,"footnotes":"","jetpack_publicize_message":"","jetpack_publicize_feature_enabled":true,"jetpack_social_post_already_shared":true,"jetpack_social_options":{"image_generator_settings":{"template":"highway","enabled":false},"version":2}},"categories":[1],"tags":[],"class_list":["post-33287","post","type-post","status-publish","format-standard","hentry","category-notas"],"jetpack_publicize_connections":[],"jetpack_sharing_enabled":true,"jetpack_featured_media_url":"","jetpack_shortlink":"https:\/\/wp.me\/p7wKYW-8ET","jetpack-related-posts":[],"_links":{"self":[{"href":"http:\/\/blogdalucianaoliveira.com.br\/blog\/wp-json\/wp\/v2\/posts\/33287","targetHints":{"allow":["GET"]}}],"collection":[{"href":"http:\/\/blogdalucianaoliveira.com.br\/blog\/wp-json\/wp\/v2\/posts"}],"about":[{"href":"http:\/\/blogdalucianaoliveira.com.br\/blog\/wp-json\/wp\/v2\/types\/post"}],"author":[{"embeddable":true,"href":"http:\/\/blogdalucianaoliveira.com.br\/blog\/wp-json\/wp\/v2\/users\/1"}],"replies":[{"embeddable":true,"href":"http:\/\/blogdalucianaoliveira.com.br\/blog\/wp-json\/wp\/v2\/comments?post=33287"}],"version-history":[{"count":1,"href":"http:\/\/blogdalucianaoliveira.com.br\/blog\/wp-json\/wp\/v2\/posts\/33287\/revisions"}],"predecessor-version":[{"id":33289,"href":"http:\/\/blogdalucianaoliveira.com.br\/blog\/wp-json\/wp\/v2\/posts\/33287\/revisions\/33289"}],"wp:attachment":[{"href":"http:\/\/blogdalucianaoliveira.com.br\/blog\/wp-json\/wp\/v2\/media?parent=33287"}],"wp:term":[{"taxonomy":"category","embeddable":true,"href":"http:\/\/blogdalucianaoliveira.com.br\/blog\/wp-json\/wp\/v2\/categories?post=33287"},{"taxonomy":"post_tag","embeddable":true,"href":"http:\/\/blogdalucianaoliveira.com.br\/blog\/wp-json\/wp\/v2\/tags?post=33287"}],"curies":[{"name":"wp","href":"https:\/\/api.w.org\/{rel}","templated":true}]}}