{"id":33300,"date":"2022-02-16T16:15:23","date_gmt":"2022-02-16T20:15:23","guid":{"rendered":"http:\/\/blogdalucianaoliveira.com.br\/blog\/?p=33300"},"modified":"2022-02-16T16:15:27","modified_gmt":"2022-02-16T20:15:27","slug":"unidos-e-intoxicados-perderemos-por-carol-proner","status":"publish","type":"post","link":"http:\/\/blogdalucianaoliveira.com.br\/blog\/2022\/02\/16\/unidos-e-intoxicados-perderemos-por-carol-proner\/","title":{"rendered":"Unidos e intoxicados, perderemos. Por Carol Proner"},"content":{"rendered":"\n<figure class=\"wp-block-image\"><img data-recalc-dims=\"1\" decoding=\"async\" src=\"https:\/\/i0.wp.com\/www.diariodocentrodomundo.com.br\/wp-content\/uploads\/2021\/08\/agricultura.jpg?w=600&#038;ssl=1\" alt=\"Agricultura\"\/><\/figure>\n\n\n\n<p>Estamos ainda em meados de fevereiro de um ano eleitoral que promete estabelecer uma clivagem, um marco entre o antes e o depois dado o potencial do que ficar\u00e1 para tr\u00e1s nesse Brasil infernal e do que poder\u00e1 ser reconstru\u00eddo.<\/p>\n\n\n\n<!--more-->\n\n\n\n<p>E mesmo com meses at\u00e9 as elei\u00e7\u00f5es, dois entendimentos de unidade ganham for\u00e7a: o de que Bolsonaro deve ser derrotado seja como for e o de que Lula deve ser eleito logo no primeiro turno.<br><\/p>\n\n\n\n<p>Chamou a a aten\u00e7\u00e3o um recente manifesto unindo intelectuais, artistas e pol\u00edticos n\u00e3o petistas defendendo a vit\u00f3ria do ex-Presidente em um \u00fanico turno, um \u201cManifesto pelo Brasil\u201d, como diz o chamamento, contra o abismo, contra o negacionismo e a favor da normaliza\u00e7\u00e3o institucional e democr\u00e1tica do pa\u00eds.<\/p>\n\n\n\n<p>Quem diria que isso poderia acontecer h\u00e1 dois anos, quando ainda prevalecia a farsa da Lava Jato e Lula era visto como o inimigo numero 01 a ser combatido.<\/p>\n\n\n\n<p>E por falar em farsas e golpes, h\u00e1 duas vari\u00e1veis que praticamente n\u00e3o se alteraram desde 2016: uma tragic\u00f4mica, o desempenho med\u00edocre de S\u00e9rgio Moro que, mesmo pulando de galho em ganho entre profiss\u00f5es e apoiadores, constrange aliados e provoca risos de advers\u00e1rios sempre que se manifesta. E outra mais perigosa, a vari\u00e1vel \u201cCentr\u00e3o\u201d que, como um camale\u00e3o, atravessa inc\u00f3lume as crises institucionais.<\/p>\n\n\n\n<p>S\u00e9rgio Moro, como se v\u00ea, n\u00e3o decola, n\u00e3o convence, n\u00e3o arbitra mais nada e est\u00e1 em franca desintegra\u00e7\u00e3o como presidenci\u00e1vel: de ex-juiz, passando por ex-ministro e ex-advogado, logo ser\u00e1 ex-pr\u00e9-canditato.<\/p>\n\n\n\n<p>J\u00e1 o Centr\u00e3o, essa massa amorfa de interesses antinacionais, aproveitando-se do alheamento provocado pelos ajustes eleitorais deste in\u00edcio de ano, permanece firme na articula\u00e7\u00e3o de pautas daninhas aos interesses da sociedade, como se pode comprovar com a recente aprova\u00e7\u00e3o, na C\u00e2mara dos Deputados, do chamado Pacote do Veneno (PL 6299\/2002).<\/p>\n\n\n\n<p>Muitas pautas s\u00e3o agressivas e violentas, mas este conjunto de mudan\u00e7as legislativas na \u00e1rea agroambiental e de sa\u00fade \u00e9 espantoso. Nos \u00faltimos 3 anos, o Governo Bolsonaro liberou 1500 novos agrot\u00f3xicos e concedeu isen\u00e7\u00e3o de mais de 14 bilh\u00f5es de reais para o setor do agroneg\u00f3cio.<\/p>\n\n\n\n<p>O apelidado \u201cPacote do Veneno\u201d aprovado na C\u00e2mara por 305 votos contra 150, \u00e9 a cartada final e agora segue para o Senado. O projeto escamotei a palavra \u201cagrot\u00f3xico\u201d, substituindo-a por \u201cpesticida\u201d e elimina o poder de veto da Anvisa e do Ibama no controle dos qu\u00edmicos, atribuindo ao Minist\u00e9rio da Agricultura a palavra final para a aprova\u00e7\u00e3o das subst\u00e2ncias.<\/p>\n\n\n\n<p>O Brasil \u00e9 o maior consumidor de agrot\u00f3xicos do mundo e os efeitos para a sa\u00fade s\u00e3o diretamente proporcionais, como demonstram os cada vez mais frequentes casos de intoxica\u00e7\u00f5es cr\u00f4nicas, infertilidade, impot\u00eancia, abortos, malforma\u00e7\u00f5es, doen\u00e7as provocadas pela desregula\u00e7\u00e3o hormonal, isso sem falar nas doen\u00e7as neurop\u00e1ticas e nas cancer\u00edgenas. Alguns venenos liberados nos \u00faltimos anos j\u00e1 haviam sido proibidos pela ANVISA, como \u00e9 o caso do herbicida Paraquat que, mesmo associado \u00e0 doen\u00e7a de Parkinson, teve seu uso reavaliado e liberado.<\/p>\n\n\n\n<p>S\u00e3o muitos detalhes venenosos que esse PL apresenta e lamentavelmente, na distra\u00e7\u00e3o da pauta eleitoral, vamos sendo intoxicados quando respiramos, quando bebemos \u00e1gua ou comemos qualquer alimento e quando fazemos pol\u00edtica pensando num futuro que est\u00e1 sendo definido agora, com a aprova\u00e7\u00e3o do Pacote do Veneno e de outros projetos legislativos que destroem a capacidade soberana da vida em sociedade.<\/p>\n","protected":false},"excerpt":{"rendered":"<p>Estamos ainda em meados de fevereiro de um ano eleitoral que promete estabelecer uma clivagem, um marco entre o antes e o depois dado o potencial do que ficar\u00e1 para tr\u00e1s nesse Brasil infernal e do que poder\u00e1 ser reconstru\u00eddo.<\/p>\n","protected":false},"author":1,"featured_media":0,"comment_status":"closed","ping_status":"open","sticky":false,"template":"","format":"standard","meta":{"_exactmetrics_skip_tracking":false,"_exactmetrics_sitenote_active":false,"_exactmetrics_sitenote_note":"","_exactmetrics_sitenote_category":0,"jetpack_post_was_ever_published":false,"_jetpack_newsletter_access":"","_jetpack_dont_email_post_to_subs":false,"_jetpack_newsletter_tier_id":0,"_jetpack_memberships_contains_paywalled_content":false,"_jetpack_memberships_contains_paid_content":false,"footnotes":"","jetpack_publicize_message":"","jetpack_publicize_feature_enabled":true,"jetpack_social_post_already_shared":true,"jetpack_social_options":{"image_generator_settings":{"template":"highway","enabled":false},"version":2}},"categories":[1],"tags":[],"class_list":["post-33300","post","type-post","status-publish","format-standard","hentry","category-notas"],"jetpack_publicize_connections":[],"jetpack_sharing_enabled":true,"jetpack_featured_media_url":"","jetpack_shortlink":"https:\/\/wp.me\/p7wKYW-8F6","jetpack-related-posts":[],"_links":{"self":[{"href":"http:\/\/blogdalucianaoliveira.com.br\/blog\/wp-json\/wp\/v2\/posts\/33300","targetHints":{"allow":["GET"]}}],"collection":[{"href":"http:\/\/blogdalucianaoliveira.com.br\/blog\/wp-json\/wp\/v2\/posts"}],"about":[{"href":"http:\/\/blogdalucianaoliveira.com.br\/blog\/wp-json\/wp\/v2\/types\/post"}],"author":[{"embeddable":true,"href":"http:\/\/blogdalucianaoliveira.com.br\/blog\/wp-json\/wp\/v2\/users\/1"}],"replies":[{"embeddable":true,"href":"http:\/\/blogdalucianaoliveira.com.br\/blog\/wp-json\/wp\/v2\/comments?post=33300"}],"version-history":[{"count":1,"href":"http:\/\/blogdalucianaoliveira.com.br\/blog\/wp-json\/wp\/v2\/posts\/33300\/revisions"}],"predecessor-version":[{"id":33301,"href":"http:\/\/blogdalucianaoliveira.com.br\/blog\/wp-json\/wp\/v2\/posts\/33300\/revisions\/33301"}],"wp:attachment":[{"href":"http:\/\/blogdalucianaoliveira.com.br\/blog\/wp-json\/wp\/v2\/media?parent=33300"}],"wp:term":[{"taxonomy":"category","embeddable":true,"href":"http:\/\/blogdalucianaoliveira.com.br\/blog\/wp-json\/wp\/v2\/categories?post=33300"},{"taxonomy":"post_tag","embeddable":true,"href":"http:\/\/blogdalucianaoliveira.com.br\/blog\/wp-json\/wp\/v2\/tags?post=33300"}],"curies":[{"name":"wp","href":"https:\/\/api.w.org\/{rel}","templated":true}]}}