{"id":33309,"date":"2022-02-18T11:07:41","date_gmt":"2022-02-18T15:07:41","guid":{"rendered":"http:\/\/blogdalucianaoliveira.com.br\/blog\/?p=33309"},"modified":"2022-02-18T11:12:10","modified_gmt":"2022-02-18T15:12:10","slug":"antonio-candido-lanca-romance-sobre-a-formacao-dos-quilombos-do-vale-do-guapore","status":"publish","type":"post","link":"http:\/\/blogdalucianaoliveira.com.br\/blog\/2022\/02\/18\/antonio-candido-lanca-romance-sobre-a-formacao-dos-quilombos-do-vale-do-guapore\/","title":{"rendered":"Ant\u00f4nio C\u00e2ndido lan\u00e7a romance sobre a forma\u00e7\u00e3o dos quilombos do Vale do Guapor\u00e9"},"content":{"rendered":"\n<figure class=\"wp-block-image size-large\"><img loading=\"lazy\" decoding=\"async\" width=\"1280\" height=\"1280\" data-attachment-id=\"33310\" data-permalink=\"http:\/\/blogdalucianaoliveira.com.br\/blog\/2022\/02\/18\/antonio-candido-lanca-romance-sobre-a-formacao-dos-quilombos-do-vale-do-guapore\/whatsapp-image-2022-02-18-at-08-50-19\/\" data-orig-file=\"https:\/\/i0.wp.com\/blogdalucianaoliveira.com.br\/blog\/wp-content\/uploads\/2022\/02\/WhatsApp-Image-2022-02-18-at-08.50.19.jpeg?fit=1280%2C1280\" data-orig-size=\"1280,1280\" data-comments-opened=\"0\" data-image-meta=\"{&quot;aperture&quot;:&quot;0&quot;,&quot;credit&quot;:&quot;&quot;,&quot;camera&quot;:&quot;&quot;,&quot;caption&quot;:&quot;&quot;,&quot;created_timestamp&quot;:&quot;0&quot;,&quot;copyright&quot;:&quot;&quot;,&quot;focal_length&quot;:&quot;0&quot;,&quot;iso&quot;:&quot;0&quot;,&quot;shutter_speed&quot;:&quot;0&quot;,&quot;title&quot;:&quot;&quot;,&quot;orientation&quot;:&quot;0&quot;}\" data-image-title=\"WhatsApp-Image-2022-02-18-at-08.50.19\" data-image-description=\"\" data-image-caption=\"\" data-medium-file=\"https:\/\/i0.wp.com\/blogdalucianaoliveira.com.br\/blog\/wp-content\/uploads\/2022\/02\/WhatsApp-Image-2022-02-18-at-08.50.19.jpeg?fit=300%2C300\" data-large-file=\"https:\/\/i0.wp.com\/blogdalucianaoliveira.com.br\/blog\/wp-content\/uploads\/2022\/02\/WhatsApp-Image-2022-02-18-at-08.50.19.jpeg?fit=600%2C600\" src=\"https:\/\/i0.wp.com\/blogdalucianaoliveira.com.br\/blog\/wp-content\/uploads\/2022\/02\/WhatsApp-Image-2022-02-18-at-08.50.19.jpeg?fit=600%2C600&amp;ssl=1\" alt=\"\" class=\"wp-image-33310\" srcset=\"https:\/\/i0.wp.com\/blogdalucianaoliveira.com.br\/blog\/wp-content\/uploads\/2022\/02\/WhatsApp-Image-2022-02-18-at-08.50.19.jpeg?w=1280 1280w, https:\/\/i0.wp.com\/blogdalucianaoliveira.com.br\/blog\/wp-content\/uploads\/2022\/02\/WhatsApp-Image-2022-02-18-at-08.50.19.jpeg?resize=300%2C300 300w, https:\/\/i0.wp.com\/blogdalucianaoliveira.com.br\/blog\/wp-content\/uploads\/2022\/02\/WhatsApp-Image-2022-02-18-at-08.50.19.jpeg?resize=1024%2C1024 1024w, https:\/\/i0.wp.com\/blogdalucianaoliveira.com.br\/blog\/wp-content\/uploads\/2022\/02\/WhatsApp-Image-2022-02-18-at-08.50.19.jpeg?resize=150%2C150 150w, https:\/\/i0.wp.com\/blogdalucianaoliveira.com.br\/blog\/wp-content\/uploads\/2022\/02\/WhatsApp-Image-2022-02-18-at-08.50.19.jpeg?resize=768%2C768 768w, https:\/\/i0.wp.com\/blogdalucianaoliveira.com.br\/blog\/wp-content\/uploads\/2022\/02\/WhatsApp-Image-2022-02-18-at-08.50.19.jpeg?w=1200 1200w\" sizes=\"auto, (max-width: 600px) 100vw, 600px\" \/><\/figure>\n\n\n\n<p>Ser\u00e1 neste s\u00e1bado, 19, em formato virtual, o lan\u00e7amento da obra de fic\u00e7\u00e3o &#8220;Na curva que o rio faz&#8221;, o sexto do escritor regional Ant\u00f4nio C\u00e2ndido da Silva.<\/p>\n\n\n\n<p>Ele foi contemplados com projeto fomentado com recursos da LEI 14.017\/2020 &#8211; LEI ALDIR BLANC, por meio da Prefeitura do Munic\u00edpio de Porto Velho &#8211; Funcultural.<\/p>\n\n\n\n<!--more-->\n\n\n\n<p>O autor \u00e9 Licenciado em Letras e  Mestre em Hist\u00f3ria e Estudos Culturais pela Universidade Federal de Rond\u00f4nia \u2013 UNIR, Membro da Uni\u00e3o Brasileira dos Escritores- UBE-RO e Membro da Academia de Letras de Rond\u00f4nia.<\/p>\n\n\n\n<p>S\u00e3o dele as obras: Marcas do Tempo \u2013 Poesias;  Madeira-Mamor\u00e9 \u2013 O Vag\u00e3o dos Esquecidos \u2013 Epop\u00e9ia; Enganos da Nossa Hist\u00f3ria \u2013 Hist\u00f3ria Regional;  Diaru\u00ed &#8211; Romance; Vila Amaz\u00f4nia \u2013 Os koutakusseis &#8211; Romance.<\/p>\n\n\n\n<p>\u00c9 tamb\u00e9m autor da bandeira e do bras\u00e3o do munic\u00edpio de Porto Velho; da bandeira e hino do munic\u00edpio de Costa Marques e dos hinos dos munic\u00edpios de Jaru e Cerejeiras.<br> <\/p>\n\n\n\n<figure class=\"wp-block-image size-large\"><img data-recalc-dims=\"1\" loading=\"lazy\" decoding=\"async\" width=\"600\" height=\"800\" data-attachment-id=\"33311\" data-permalink=\"http:\/\/blogdalucianaoliveira.com.br\/blog\/2022\/02\/18\/antonio-candido-lanca-romance-sobre-a-formacao-dos-quilombos-do-vale-do-guapore\/whatsapp-image-2022-02-18-at-10-54-30\/\" data-orig-file=\"https:\/\/i0.wp.com\/blogdalucianaoliveira.com.br\/blog\/wp-content\/uploads\/2022\/02\/WhatsApp-Image-2022-02-18-at-10.54.30.jpeg?fit=720%2C960\" data-orig-size=\"720,960\" data-comments-opened=\"0\" data-image-meta=\"{&quot;aperture&quot;:&quot;0&quot;,&quot;credit&quot;:&quot;&quot;,&quot;camera&quot;:&quot;&quot;,&quot;caption&quot;:&quot;&quot;,&quot;created_timestamp&quot;:&quot;0&quot;,&quot;copyright&quot;:&quot;&quot;,&quot;focal_length&quot;:&quot;0&quot;,&quot;iso&quot;:&quot;0&quot;,&quot;shutter_speed&quot;:&quot;0&quot;,&quot;title&quot;:&quot;&quot;,&quot;orientation&quot;:&quot;0&quot;}\" data-image-title=\"WhatsApp-Image-2022-02-18-at-10.54.30\" data-image-description=\"\" data-image-caption=\"\" data-medium-file=\"https:\/\/i0.wp.com\/blogdalucianaoliveira.com.br\/blog\/wp-content\/uploads\/2022\/02\/WhatsApp-Image-2022-02-18-at-10.54.30.jpeg?fit=225%2C300\" data-large-file=\"https:\/\/i0.wp.com\/blogdalucianaoliveira.com.br\/blog\/wp-content\/uploads\/2022\/02\/WhatsApp-Image-2022-02-18-at-10.54.30.jpeg?fit=600%2C800\" src=\"https:\/\/i0.wp.com\/blogdalucianaoliveira.com.br\/blog\/wp-content\/uploads\/2022\/02\/WhatsApp-Image-2022-02-18-at-10.54.30.jpeg?resize=600%2C800&#038;ssl=1\" alt=\"\" class=\"wp-image-33311\" srcset=\"https:\/\/i0.wp.com\/blogdalucianaoliveira.com.br\/blog\/wp-content\/uploads\/2022\/02\/WhatsApp-Image-2022-02-18-at-10.54.30.jpeg?w=720 720w, https:\/\/i0.wp.com\/blogdalucianaoliveira.com.br\/blog\/wp-content\/uploads\/2022\/02\/WhatsApp-Image-2022-02-18-at-10.54.30.jpeg?resize=225%2C300 225w\" sizes=\"auto, (max-width: 600px) 100vw, 600px\" \/><\/figure>\n\n\n\n<p>O lan\u00e7amento ser\u00e1 mediado por Abel Sidney e J\u00f3ria Lima em transmiss\u00e3o a partir das 19 horas nos seguintes canais:<br><\/p>\n\n\n\n<p>\ud83d\udd34 YouTube &#8211; Tem\u00e1tica Editora:<br><a href=\"https:\/\/www.youtube.com\/watch?v=1yuEK_ZGI0c\"> https:\/\/www.youtube.com\/watch?v=1yuEK_ZGI0c<\/a><\/p>\n\n\n\n<p>\ud83d\udd35 Facebook &#8211; Tem\u00e1tica Editora:<br><a href=\"https:\/\/www.facebook.com\/754037717995842\/posts\/5046674492065455\/?d=n\"> https:\/\/www.facebook.com\/754037717995842\/posts\/5046674492065455\/?d=n<\/a><\/p>\n\n\n\n<p><strong>SOBRE O ROMANCE<\/strong><\/p>\n\n\n\n<p class=\"has-text-align-left\">Com a cria\u00e7\u00e3o da Capitania de Mato Grosso por Carta R\u00e9gia de 7 de maio de 1748, foi nomeado em 19 de mar\u00e7o de 1752, o Capit\u00e3o General, D. Ant\u00f4nio Rolim de Moura, primeiro Presidente da Prov\u00edncia para consolidar a posse portuguesa no extremo Oeste do Brasil.<br><\/p>\n\n\n\n<p class=\"has-text-align-left\">Com o sucesso da descoberta de novas jazidas e a pouca produtividade dos \u00edndios escravizados, ainda no S\u00e9culo XVIII, chegaram os primeiros escravos de origem africana para trabalharem nas minas.<br>Como rea\u00e7\u00e3o natural ao processo de escravid\u00e3o as fugas em grupos ou isoladas come\u00e7aram a acontecer e, a proximidade com o rio Guapor\u00e9, favoreceu a forma\u00e7\u00e3o de v\u00e1rios quilombos em seus principais afluentes.<br><\/p>\n\n\n\n<p class=\"has-text-align-left\">A uni\u00e3o de negros com \u00edndios, al\u00e9m de fazer surgir o elemento mesti\u00e7o, favoreceu o desenvolvimento dos quilombos, pois os \u00edndios, conhecedores da regi\u00e3o, sabiam como tirar proveito da riqueza que a natureza oferecia e produzir uma cultura de subsist\u00eancia com os mais rudimentares m\u00e9todos agr\u00edcolas. <br><\/p>\n\n\n\n<p class=\"has-text-align-left\">As culturas, africana e ind\u00edgena, se juntaram e a conviv\u00eancia entre esses dois povos completamente diferentes, aconteceu harmoniosamente tendo os seus descendentes chegados at\u00e9 os dias de hoje, nas v\u00e1rias comunidades quilombolas da regi\u00e3o do vale do Guapor\u00e9.<\/p>\n\n\n\n<p class=\"has-text-align-left\">O negro e o \u00edndio, portanto, se amparavam e se protegiam, e foi assim que a hist\u00f3ria de amor de Ti\u00e3o e Ina\u00e9 aconteceu em meio \u00e0s persegui\u00e7\u00f5es dos Capit\u00e3es do Mato e as intrigas na vida do quilombo, renascendo das cinzas a que eram reduzidas as casas de taipas e as esperan\u00e7as de liberdade, no cora\u00e7\u00e3o de um punhado de gente que teimava em ser feliz.<br><\/p>\n\n\n\n<p class=\"has-text-align-left\">Essa hist\u00f3ria teve o seu come\u00e7o na primavera de 1780.<\/p>\n","protected":false},"excerpt":{"rendered":"<p>Ser\u00e1 neste s\u00e1bado, 19, em formato virtual, o lan\u00e7amento da obra de fic\u00e7\u00e3o &#8220;Na curva que o rio faz&#8221;, o sexto do escritor regional Ant\u00f4nio C\u00e2ndido da Silva. Ele foi contemplados com projeto fomentado com recursos da LEI 14.017\/2020 &#8211; LEI ALDIR BLANC, por meio da Prefeitura do Munic\u00edpio de Porto Velho &#8211; Funcultural.<\/p>\n","protected":false},"author":1,"featured_media":0,"comment_status":"closed","ping_status":"open","sticky":false,"template":"","format":"standard","meta":{"_exactmetrics_skip_tracking":false,"_exactmetrics_sitenote_active":false,"_exactmetrics_sitenote_note":"","_exactmetrics_sitenote_category":0,"jetpack_post_was_ever_published":false,"_jetpack_newsletter_access":"","_jetpack_dont_email_post_to_subs":false,"_jetpack_newsletter_tier_id":0,"_jetpack_memberships_contains_paywalled_content":false,"_jetpack_memberships_contains_paid_content":false,"footnotes":"","jetpack_publicize_message":"","jetpack_publicize_feature_enabled":true,"jetpack_social_post_already_shared":true,"jetpack_social_options":{"image_generator_settings":{"template":"highway","enabled":false},"version":2}},"categories":[1],"tags":[661,660,105,8,662],"class_list":["post-33309","post","type-post","status-publish","format-standard","hentry","category-notas","tag-antonio-candido","tag-escritor","tag-livro","tag-porto-velho","tag-regional"],"jetpack_publicize_connections":[],"jetpack_sharing_enabled":true,"jetpack_featured_media_url":"","jetpack_shortlink":"https:\/\/wp.me\/p7wKYW-8Ff","jetpack-related-posts":[],"_links":{"self":[{"href":"http:\/\/blogdalucianaoliveira.com.br\/blog\/wp-json\/wp\/v2\/posts\/33309","targetHints":{"allow":["GET"]}}],"collection":[{"href":"http:\/\/blogdalucianaoliveira.com.br\/blog\/wp-json\/wp\/v2\/posts"}],"about":[{"href":"http:\/\/blogdalucianaoliveira.com.br\/blog\/wp-json\/wp\/v2\/types\/post"}],"author":[{"embeddable":true,"href":"http:\/\/blogdalucianaoliveira.com.br\/blog\/wp-json\/wp\/v2\/users\/1"}],"replies":[{"embeddable":true,"href":"http:\/\/blogdalucianaoliveira.com.br\/blog\/wp-json\/wp\/v2\/comments?post=33309"}],"version-history":[{"count":2,"href":"http:\/\/blogdalucianaoliveira.com.br\/blog\/wp-json\/wp\/v2\/posts\/33309\/revisions"}],"predecessor-version":[{"id":33313,"href":"http:\/\/blogdalucianaoliveira.com.br\/blog\/wp-json\/wp\/v2\/posts\/33309\/revisions\/33313"}],"wp:attachment":[{"href":"http:\/\/blogdalucianaoliveira.com.br\/blog\/wp-json\/wp\/v2\/media?parent=33309"}],"wp:term":[{"taxonomy":"category","embeddable":true,"href":"http:\/\/blogdalucianaoliveira.com.br\/blog\/wp-json\/wp\/v2\/categories?post=33309"},{"taxonomy":"post_tag","embeddable":true,"href":"http:\/\/blogdalucianaoliveira.com.br\/blog\/wp-json\/wp\/v2\/tags?post=33309"}],"curies":[{"name":"wp","href":"https:\/\/api.w.org\/{rel}","templated":true}]}}