{"id":33315,"date":"2022-02-19T20:39:43","date_gmt":"2022-02-20T00:39:43","guid":{"rendered":"http:\/\/blogdalucianaoliveira.com.br\/blog\/?p=33315"},"modified":"2022-02-19T20:39:46","modified_gmt":"2022-02-20T00:39:46","slug":"txai-surui-ativista-indigena-estreia-coluna-na-folha","status":"publish","type":"post","link":"http:\/\/blogdalucianaoliveira.com.br\/blog\/2022\/02\/19\/txai-surui-ativista-indigena-estreia-coluna-na-folha\/","title":{"rendered":"Txai Suru\u00ed, ativista ind\u00edgena, estreia coluna na Folha"},"content":{"rendered":"\n<figure class=\"wp-block-image size-large\"><img data-recalc-dims=\"1\" loading=\"lazy\" decoding=\"async\" width=\"600\" height=\"600\" data-attachment-id=\"33316\" data-permalink=\"http:\/\/blogdalucianaoliveira.com.br\/blog\/2022\/02\/19\/txai-surui-ativista-indigena-estreia-coluna-na-folha\/323edc78-8b63-415e-a3cf-957759db791b\/\" data-orig-file=\"https:\/\/i0.wp.com\/blogdalucianaoliveira.com.br\/blog\/wp-content\/uploads\/2022\/02\/323EDC78-8B63-415E-A3CF-957759DB791B.jpeg?fit=768%2C768\" data-orig-size=\"768,768\" data-comments-opened=\"0\" data-image-meta=\"{&quot;aperture&quot;:&quot;0&quot;,&quot;credit&quot;:&quot;&quot;,&quot;camera&quot;:&quot;&quot;,&quot;caption&quot;:&quot;&quot;,&quot;created_timestamp&quot;:&quot;0&quot;,&quot;copyright&quot;:&quot;&quot;,&quot;focal_length&quot;:&quot;0&quot;,&quot;iso&quot;:&quot;0&quot;,&quot;shutter_speed&quot;:&quot;0&quot;,&quot;title&quot;:&quot;&quot;,&quot;orientation&quot;:&quot;0&quot;}\" data-image-title=\"323EDC78-8B63-415E-A3CF-957759DB791B\" data-image-description=\"\" data-image-caption=\"\" data-medium-file=\"https:\/\/i0.wp.com\/blogdalucianaoliveira.com.br\/blog\/wp-content\/uploads\/2022\/02\/323EDC78-8B63-415E-A3CF-957759DB791B.jpeg?fit=300%2C300\" data-large-file=\"https:\/\/i0.wp.com\/blogdalucianaoliveira.com.br\/blog\/wp-content\/uploads\/2022\/02\/323EDC78-8B63-415E-A3CF-957759DB791B.jpeg?fit=600%2C600\" src=\"https:\/\/i0.wp.com\/blogdalucianaoliveira.com.br\/blog\/wp-content\/uploads\/2022\/02\/323EDC78-8B63-415E-A3CF-957759DB791B.jpeg?resize=600%2C600\" alt=\"\" class=\"wp-image-33316\" srcset=\"https:\/\/i0.wp.com\/blogdalucianaoliveira.com.br\/blog\/wp-content\/uploads\/2022\/02\/323EDC78-8B63-415E-A3CF-957759DB791B.jpeg?w=768 768w, https:\/\/i0.wp.com\/blogdalucianaoliveira.com.br\/blog\/wp-content\/uploads\/2022\/02\/323EDC78-8B63-415E-A3CF-957759DB791B.jpeg?resize=300%2C300 300w, https:\/\/i0.wp.com\/blogdalucianaoliveira.com.br\/blog\/wp-content\/uploads\/2022\/02\/323EDC78-8B63-415E-A3CF-957759DB791B.jpeg?resize=150%2C150 150w\" sizes=\"auto, (max-width: 600px) 100vw, 600px\" \/><\/figure>\n\n\n\n<p>Destaque da COP26, em Glasgow, ela vai escrever aos s\u00e1bados nas vers\u00f5es online e impressa<\/p>\n\n\n\n<!--more-->\n\n\n\n<p>A ativista ind\u00edgena Txai Suru\u00ed, 25, estreia coluna na&nbsp;<strong>Folha&nbsp;<\/strong>neste s\u00e1bado (19). O espa\u00e7o, segundo ela, ser\u00e1 dedicado sobretudo \u00e0s quest\u00f5es ind\u00edgenas e ambientais e aos direitos humanos.<\/p>\n\n\n\n<p>Lideran\u00e7a de&nbsp;<a href=\"https:\/\/www1.folha.uol.com.br\/ambiente\/2021\/11\/destaque-do-brasil-na-cop-jovem-indigena-tem-pai-perseguido-pelo-governo-bolsonaro-e-mae-ameacada-de-morte.shtml\">destaque na COP26<\/a>, que aconteceu em Glasgow, na Esc\u00f3cia, em novembro de 2021, Txai despertou a aten\u00e7\u00e3o do mundo por conta do seu discurso contundente em defesa da maior participa\u00e7\u00e3o de povos ind\u00edgenas nas decis\u00f5es da c\u00fapula do clima.<\/p>\n\n\n\n<p>Filha do cacique Almir Suru\u00ed e de Neidinha Suru\u00ed, refer\u00eancias nas lutas pelas causas ind\u00edgenas na Amaz\u00f4nia, Txai \u00e9 coordenadora da Associa\u00e7\u00e3o de Defesa Etnoambiental &#8211; Kanind\u00e9 e \u00e9 uma das fundadoras do Movimento da Juventude Ind\u00edgena de Rond\u00f4nia. Na abertura da Confer\u00eancia da ONU pelo Clima, ela foi a \u00fanica brasileira a discursar.<\/p>\n\n\n\n<p>Sua coluna semanal ser\u00e1 publicada nas vers\u00f5es online e impressa (p\u00e1g. A2) da&nbsp;<strong>Folha<\/strong>, aos s\u00e1bados.<\/p>\n\n\n\n<p>&#8220;Os principais temas que pretendo discutir s\u00e3o povos ind\u00edgenas, meio ambiente, direitos humanos e mudan\u00e7as clim\u00e1ticas. S\u00e3o temas emergenciais e que precisamos abordar cada vez mais, em todos os espa\u00e7os, principalmente em espa\u00e7os como a&nbsp;<strong>Folha<\/strong>\u200b&#8221;\u200b, afirma a ativista, que estuda direito na Universidade Federal de Rond\u00f4nia (Unir), em Porto Velho.<\/p>\n","protected":false},"excerpt":{"rendered":"<p>Destaque da COP26, em Glasgow, ela vai escrever aos s\u00e1bados nas vers\u00f5es online e impressa<\/p>\n","protected":false},"author":1,"featured_media":0,"comment_status":"closed","ping_status":"open","sticky":false,"template":"","format":"standard","meta":{"_exactmetrics_skip_tracking":false,"_exactmetrics_sitenote_active":false,"_exactmetrics_sitenote_note":"","_exactmetrics_sitenote_category":0,"jetpack_post_was_ever_published":false,"_jetpack_newsletter_access":"","_jetpack_dont_email_post_to_subs":false,"_jetpack_newsletter_tier_id":0,"_jetpack_memberships_contains_paywalled_content":false,"_jetpack_memberships_contains_paid_content":false,"footnotes":"","jetpack_publicize_message":"","jetpack_publicize_feature_enabled":true,"jetpack_social_post_already_shared":true,"jetpack_social_options":{"image_generator_settings":{"template":"highway","enabled":false},"version":2}},"categories":[1],"tags":[354,624,628],"class_list":["post-33315","post","type-post","status-publish","format-standard","hentry","category-notas","tag-folha","tag-indigena","tag-txai-surui"],"jetpack_publicize_connections":[],"jetpack_sharing_enabled":true,"jetpack_featured_media_url":"","jetpack_shortlink":"https:\/\/wp.me\/p7wKYW-8Fl","jetpack-related-posts":[],"_links":{"self":[{"href":"http:\/\/blogdalucianaoliveira.com.br\/blog\/wp-json\/wp\/v2\/posts\/33315","targetHints":{"allow":["GET"]}}],"collection":[{"href":"http:\/\/blogdalucianaoliveira.com.br\/blog\/wp-json\/wp\/v2\/posts"}],"about":[{"href":"http:\/\/blogdalucianaoliveira.com.br\/blog\/wp-json\/wp\/v2\/types\/post"}],"author":[{"embeddable":true,"href":"http:\/\/blogdalucianaoliveira.com.br\/blog\/wp-json\/wp\/v2\/users\/1"}],"replies":[{"embeddable":true,"href":"http:\/\/blogdalucianaoliveira.com.br\/blog\/wp-json\/wp\/v2\/comments?post=33315"}],"version-history":[{"count":1,"href":"http:\/\/blogdalucianaoliveira.com.br\/blog\/wp-json\/wp\/v2\/posts\/33315\/revisions"}],"predecessor-version":[{"id":33317,"href":"http:\/\/blogdalucianaoliveira.com.br\/blog\/wp-json\/wp\/v2\/posts\/33315\/revisions\/33317"}],"wp:attachment":[{"href":"http:\/\/blogdalucianaoliveira.com.br\/blog\/wp-json\/wp\/v2\/media?parent=33315"}],"wp:term":[{"taxonomy":"category","embeddable":true,"href":"http:\/\/blogdalucianaoliveira.com.br\/blog\/wp-json\/wp\/v2\/categories?post=33315"},{"taxonomy":"post_tag","embeddable":true,"href":"http:\/\/blogdalucianaoliveira.com.br\/blog\/wp-json\/wp\/v2\/tags?post=33315"}],"curies":[{"name":"wp","href":"https:\/\/api.w.org\/{rel}","templated":true}]}}