{"id":33319,"date":"2022-02-22T09:23:37","date_gmt":"2022-02-22T13:23:37","guid":{"rendered":"http:\/\/blogdalucianaoliveira.com.br\/blog\/?p=33319"},"modified":"2022-02-22T09:23:41","modified_gmt":"2022-02-22T13:23:41","slug":"resex-chico-mendes-lidera-ranking-de-ameaca-de-desmatamento-e-icmbio-retoma-conselho-deliberativo","status":"publish","type":"post","link":"http:\/\/blogdalucianaoliveira.com.br\/blog\/2022\/02\/22\/resex-chico-mendes-lidera-ranking-de-ameaca-de-desmatamento-e-icmbio-retoma-conselho-deliberativo\/","title":{"rendered":"Resex Chico Mendes lidera ranking de amea\u00e7a de desmatamento e ICMBio retoma conselho deliberativo"},"content":{"rendered":"\n<figure class=\"wp-block-image\"><img data-recalc-dims=\"1\" decoding=\"async\" src=\"https:\/\/i0.wp.com\/s2.glbimg.com\/qyZDaSuCoyse3mFZkWjH-FFk9Gg%3D\/0x0%3A685x391\/984x0\/smart\/filters%3Astrip_icc%28%29\/i.s3.glbimg.com\/v1\/AUTH_59edd422c0c84a879bd37670ae4f538a\/internal_photos\/bs\/2018\/C\/x\/355FTsRMa4biBSodAxEA\/desmatamento.jpg?w=600&#038;ssl=1\" alt=\"Resex Chico Mendes lidera ranking de amea\u00e7a de desmatamento e ICMBio retorna com conselho deliberativo  \u2014 Foto: Reprodu\u00e7\u00e3o\/Rede Amaz\u00f4nica Acre\"\/><\/figure>\n\n\n\n<h4 class=\"wp-block-heading\">O \u00f3rg\u00e3o diz que reuni\u00f5es devem tratar a\u00e7\u00f5es para conter o desmatamento. Dados analisados s\u00e3o de agosto e setembro e foram divulgados pelo Imazon.<\/h4>\n\n\n\n<!--more-->\n\n\n\n<p>Por T\u00e1cita Muniz, g1 AC\u00a0\u2014 Rio Branco<\/p>\n\n\n\n<p>Uma das maiores \u00e1reas de prote\u00e7\u00e3o do Acre, a unidade de conserva\u00e7\u00e3o Resex Chico Mendes lidera o ranking de amea\u00e7a de desmatamento de um estudo feito pelo Instituto do Homem e Meio Ambiente da Amaz\u00f4nia (Imazon) e divulgado ainda esta semana.<br><\/p>\n\n\n\n<p>A an\u00e1lise \u00e9 de um monitoramento trimestral e leva em considera\u00e7\u00e3o agosto e outubro. O estudo leva em conta as ocorr\u00eancias de desmatamento a at\u00e9 10 km dessas \u00e1reas.&nbsp;No ranking de amea\u00e7a, a lideran\u00e7a \u00e9 da Resex Chico Mendes, que tamb\u00e9m ocupou a primeira coloca\u00e7\u00e3o no mesmo per\u00edodo de 2020.<\/p>\n\n\n\n<p>\u201cSegundo a legisla\u00e7\u00e3o, essas reservas s\u00e3o destinadas para que popula\u00e7\u00f5es extrativistas tradicionais possam fazer o uso sustent\u00e1vel dos recursos naturais. Por\u00e9m, as altas ocorr\u00eancias de desmatamento dentro e ao redor da Resex Chico Mendes impedem que essa gest\u00e3o sustent\u00e1vel seja feita\u201d, explica Larissa Amorim, pesquisadora do Imazon.<\/p>\n\n\n\n<p>O&nbsp;<a href=\"https:\/\/g1.globo.com\/ac\/acre\/\">g1<\/a>&nbsp;tentou contato com a Associa\u00e7\u00e3o dos Moradores e Produtores da Resex Chico Mendes de Brasileia e Epitaciol\u00e2ndia (Amopreabe), mas n\u00e3o conseguiu retorno.<\/p>\n\n\n\n<p>Por\u00e9m, em setembro, Lu\u00edza Carlota, vice-presidente da associa\u00e7\u00e3o na \u00e9poca informou que muitas fam\u00edlias da Resex j\u00e1 n\u00e3o viviam mais do extrativismo e<a href=\"https:\/\/g1.globo.com\/ac\/acre\/noticia\/2018\/12\/22\/morte-de-chico-mendes-30-anos-desmatamento-para-criacao-de-gado-ameaca-reserva.ghtml\">&nbsp;teriam migrado para a agropecu\u00e1rio<\/a>, o que teria contribu\u00eddo para esse desmatamento.<\/p>\n\n\n\n<p><a href=\"https:\/\/g1.globo.com\/ac\/acre\/natureza\/amazonia\/noticia\/2021\/09\/05\/com-quase-50percent-do-seu-territorio-de-areas-protegidas-acre-tenta-conciliar-desenvolvimento-e-preservacao.ghtml\">Lu\u00edza diz que a falta da presen\u00e7a no Estado \u00e9 o que acaba interferindo na preserva\u00e7\u00e3o ambiental<\/a>&nbsp;das unidades. Ela diz que o governo federal n\u00e3o aloca recursos para as fam\u00edlias que vivem dentro da Resex.<\/p>\n\n\n\n<blockquote class=\"wp-block-quote is-layout-flow wp-block-quote-is-layout-flow\"><p>\u201cN\u00e3o tem pol\u00edtica de sustentabilidade, a n\u00e3o ser um projeto alem\u00e3o que compra borracha produzida aqui dentro. Al\u00e9m de tudo, o plano da Resex est\u00e1 defasado, j\u00e1 existe uma quantidade bem maior de fam\u00edlias que n\u00e3o tem condi\u00e7\u00f5es de trabalhar aqui dentro. N\u00e3o tem mais uma produ\u00e7\u00e3o extrativista forte e estamos sendo punidos por desmatar locais para plantar mandioca, por exemplo\u201d, explicou.<\/p><\/blockquote>\n\n\n\n<p><br><\/p>\n\n\n\n<p>A vice-presidente da associa\u00e7\u00e3o destaca ainda que a economia das Resexs gira em torno da venda da castanha, borracha e tamb\u00e9m pecu\u00e1ria.<\/p>\n\n\n\n<p>\u201cRealmente existem pessoas que desmatam para formar pastos, mas a gente precisa desmatar para plantar porque, infelizmente, o governo n\u00e3o olha para a Reserva Chico Mendes. O ideal era um acordo: quem chegou no limite de desmatamento n\u00e3o desmatar mais, mas o governo precisa garantir mecaniza\u00e7\u00e3o para o produtor ter o que comer. Parou de desmatar, mas vamos comer o que? Muitos aceitam o pacto de n\u00e3o mexer na floresta, mas a gente precisa de um retorno do governo\u201d, enfatiza.<\/p>\n\n\n\n<figure class=\"wp-block-image\"><img data-recalc-dims=\"1\" decoding=\"async\" src=\"https:\/\/i0.wp.com\/s2.glbimg.com\/2-dJ6W26gALzkauYaGn16tuJfQs%3D\/0x0%3A750x500\/984x0\/smart\/filters%3Astrip_icc%28%29\/i.s3.glbimg.com\/v1\/AUTH_59edd422c0c84a879bd37670ae4f538a\/internal_photos\/bs\/2021\/9\/K\/AYoAMBTJeu6a8VAyJsjQ\/travessia-1.jpg?w=600&#038;ssl=1\" alt=\"ICMBio diz que vai retomar conselho deliberativo  \u2014 Foto: Asscom\/ICMBio \"\/><\/figure>\n\n\n\n<p>ICMBio diz que vai retomar conselho deliberativo \u2014 Foto: Asscom\/ICMBio<\/p>\n\n\n\n<h2 class=\"wp-block-heading\">Conselho Deliberativo<\/h2>\n\n\n\n<p>O g1 entrou em contato com o Instituto Chico Mendes de Conserva\u00e7\u00e3o da Biodiversidade (ICMBio), que informou que as reuni\u00f5es foram suspensas desde o in\u00edcio da pandemia e a \u00faltima reuni\u00e3o do Conselho foi em maio de 2019.<\/p>\n\n\n\n<p>Por\u00e9m, o \u00f3rg\u00e3o informou que vai ocorrer uma reuni\u00e3o nos dias 20 e 21 de dezembro no Centro Cultural do munic\u00edpio de Brasil\u00e9ia, no interior do Acre, seguindo as medidas de seguran\u00e7a sanit\u00e1ria.<\/p>\n\n\n\n<p>O processo de reestrutura\u00e7\u00e3o e renova\u00e7\u00e3o do Conselho Deliberativo da Unidade vai ser debatido.<\/p>\n\n\n\n<h2 class=\"wp-block-heading\">PL que muda a Resex<\/h2>\n\n\n\n<p>Outra quest\u00e3o que amea\u00e7a a unidade de conserva\u00e7\u00e3o \u00e9 o projeto de lei 6.024, apresentado pela deputada federal Mara Rocha (PSDB-AC), que tira a prote\u00e7\u00e3o integral da Serra do Divisor no Vale do Juru\u00e1, no interior do Acre e alterar os limites da Reserva Extrativista Chico Mendes (Resex).<\/p>\n\n\n\n<ul class=\"wp-block-list\"><li><a href=\"https:\/\/www.camara.leg.br\/proposicoesWeb\/prop_mostrarintegra?codteor=1834930&amp;filename=PL+6024\/2019\" target=\"_blank\" rel=\"noreferrer noopener\">Confira detalhes do PL<\/a><\/li><\/ul>\n\n\n\n<p>Atualmente o projeto tramita na C\u00e2mara dos Deputados e est\u00e1 guardando parecer do relator na Comiss\u00e3o de Integra\u00e7\u00e3o Nacional, Desenvolvimento Regional e da Amaz\u00f4nia (Cindra.).<\/p>\n\n\n\n<p>O PL \u00e9 de autoria do senador M\u00e1rcio Bittar (MDB) e foi apresentado pela deputada federal Mara Rocha (PSDB) em novembro de 2019. Ele ficou parado durante todo o ano de 2020 e os tr\u00eas primeiros meses de 2021. At\u00e9 que no \u00faltimo dia 31 de mar\u00e7o foi designado relator e ele foi retomado.<\/p>\n\n\n\n<p><a href=\"https:\/\/g1.globo.com\/ac\/acre\/natureza\/amazonia\/noticia\/2021\/08\/07\/nova-peticao-colhe-assinaturas-contra-pl-que-altera-limites-de-reservas-e-modifica-categoria-da-serra-do-divisor.ghtml\">Uma peti\u00e7\u00e3o on-line das associa\u00e7\u00f5es re\u00fane assinaturas contra o PL<\/a>.<br><\/p>\n","protected":false},"excerpt":{"rendered":"<p>O \u00f3rg\u00e3o diz que reuni\u00f5es devem tratar a\u00e7\u00f5es para conter o desmatamento. Dados analisados s\u00e3o de agosto e setembro e foram divulgados pelo Imazon.<\/p>\n","protected":false},"author":1,"featured_media":0,"comment_status":"closed","ping_status":"open","sticky":false,"template":"","format":"standard","meta":{"_exactmetrics_skip_tracking":false,"_exactmetrics_sitenote_active":false,"_exactmetrics_sitenote_note":"","_exactmetrics_sitenote_category":0,"jetpack_post_was_ever_published":false,"_jetpack_newsletter_access":"","_jetpack_dont_email_post_to_subs":false,"_jetpack_newsletter_tier_id":0,"_jetpack_memberships_contains_paywalled_content":false,"_jetpack_memberships_contains_paid_content":false,"footnotes":"","jetpack_publicize_message":"","jetpack_publicize_feature_enabled":true,"jetpack_social_post_already_shared":true,"jetpack_social_options":{"image_generator_settings":{"template":"highway","enabled":false},"version":2}},"categories":[1],"tags":[664,387],"class_list":["post-33319","post","type-post","status-publish","format-standard","hentry","category-notas","tag-chico-mendes","tag-desmatamento"],"jetpack_publicize_connections":[],"jetpack_sharing_enabled":true,"jetpack_featured_media_url":"","jetpack_shortlink":"https:\/\/wp.me\/p7wKYW-8Fp","jetpack-related-posts":[],"_links":{"self":[{"href":"http:\/\/blogdalucianaoliveira.com.br\/blog\/wp-json\/wp\/v2\/posts\/33319","targetHints":{"allow":["GET"]}}],"collection":[{"href":"http:\/\/blogdalucianaoliveira.com.br\/blog\/wp-json\/wp\/v2\/posts"}],"about":[{"href":"http:\/\/blogdalucianaoliveira.com.br\/blog\/wp-json\/wp\/v2\/types\/post"}],"author":[{"embeddable":true,"href":"http:\/\/blogdalucianaoliveira.com.br\/blog\/wp-json\/wp\/v2\/users\/1"}],"replies":[{"embeddable":true,"href":"http:\/\/blogdalucianaoliveira.com.br\/blog\/wp-json\/wp\/v2\/comments?post=33319"}],"version-history":[{"count":1,"href":"http:\/\/blogdalucianaoliveira.com.br\/blog\/wp-json\/wp\/v2\/posts\/33319\/revisions"}],"predecessor-version":[{"id":33320,"href":"http:\/\/blogdalucianaoliveira.com.br\/blog\/wp-json\/wp\/v2\/posts\/33319\/revisions\/33320"}],"wp:attachment":[{"href":"http:\/\/blogdalucianaoliveira.com.br\/blog\/wp-json\/wp\/v2\/media?parent=33319"}],"wp:term":[{"taxonomy":"category","embeddable":true,"href":"http:\/\/blogdalucianaoliveira.com.br\/blog\/wp-json\/wp\/v2\/categories?post=33319"},{"taxonomy":"post_tag","embeddable":true,"href":"http:\/\/blogdalucianaoliveira.com.br\/blog\/wp-json\/wp\/v2\/tags?post=33319"}],"curies":[{"name":"wp","href":"https:\/\/api.w.org\/{rel}","templated":true}]}}