{"id":33321,"date":"2022-02-22T10:23:27","date_gmt":"2022-02-22T14:23:27","guid":{"rendered":"http:\/\/blogdalucianaoliveira.com.br\/blog\/?p=33321"},"modified":"2022-02-22T10:23:32","modified_gmt":"2022-02-22T14:23:32","slug":"corte-colombiana-descriminaliza-aborto-ate-24a-semana-de-gestacao","status":"publish","type":"post","link":"http:\/\/blogdalucianaoliveira.com.br\/blog\/2022\/02\/22\/corte-colombiana-descriminaliza-aborto-ate-24a-semana-de-gestacao\/","title":{"rendered":"Corte colombiana descriminaliza aborto at\u00e9 24\u00aa semana de gesta\u00e7\u00e3o"},"content":{"rendered":"\n<figure class=\"wp-block-image\"><img data-recalc-dims=\"1\" decoding=\"async\" src=\"https:\/\/i0.wp.com\/ichef.bbci.co.uk\/news\/640\/cpsprodpb\/88BC\/production\/_123340053_gettyimages-1372002000.jpg?w=600&#038;ssl=1\" alt=\"Mujer manifestante con pa\u00f1uelo verde que dice &quot;aborto libre&quot;.\"\/><\/figure>\n\n\n\n<p>BBC &#8211; A Col\u00f4mbia descriminalizou nesta segunda-feira (21\/2) o aborto feito at\u00e9 as 24 semanas de gesta\u00e7\u00e3o, uma decis\u00e3o que vinha sendo adiada h\u00e1 meses devido a v\u00e1rios obst\u00e1culos.<\/p>\n\n\n\n<!--more-->\n\n\n\n<p>O Tribunal Constitucional do pa\u00eds aprovou a mudan\u00e7a por cinco votos a quatro, em resposta a uma a\u00e7\u00e3o apresentada em 2020 pelo movimento Causa Justa, uma coaliza\u00e7\u00e3o de 90 organiza\u00e7\u00f5es.<\/p>\n\n\n\n<p>Antes, o aborto era pun\u00edvel com at\u00e9 quatro anos e meio de pris\u00e3o no pa\u00eds, embora desde 2006 a interrup\u00e7\u00e3o volunt\u00e1ria da gravidez fosse permitida por tr\u00eas causas: estupro, malforma\u00e7\u00e3o do feto ou risco \u00e0 sa\u00fade da m\u00e3e, sem limite de tempo. As regras pra esses tr\u00eas casos n\u00e3o mudar\u00e3o com a decis\u00e3o desta segunda-feira.<\/p>\n\n\n\n<p>O tribunal ordenou que o Congresso e o poder executivo elaborem e implementem no &#8220;tempo mais curto poss\u00edvel&#8221; uma &#8220;pol\u00edtica p\u00fablica abrangente&#8221; regulamentando o aborto realizado at\u00e9 as 24 semanas de gesta\u00e7\u00e3o.<br><\/p>\n\n\n\n<p>Correspondente da BBC News Mundo (servi\u00e7o em espanhol da BBC) na Col\u00f4mbia, Daniel Pardo explica que a vit\u00f3ria do movimento Causa Justa \u00e9 resultado de uma estrat\u00e9gia de questionar na Justi\u00e7a a criminaliza\u00e7\u00e3o do aborto, em vez de estimular a cria\u00e7\u00e3o de um conjunto de leis que teria que passar pelo Congresso.<br><\/p>\n\n\n\n<p>&#8220;Isso permitiu, em primeiro lugar, que a discuss\u00e3o se concentrasse na prote\u00e7\u00e3o dos direitos das mulheres, que muitas vezes s\u00e3o processadas ou sofrem complica\u00e7\u00f5es m\u00e9dicas em cl\u00ednicas clandestinas&#8221;, escreveu Pardo.<\/p>\n\n\n\n<p>&#8220;Em segundo lugar, isso tamb\u00e9m trouxe como benef\u00edcio o fato de que o debate ocorreu na sociedade civil, onde a maioria aprova o aborto livre segundo pesquisas, e n\u00e3o no Congresso, onde a influ\u00eancia de setores conservadores \u00e9 profunda e tradicional.&#8221;<\/p>\n\n\n\n<p>O jornalista acrescenta que a corte colombiana tem uma &#8220;longa hist\u00f3ria de prote\u00e7\u00e3o aos direitos sociais e democr\u00e1ticos&#8221;.<\/p>\n\n\n\n<p>&#8220;(O Tribunal Constitucional) impediu a reelei\u00e7\u00e3o ilimitada, aprovou o casamento entre pessoas do mesmo sexo e estabeleceu diretrizes espec\u00edficas para garantir os direitos das mulheres \u00e0 sa\u00fade, educa\u00e7\u00e3o e pol\u00edtica em um pa\u00eds onde n\u00e3o havia lei de cotas at\u00e9 poucos anos atr\u00e1s&#8221;, explica Pardo.<br><\/p>\n","protected":false},"excerpt":{"rendered":"<p>BBC &#8211; A Col\u00f4mbia descriminalizou nesta segunda-feira (21\/2) o aborto feito at\u00e9 as 24 semanas de gesta\u00e7\u00e3o, uma decis\u00e3o que vinha sendo adiada h\u00e1 meses devido a v\u00e1rios obst\u00e1culos.<\/p>\n","protected":false},"author":1,"featured_media":0,"comment_status":"closed","ping_status":"open","sticky":false,"template":"","format":"standard","meta":{"_exactmetrics_skip_tracking":false,"_exactmetrics_sitenote_active":false,"_exactmetrics_sitenote_note":"","_exactmetrics_sitenote_category":0,"jetpack_post_was_ever_published":false,"_jetpack_newsletter_access":"","_jetpack_dont_email_post_to_subs":false,"_jetpack_newsletter_tier_id":0,"_jetpack_memberships_contains_paywalled_content":false,"_jetpack_memberships_contains_paid_content":false,"footnotes":"","jetpack_publicize_message":"","jetpack_publicize_feature_enabled":true,"jetpack_social_post_already_shared":true,"jetpack_social_options":{"image_generator_settings":{"template":"highway","enabled":false},"version":2}},"categories":[1],"tags":[96,665],"class_list":["post-33321","post","type-post","status-publish","format-standard","hentry","category-notas","tag-aborto","tag-colombia"],"jetpack_publicize_connections":[],"jetpack_sharing_enabled":true,"jetpack_featured_media_url":"","jetpack_shortlink":"https:\/\/wp.me\/p7wKYW-8Fr","jetpack-related-posts":[],"_links":{"self":[{"href":"http:\/\/blogdalucianaoliveira.com.br\/blog\/wp-json\/wp\/v2\/posts\/33321","targetHints":{"allow":["GET"]}}],"collection":[{"href":"http:\/\/blogdalucianaoliveira.com.br\/blog\/wp-json\/wp\/v2\/posts"}],"about":[{"href":"http:\/\/blogdalucianaoliveira.com.br\/blog\/wp-json\/wp\/v2\/types\/post"}],"author":[{"embeddable":true,"href":"http:\/\/blogdalucianaoliveira.com.br\/blog\/wp-json\/wp\/v2\/users\/1"}],"replies":[{"embeddable":true,"href":"http:\/\/blogdalucianaoliveira.com.br\/blog\/wp-json\/wp\/v2\/comments?post=33321"}],"version-history":[{"count":1,"href":"http:\/\/blogdalucianaoliveira.com.br\/blog\/wp-json\/wp\/v2\/posts\/33321\/revisions"}],"predecessor-version":[{"id":33322,"href":"http:\/\/blogdalucianaoliveira.com.br\/blog\/wp-json\/wp\/v2\/posts\/33321\/revisions\/33322"}],"wp:attachment":[{"href":"http:\/\/blogdalucianaoliveira.com.br\/blog\/wp-json\/wp\/v2\/media?parent=33321"}],"wp:term":[{"taxonomy":"category","embeddable":true,"href":"http:\/\/blogdalucianaoliveira.com.br\/blog\/wp-json\/wp\/v2\/categories?post=33321"},{"taxonomy":"post_tag","embeddable":true,"href":"http:\/\/blogdalucianaoliveira.com.br\/blog\/wp-json\/wp\/v2\/tags?post=33321"}],"curies":[{"name":"wp","href":"https:\/\/api.w.org\/{rel}","templated":true}]}}