{"id":3333,"date":"2016-08-22T09:36:17","date_gmt":"2016-08-22T13:36:17","guid":{"rendered":"http:\/\/blogdalucianaoliveira.com.br\/blog\/?p=3333"},"modified":"2016-08-22T09:36:17","modified_gmt":"2016-08-22T13:36:17","slug":"247-em-editorial-el-pais-defende-novas-eleicoes","status":"publish","type":"post","link":"http:\/\/blogdalucianaoliveira.com.br\/blog\/2016\/08\/22\/247-em-editorial-el-pais-defende-novas-eleicoes\/","title":{"rendered":"247: EM EDITORIAL, EL PA\u00cdS DEFENDE NOVAS ELEI\u00c7\u00d5ES"},"content":{"rendered":"<p><img data-recalc-dims=\"1\" loading=\"lazy\" decoding=\"async\" data-attachment-id=\"3334\" data-permalink=\"http:\/\/blogdalucianaoliveira.com.br\/blog\/2016\/08\/22\/247-em-editorial-el-pais-defende-novas-eleicoes\/dilma1\/\" data-orig-file=\"https:\/\/i0.wp.com\/blogdalucianaoliveira.com.br\/blog\/wp-content\/uploads\/2016\/08\/dilma1.jpg?fit=1000%2C357\" data-orig-size=\"1000,357\" data-comments-opened=\"0\" data-image-meta=\"{&quot;aperture&quot;:&quot;0&quot;,&quot;credit&quot;:&quot;&quot;,&quot;camera&quot;:&quot;&quot;,&quot;caption&quot;:&quot;&quot;,&quot;created_timestamp&quot;:&quot;0&quot;,&quot;copyright&quot;:&quot;&quot;,&quot;focal_length&quot;:&quot;0&quot;,&quot;iso&quot;:&quot;0&quot;,&quot;shutter_speed&quot;:&quot;0&quot;,&quot;title&quot;:&quot;&quot;,&quot;orientation&quot;:&quot;0&quot;}\" data-image-title=\"dilma1\" data-image-description=\"\" data-image-caption=\"\" data-medium-file=\"https:\/\/i0.wp.com\/blogdalucianaoliveira.com.br\/blog\/wp-content\/uploads\/2016\/08\/dilma1.jpg?fit=300%2C107\" data-large-file=\"https:\/\/i0.wp.com\/blogdalucianaoliveira.com.br\/blog\/wp-content\/uploads\/2016\/08\/dilma1.jpg?fit=600%2C214\" src=\"https:\/\/i0.wp.com\/blogdalucianaoliveira.com.br\/blog\/wp-content\/uploads\/2016\/08\/dilma1.jpg?resize=600%2C214\" alt=\"dilma1\" width=\"600\" height=\"214\" class=\"alignnone size-full wp-image-3334\" \/><\/p>\n<p>247 \u2013 Vers\u00e3o brasileira do El Pa\u00eds, o jornal mais influente da Europa, defende a sa\u00edda proposta pela presidente Dilma Rousseff como solu\u00e7\u00e3o para o impasse pol\u00edtico atual: a realiza\u00e7\u00e3o de novas elei\u00e7\u00f5es, que \u00e9 tamb\u00e9m defendida por 62% dos brasileiros. Leia abaixo:<!--more--><\/p>\n<p>O desafio de Dilma<\/p>\n<p>O Brasil est\u00e1 perdido em um labirinto pol\u00edtico em que, aparentemente, n\u00e3o h\u00e1 sa\u00edda. Afetado por uma recess\u00e3o galopante e com o desemprego crescendo, o pa\u00eds, que h\u00e1 poucos anos estava destinado a ser o l\u00edder indiscut\u00edvel da Am\u00e9rica do Sul, convalesce em estado catat\u00f4nico, sob efeito de um bloqueio pol\u00edtico para o qual, neste momento, s\u00f3 parece haver duas op\u00e7\u00f5es poss\u00edveis: dois presidentes sem a legitimidade do respaldo popular. Essa \u00e9 a realidade pol\u00edtica que dever\u00e1 ser enfrentada depois da tr\u00e9gua dos Jogos Ol\u00edmpicos, que acabaram neste domingo.<\/p>\n<p>Se o processo de destitui\u00e7\u00e3o de Dilma Rousseff for aprovado na sess\u00e3o do Senado que come\u00e7ar\u00e1 na quinta-feira, a presidenta ser\u00e1 obrigada a deixar o cargo para seu vice-presidente e atual chefe do Governo em fun\u00e7\u00f5es, Michel Temer. Ele, no entanto, \u00e9 suspeito de beneficiar-se da trama de subornos que afeta a Petrobras. Al\u00e9m disso, \u00e9 profundamente impopular, como ficou claro pelas sonoras vaias que recebeu no Maracan\u00e3, na abertura da Olimp\u00edada. Segundo pesquisa recente do Datafolha, mais de 60% dos brasileiros querem que Temer renuncie caso Dilma seja afastada.<\/p>\n<p>H\u00e1 dois anos, Dilma foi reeleita de forma leg\u00edtima, com maioria dos votos, com tr\u00eas milh\u00f5es e meio de votos a mais que seu concorrente, o direitista A\u00e9cio Neves. Desde ent\u00e3o, seus oponentes dedicaram-se a procurar motivos para que ela abandonasse o cargo. E ela cometeu um erro grav\u00edssimo ao maquiar as contas p\u00fablicas para ajustar or\u00e7amentos, o que deu aos opositores do poder legislativo a muni\u00e7\u00e3o que procuraram para aniquil\u00e1-la politicamente.<\/p>\n<p>A presidenta j\u00e1 admitiu que n\u00e3o tem chances de continuar no cargo, j\u00e1 que \u00e9 mais do que prov\u00e1vel que dois ter\u00e7os do Senado votem contra ela nesta semana. Portanto, a hora de negocia\u00e7\u00f5es e di\u00e1logo j\u00e1 passou. Dilma pecou por n\u00e3o atuar como seu antecessor, Luis In\u00e1cio Lula da Silva, mestre em fazer acordos com a oposi\u00e7\u00e3o. Uma oposi\u00e7\u00e3o que, incapaz de entender Dilma, arrastou o pa\u00eds para uma estrat\u00e9gia suicida com a \u00fanica finalidade de mudar um Governo.<\/p>\n<p>Assim, torna-se interessante uma proposta recente de Dilma, para que o Brasil volte \u00e0s urnas o quanto antes. A presidenta expressou este desejo na ter\u00e7a-feira, em uma carta dirigida ao Senado e \u00e0 Na\u00e7\u00e3o. Nela, prometeu convocar um plebiscito caso o Legislativo decida n\u00e3o afast\u00e1-la. O problema \u00e9 que isso implicaria uma mudan\u00e7a na Constitui\u00e7\u00e3o, que, como no modelo presidencial norte-americano, n\u00e3o aceita a repeti\u00e7\u00e3o das elei\u00e7\u00f5es antes do prazo.<\/p>\n<p>Dilma tem raz\u00e3o quando diz que, quando uma presidenta n\u00e3o cometeu nenhum crime grave, s\u00f3 &#8220;o povo, com elei\u00e7\u00f5es&#8221; pode tir\u00e1-la do cargo. Infelizmente, a governante chegou atrasada nesta discuss\u00e3o. Ela deveria ter visto antes que, cada vez mais, contava com menos apoio no Congresso, e que sua popularidade desmoronava nas pesquisas. \u00c9 verdade que, hoje, 62% dos brasileiros querem novas elei\u00e7\u00f5es. Mas os partidos da oposi\u00e7\u00e3o, que tamb\u00e9m t\u00eam seus pr\u00f3prios problemas, j\u00e1 chegaram onde queriam: a presidenta est\u00e1 a ponto de cair. Em uma situa\u00e7\u00e3o assim, e diante da gravidade do resfriamento da economia, os dois lados, esquerda e direita, deveriam se esfor\u00e7ar para defender conjuntamente o bem do pa\u00eds. E isso passa por voltar a ouvir o povo, mesmo que n\u00e3o esteja na Constitui\u00e7\u00e3o.<\/p>\n","protected":false},"excerpt":{"rendered":"<p>247 \u2013 Vers\u00e3o brasileira do El Pa\u00eds, o jornal mais influente da Europa, defende a sa\u00edda proposta pela presidente Dilma Rousseff como solu\u00e7\u00e3o para o impasse pol\u00edtico atual: a realiza\u00e7\u00e3o de novas elei\u00e7\u00f5es, que \u00e9 tamb\u00e9m defendida por 62% dos brasileiros. Leia abaixo:<\/p>\n","protected":false},"author":1,"featured_media":0,"comment_status":"closed","ping_status":"open","sticky":false,"template":"","format":"standard","meta":{"_exactmetrics_skip_tracking":false,"_exactmetrics_sitenote_active":false,"_exactmetrics_sitenote_note":"","_exactmetrics_sitenote_category":0,"jetpack_post_was_ever_published":false,"_jetpack_newsletter_access":"","_jetpack_dont_email_post_to_subs":false,"_jetpack_newsletter_tier_id":0,"_jetpack_memberships_contains_paywalled_content":false,"_jetpack_memberships_contains_paid_content":false,"footnotes":"","jetpack_publicize_message":"","jetpack_publicize_feature_enabled":true,"jetpack_social_post_already_shared":true,"jetpack_social_options":{"image_generator_settings":{"template":"highway","enabled":false},"version":2}},"categories":[1],"tags":[192,61,193],"class_list":["post-3333","post","type-post","status-publish","format-standard","hentry","category-notas","tag-192","tag-dilma","tag-el-pais"],"jetpack_publicize_connections":[],"jetpack_sharing_enabled":true,"jetpack_featured_media_url":"","jetpack_shortlink":"https:\/\/wp.me\/p7wKYW-RL","jetpack-related-posts":[],"_links":{"self":[{"href":"http:\/\/blogdalucianaoliveira.com.br\/blog\/wp-json\/wp\/v2\/posts\/3333","targetHints":{"allow":["GET"]}}],"collection":[{"href":"http:\/\/blogdalucianaoliveira.com.br\/blog\/wp-json\/wp\/v2\/posts"}],"about":[{"href":"http:\/\/blogdalucianaoliveira.com.br\/blog\/wp-json\/wp\/v2\/types\/post"}],"author":[{"embeddable":true,"href":"http:\/\/blogdalucianaoliveira.com.br\/blog\/wp-json\/wp\/v2\/users\/1"}],"replies":[{"embeddable":true,"href":"http:\/\/blogdalucianaoliveira.com.br\/blog\/wp-json\/wp\/v2\/comments?post=3333"}],"version-history":[{"count":1,"href":"http:\/\/blogdalucianaoliveira.com.br\/blog\/wp-json\/wp\/v2\/posts\/3333\/revisions"}],"predecessor-version":[{"id":3335,"href":"http:\/\/blogdalucianaoliveira.com.br\/blog\/wp-json\/wp\/v2\/posts\/3333\/revisions\/3335"}],"wp:attachment":[{"href":"http:\/\/blogdalucianaoliveira.com.br\/blog\/wp-json\/wp\/v2\/media?parent=3333"}],"wp:term":[{"taxonomy":"category","embeddable":true,"href":"http:\/\/blogdalucianaoliveira.com.br\/blog\/wp-json\/wp\/v2\/categories?post=3333"},{"taxonomy":"post_tag","embeddable":true,"href":"http:\/\/blogdalucianaoliveira.com.br\/blog\/wp-json\/wp\/v2\/tags?post=3333"}],"curies":[{"name":"wp","href":"https:\/\/api.w.org\/{rel}","templated":true}]}}