{"id":33330,"date":"2022-02-24T11:41:46","date_gmt":"2022-02-24T15:41:46","guid":{"rendered":"http:\/\/blogdalucianaoliveira.com.br\/blog\/?p=33330"},"modified":"2022-02-24T11:41:50","modified_gmt":"2022-02-24T15:41:50","slug":"entenda-o-que-esta-em-jogo-na-invasao-da-ucrania-pela-russia","status":"publish","type":"post","link":"http:\/\/blogdalucianaoliveira.com.br\/blog\/2022\/02\/24\/entenda-o-que-esta-em-jogo-na-invasao-da-ucrania-pela-russia\/","title":{"rendered":"Entenda o que est\u00e1 em jogo na invas\u00e3o da Ucr\u00e2nia pela R\u00fassia"},"content":{"rendered":"\n<figure class=\"wp-block-image size-large\"><img data-recalc-dims=\"1\" loading=\"lazy\" decoding=\"async\" width=\"600\" height=\"425\" data-attachment-id=\"33331\" data-permalink=\"http:\/\/blogdalucianaoliveira.com.br\/blog\/2022\/02\/24\/entenda-o-que-esta-em-jogo-na-invasao-da-ucrania-pela-russia\/ukraine-russia-conflict\/\" data-orig-file=\"https:\/\/i0.wp.com\/blogdalucianaoliveira.com.br\/blog\/wp-content\/uploads\/2022\/02\/03263013-9F88-43CB-90BD-ABF860DA5D2C.jpeg?fit=800%2C566\" data-orig-size=\"800,566\" data-comments-opened=\"0\" data-image-meta=\"{&quot;aperture&quot;:&quot;0&quot;,&quot;credit&quot;:&quot;AFP&quot;,&quot;camera&quot;:&quot;&quot;,&quot;caption&quot;:&quot;Ukrainian Military Forces servicemen block a road in the so-called government quarter in Kyiv on February 24, 2022 as Russia&#039;s ground forces invaded Ukraine from several directions today, encircling the country within hours of Russian President announcing his decision to launch an assault. - Heavy Russian tanks and other equipment crossed the frontier in a string of northern regions as well as from the Kremlin-annexed peninsula of Crimea in the south. They were also advancing into the Western-backed government&#039;s territory along the eastern front, where a separatist insurgency has claimed more than 14,000 lives since 2014. (Photo by Sergei SUPINSKY \\\/ AFP)&quot;,&quot;created_timestamp&quot;:&quot;1645713321&quot;,&quot;copyright&quot;:&quot;AFP or licensors&quot;,&quot;focal_length&quot;:&quot;0&quot;,&quot;iso&quot;:&quot;0&quot;,&quot;shutter_speed&quot;:&quot;0&quot;,&quot;title&quot;:&quot;UKRAINE-RUSSIA-CONFLICT&quot;,&quot;orientation&quot;:&quot;0&quot;}\" data-image-title=\"UKRAINE-RUSSIA-CONFLICT\" data-image-description=\"\" data-image-caption=\"&lt;p&gt;Ukrainian Military Forces servicemen block a road in the so-called government quarter in Kyiv on February 24, 2022 as Russia&amp;#8217;s ground forces invaded Ukraine from several directions today, encircling the country within hours of Russian President announcing his decision to launch an assault. &amp;#8211; Heavy Russian tanks and other equipment crossed the frontier in a string of northern regions as well as from the Kremlin-annexed peninsula of Crimea in the south. They were also advancing into the Western-backed government&amp;#8217;s territory along the eastern front, where a separatist insurgency has claimed more than 14,000 lives since 2014. (Photo by Sergei SUPINSKY \/ AFP)&lt;\/p&gt;\n\" data-medium-file=\"https:\/\/i0.wp.com\/blogdalucianaoliveira.com.br\/blog\/wp-content\/uploads\/2022\/02\/03263013-9F88-43CB-90BD-ABF860DA5D2C.jpeg?fit=300%2C212\" data-large-file=\"https:\/\/i0.wp.com\/blogdalucianaoliveira.com.br\/blog\/wp-content\/uploads\/2022\/02\/03263013-9F88-43CB-90BD-ABF860DA5D2C.jpeg?fit=600%2C425\" src=\"https:\/\/i0.wp.com\/blogdalucianaoliveira.com.br\/blog\/wp-content\/uploads\/2022\/02\/03263013-9F88-43CB-90BD-ABF860DA5D2C.jpeg?resize=600%2C425\" alt=\"\" class=\"wp-image-33331\" srcset=\"https:\/\/i0.wp.com\/blogdalucianaoliveira.com.br\/blog\/wp-content\/uploads\/2022\/02\/03263013-9F88-43CB-90BD-ABF860DA5D2C.jpeg?w=800 800w, https:\/\/i0.wp.com\/blogdalucianaoliveira.com.br\/blog\/wp-content\/uploads\/2022\/02\/03263013-9F88-43CB-90BD-ABF860DA5D2C.jpeg?resize=300%2C212 300w, https:\/\/i0.wp.com\/blogdalucianaoliveira.com.br\/blog\/wp-content\/uploads\/2022\/02\/03263013-9F88-43CB-90BD-ABF860DA5D2C.jpeg?resize=768%2C543 768w, https:\/\/i0.wp.com\/blogdalucianaoliveira.com.br\/blog\/wp-content\/uploads\/2022\/02\/03263013-9F88-43CB-90BD-ABF860DA5D2C.jpeg?resize=424%2C300 424w\" sizes=\"auto, (max-width: 600px) 100vw, 600px\" \/><\/figure>\n\n\n\n<h4 class=\"wp-block-heading\">Conflito b\u00e9lico no leste europeu envolve temas como o desenho da seguran\u00e7a na Europa, separatismo e energia<\/h4>\n\n\n\n<!--more-->\n\n\n\n<p>Thales Schmidt\u00a0&#8211; Brasil de Fato | S\u00e3o Paulo (SP) |<\/p>\n\n\n\n<p>Para al\u00e9m das a\u00e7\u00f5es e discursos das \u00faltimas horas, que viu o ex\u00e9rcito russo entrar em territ\u00f3rio ucraniano,&nbsp;o conflito militar entre R\u00fassia e Ucr\u00e2nia envolve temas estrat\u00e9gicos como os limites da Organiza\u00e7\u00e3o do Tratado do Atl\u00e2ntico Norte (Otan), separatismo na Ucr\u00e2nia e tamb\u00e9m a governan\u00e7a e distribui\u00e7\u00e3o de recursos energ\u00e9ticos.<\/p>\n\n\n\n<p>OTAN<\/p>\n\n\n\n<p>A R\u00fassia alega que a Otan, e o pa\u00eds com maior poderio b\u00e9lico da alian\u00e7a militar, os Estados Unidos, romperam um trato firmado ap\u00f3s a Guerra Fria de n\u00e3o se expandir para al\u00e9m de seus limites quando da queda do Muro de Berlim.<\/p>\n\n\n\n<p>A Otan e os EUA, por sua vez, negam esse acordo e desde o fim da Uni\u00e3o Sovi\u00e9tica t\u00eam admitido pa\u00edses do leste europeu, inclusive ex-rep\u00fablicas sovi\u00e9ticas, na alian\u00e7a militar.<\/p>\n\n\n\n<p>O presidente da R\u00fassia, Vladimir Putin, pede garantias de que a Ucr\u00e2nia n\u00e3o entrar\u00e1 para a Otan, de que armas n\u00e3o ser\u00e3o posicionadas perto das fronteiras de seu pa\u00eds e tamb\u00e9m que a alian\u00e7a retorne para n\u00edveis de &#8220;capacidade e infraestrutura para o n\u00edvel de 1997&#8221;.<\/p>\n\n\n\n<p>A Otan e os EUA negam retornar aos seus n\u00edveis do s\u00e9culo XX, mas o presidente da Fran\u00e7a,&nbsp;<a href=\"https:\/\/www.brasildefato.com.br\/2022\/02\/08\/macron-visita-a-ucrania-apos-encontrar-putin-e-defende-dialogo-para-por-fim-a-crise\" target=\"_blank\" rel=\"noreferrer noopener\">Emmanuel Macron<\/a>, e o chanceler da Alemanha,&nbsp;<a href=\"https:\/\/www.brasildefato.com.br\/2022\/02\/15\/retirada-de-tropas-russas-e-bom-sinal-diz-chanceler-alemao-em-moscou\" target=\"_blank\" rel=\"noreferrer noopener\">Olaf Scholz<\/a>, concederam em declara\u00e7\u00f5es recentes que a Ucr\u00e2nia dever\u00e1 ficar fora da alian\u00e7a militar.<\/p>\n\n\n\n<p>\u201cA R\u00fassia se move conscientemente em dire\u00e7\u00e3o a um conflito com o Ocidente, tenta conseguir do Ocidente que ele mude as regras do jogo em diversas esferas e busca reconstruir a ordem europeia que se formou ap\u00f3s a Guerra Fria\u201d, afirmou o analista-s\u00eanior do<em>&nbsp;International Crisis Group<\/em>&nbsp;para a R\u00fassia, Oleg Ignatov, em&nbsp;<a href=\"https:\/\/www.brasildefato.com.br\/2022\/02\/23\/com-diplomacia-das-linhas-vermelhas-e-forca-militar-putin-tenta-remodelar-ordem-europeia\" target=\"_blank\" rel=\"noreferrer noopener\">entrevista ao Brasil de Fato<\/a>&nbsp;na quarta-feira (23).<\/p>\n\n\n\n<p>Qual o papel das rep\u00fablicas separatistas de Donetsk e Lugansk?<\/p>\n\n\n\n<p>Outro elemento central para o conflito \u00e9 o status das autoproclamadas Rep\u00fablicas Populares de Donetsk e Lugansk. Ao anunciar a &#8220;opera\u00e7\u00e3o militar&#8221; contra a Ucr\u00e2nia, Putin disse que a Ucr\u00e2nia comete um &#8220;genoc\u00eddio&#8221; contras os russos \u00e9tnicos do local.<\/p>\n\n\n\n<p><a href=\"https:\/\/www.brasildefato.com.br\/2022\/02\/18\/regioes-separatistas-de-donetsk-e-lugansk-anunciam-evacuacao-em-massa-de-civis-para-russia\" target=\"_blank\" rel=\"noreferrer noopener\">:: Regi\u00f5es separatistas de Donetsk e Lugansk anunciam evacua\u00e7\u00e3o em massa de civis para R\u00fassia ::<\/a><\/p>\n\n\n\n<p>A movimenta\u00e7\u00e3o separatista na regi\u00e3o come\u00e7ou ap\u00f3s o golpe de Estado de 2014 na Ucr\u00e2nia, quando estas regi\u00f5es se proclamaram independentes do governo de Kiev e adotaram uma Constitui\u00e7\u00e3o pr\u00f3pria. No mesmo ano, a R\u00fassia anexou a Crimeia, at\u00e9 ent\u00e3o parte do territ\u00f3rio ucraniano.<\/p>\n\n\n\n<p><a href=\"https:\/\/www.brasildefato.com.br\/2022\/02\/21\/putin-reconhece-independencia-de-regioes-separatistas-do-leste-da-ucrania\" target=\"_blank\" rel=\"noreferrer noopener\">Putin reconheceu os separatistas<\/a>&nbsp;nesta semana e os limites territoriais dessa decis\u00e3o s\u00e3o importantes. As posi\u00e7\u00f5es controladas&nbsp;pelos rebeldes pr\u00f3-R\u00fassia s\u00e3o menores do que as fronteiras dos distritos de Donetsk e Lugansk em suas constitui\u00e7\u00f5es oficiais pela vis\u00e3o ucraniana.<\/p>\n\n\n\n<p>Putin j\u00e1 afirmou que reconhece os limites das Constitui\u00e7\u00f5es das autodeclaradas rep\u00fablicas e que poderia discutir a quest\u00e3o fronteiri\u00e7a com Kiev, mas&nbsp;<a href=\"https:\/\/www.brasildefato.com.br\/2022\/02\/23\/com-diplomacia-das-linhas-vermelhas-e-forca-militar-putin-tenta-remodelar-ordem-europeia\" target=\"_blank\" rel=\"noreferrer noopener\">\u00e9 improv\u00e1vel<\/a>&nbsp;que as autoridades ucranianas aceitem essa negocia\u00e7\u00e3o, j\u00e1 que seria uma cess\u00e3o razo\u00e1vel de territ\u00f3rio.<\/p>\n\n\n\n<p>O conflito na Ucr\u00e2nia entre os separatistas e as for\u00e7as estatais de seguran\u00e7a j\u00e1 causaram cerca de 14 mil mortos.<\/p>\n\n\n\n<p>Gasoduto interrompido<\/p>\n\n\n\n<p>R\u00fassia e Alemanha constru\u00edram um gasoduto de 9,5 bilh\u00f5es de euros, cerca de R$ 54 bilh\u00f5es, para no final da obra deix\u00e1-la com a torneira fechada. O Nord Stream 2 liga o oeste da R\u00fassia, passando pelo Mar B\u00e1ltico, at\u00e9 o nordeste da Alemanha, mas teve sua&nbsp;<a href=\"https:\/\/www.brasildefato.com.br\/2022\/02\/22\/apos-putin-reconhecer-separatistas-alemanha-suspende-certificacao-de-gasoduto-russo\" target=\"_blank\" rel=\"noreferrer noopener\">certifica\u00e7\u00e3o suspensa<\/a>&nbsp;por Berlim ap\u00f3s a R\u00fassia reconhecer os separatistas ucranianos.<\/p>\n\n\n\n<p><a href=\"https:\/\/www.brasildefato.com.br\/2022\/02\/09\/janela-para-o-oriente-russia-estreita-lacos-com-china-e-busca-minar-hegemonia-dos-eua\" target=\"_blank\" rel=\"noreferrer noopener\">:: Janela para o Oriente: R\u00fassia estreita la\u00e7os com China e busca minar hegemonia dos EUA ::<\/a><\/p>\n\n\n\n<p>A R\u00fassia \u00e9 respons\u00e1vel pelo fornecimento de cerca de 40% do g\u00e1s natural da Europa e, assim como os europeus dependem do g\u00e1s russo, a venda dessa comoddity&nbsp;<a href=\"https:\/\/www.brasildefato.com.br\/2022\/02\/02\/gas-da-russia-vira-instrumento-geopolitico-na-crise-ucraniana\" target=\"_blank\" rel=\"noreferrer noopener\">tamb\u00e9m \u00e9 central para a economia de Moscou<\/a>.<\/p>\n\n\n\n<p>&#8220;Bem-vindo ao admir\u00e1vel mundo novo, onde os europeus muito em breve pagar\u00e3o 2.000 euros por 1.000 metros c\u00fabicos de g\u00e1s natural\u201d, disse o vice-presidente do Conselho de Seguran\u00e7a da R\u00fassia, Dmitry Medvedev.<\/p>\n","protected":false},"excerpt":{"rendered":"<p>Conflito b\u00e9lico no leste europeu envolve temas como o desenho da seguran\u00e7a na Europa, separatismo e energia<\/p>\n","protected":false},"author":1,"featured_media":0,"comment_status":"closed","ping_status":"open","sticky":false,"template":"","format":"standard","meta":{"_exactmetrics_skip_tracking":false,"_exactmetrics_sitenote_active":false,"_exactmetrics_sitenote_note":"","_exactmetrics_sitenote_category":0,"jetpack_post_was_ever_published":false,"_jetpack_newsletter_access":"","_jetpack_dont_email_post_to_subs":false,"_jetpack_newsletter_tier_id":0,"_jetpack_memberships_contains_paywalled_content":false,"_jetpack_memberships_contains_paid_content":false,"footnotes":"","jetpack_publicize_message":"","jetpack_publicize_feature_enabled":true,"jetpack_social_post_already_shared":true,"jetpack_social_options":{"image_generator_settings":{"template":"highway","enabled":false},"version":2}},"categories":[1],"tags":[],"class_list":["post-33330","post","type-post","status-publish","format-standard","hentry","category-notas"],"jetpack_publicize_connections":[],"jetpack_sharing_enabled":true,"jetpack_featured_media_url":"","jetpack_shortlink":"https:\/\/wp.me\/p7wKYW-8FA","jetpack-related-posts":[],"_links":{"self":[{"href":"http:\/\/blogdalucianaoliveira.com.br\/blog\/wp-json\/wp\/v2\/posts\/33330","targetHints":{"allow":["GET"]}}],"collection":[{"href":"http:\/\/blogdalucianaoliveira.com.br\/blog\/wp-json\/wp\/v2\/posts"}],"about":[{"href":"http:\/\/blogdalucianaoliveira.com.br\/blog\/wp-json\/wp\/v2\/types\/post"}],"author":[{"embeddable":true,"href":"http:\/\/blogdalucianaoliveira.com.br\/blog\/wp-json\/wp\/v2\/users\/1"}],"replies":[{"embeddable":true,"href":"http:\/\/blogdalucianaoliveira.com.br\/blog\/wp-json\/wp\/v2\/comments?post=33330"}],"version-history":[{"count":1,"href":"http:\/\/blogdalucianaoliveira.com.br\/blog\/wp-json\/wp\/v2\/posts\/33330\/revisions"}],"predecessor-version":[{"id":33332,"href":"http:\/\/blogdalucianaoliveira.com.br\/blog\/wp-json\/wp\/v2\/posts\/33330\/revisions\/33332"}],"wp:attachment":[{"href":"http:\/\/blogdalucianaoliveira.com.br\/blog\/wp-json\/wp\/v2\/media?parent=33330"}],"wp:term":[{"taxonomy":"category","embeddable":true,"href":"http:\/\/blogdalucianaoliveira.com.br\/blog\/wp-json\/wp\/v2\/categories?post=33330"},{"taxonomy":"post_tag","embeddable":true,"href":"http:\/\/blogdalucianaoliveira.com.br\/blog\/wp-json\/wp\/v2\/tags?post=33330"}],"curies":[{"name":"wp","href":"https:\/\/api.w.org\/{rel}","templated":true}]}}