{"id":33336,"date":"2022-02-28T08:27:30","date_gmt":"2022-02-28T12:27:30","guid":{"rendered":"http:\/\/blogdalucianaoliveira.com.br\/blog\/?p=33336"},"modified":"2022-02-28T08:27:37","modified_gmt":"2022-02-28T12:27:37","slug":"tristeza-por-favor-va-embora","status":"publish","type":"post","link":"http:\/\/blogdalucianaoliveira.com.br\/blog\/2022\/02\/28\/tristeza-por-favor-va-embora\/","title":{"rendered":"Tristeza, por favor v\u00e1 embora"},"content":{"rendered":"\n<figure class=\"wp-block-image size-large\"><img data-recalc-dims=\"1\" loading=\"lazy\" decoding=\"async\" width=\"600\" height=\"747\" data-attachment-id=\"33337\" data-permalink=\"http:\/\/blogdalucianaoliveira.com.br\/blog\/2022\/02\/28\/tristeza-por-favor-va-embora\/258d3d09-3466-4720-aff6-582c4011b8c5\/\" data-orig-file=\"https:\/\/i0.wp.com\/blogdalucianaoliveira.com.br\/blog\/wp-content\/uploads\/2022\/02\/258D3D09-3466-4720-AFF6-582C4011B8C5.jpeg?fit=771%2C960\" data-orig-size=\"771,960\" data-comments-opened=\"0\" data-image-meta=\"{&quot;aperture&quot;:&quot;0&quot;,&quot;credit&quot;:&quot;&quot;,&quot;camera&quot;:&quot;&quot;,&quot;caption&quot;:&quot;&quot;,&quot;created_timestamp&quot;:&quot;0&quot;,&quot;copyright&quot;:&quot;&quot;,&quot;focal_length&quot;:&quot;0&quot;,&quot;iso&quot;:&quot;0&quot;,&quot;shutter_speed&quot;:&quot;0&quot;,&quot;title&quot;:&quot;&quot;,&quot;orientation&quot;:&quot;1&quot;}\" data-image-title=\"258D3D09-3466-4720-AFF6-582C4011B8C5\" data-image-description=\"\" data-image-caption=\"\" data-medium-file=\"https:\/\/i0.wp.com\/blogdalucianaoliveira.com.br\/blog\/wp-content\/uploads\/2022\/02\/258D3D09-3466-4720-AFF6-582C4011B8C5.jpeg?fit=241%2C300\" data-large-file=\"https:\/\/i0.wp.com\/blogdalucianaoliveira.com.br\/blog\/wp-content\/uploads\/2022\/02\/258D3D09-3466-4720-AFF6-582C4011B8C5.jpeg?fit=600%2C747\" src=\"https:\/\/i0.wp.com\/blogdalucianaoliveira.com.br\/blog\/wp-content\/uploads\/2022\/02\/258D3D09-3466-4720-AFF6-582C4011B8C5.jpeg?resize=600%2C747\" alt=\"\" class=\"wp-image-33337\" srcset=\"https:\/\/i0.wp.com\/blogdalucianaoliveira.com.br\/blog\/wp-content\/uploads\/2022\/02\/258D3D09-3466-4720-AFF6-582C4011B8C5.jpeg?w=771 771w, https:\/\/i0.wp.com\/blogdalucianaoliveira.com.br\/blog\/wp-content\/uploads\/2022\/02\/258D3D09-3466-4720-AFF6-582C4011B8C5.jpeg?resize=241%2C300 241w, https:\/\/i0.wp.com\/blogdalucianaoliveira.com.br\/blog\/wp-content\/uploads\/2022\/02\/258D3D09-3466-4720-AFF6-582C4011B8C5.jpeg?resize=768%2C956 768w\" sizes=\"auto, (max-width: 600px) 100vw, 600px\" \/><\/figure>\n\n\n\n<p><\/p>\n\n\n\n<p>Por ter sido sempre da ala da melancolia, <br>\no carnaval soa pra mim como um velho samba <br>\nantigo na voz triste do mestre Cartola, <br>\ne o meu cora\u00e7\u00e3o, <br>\nesse puxador de samba da mem\u00f3ria, <br>\nmais parece um velho palha\u00e7o <br>\nperdido no meio do sal\u00e3o.<\/p>\n\n\n\n<p>Nesse mund\u00e3o velho e fora de ritmo, <br>\no povo brasileiro \u00e9 o \u00fanico que consegue<br>\ntransformar sofrimento em festa, <br>\nsem usurpar a alegria de ningu\u00e9m.<\/p>\n\n\n\n<p>E com o suor pisado no rosto <br>\ne o sangue escorrendo nos p\u00e9s, <br>\na gente entoa um mantra do Jair Rodrigues <br>\ncomo se implorasse aos c\u00e9us:<\/p>\n\n\n\n<p>\u201c\u2026 tristeeeeza por favor vai embora.\u201d<\/p>\n\n\n\n<p>Sergio Vaz<\/p>\n\n\n\n<p>*Trecho do &#8220;Unidos da pedra do reino&#8221;, do livro &#8221; Literatura, p\u00e3o e poesia&#8221; da Global editora.<\/p>\n","protected":false},"excerpt":{"rendered":"<p>Por ter sido sempre da ala da melancolia, o carnaval soa pra mim como um velho samba antigo na voz triste do mestre Cartola, e o meu cora\u00e7\u00e3o, esse puxador de samba da mem\u00f3ria, mais parece um velho palha\u00e7o perdido no meio do sal\u00e3o. Nesse mund\u00e3o velho e fora de ritmo, o povo brasileiro \u00e9&#8230;<a class=\"more-link\" href=\"http:\/\/blogdalucianaoliveira.com.br\/blog\/2022\/02\/28\/tristeza-por-favor-va-embora\/\">Continue a leitura <span class=\"meta-nav\">&raquo;<\/span><\/a><\/p>\n","protected":false},"author":1,"featured_media":0,"comment_status":"closed","ping_status":"open","sticky":false,"template":"","format":"standard","meta":{"_exactmetrics_skip_tracking":false,"_exactmetrics_sitenote_active":false,"_exactmetrics_sitenote_note":"","_exactmetrics_sitenote_category":0,"jetpack_post_was_ever_published":false,"_jetpack_newsletter_access":"","_jetpack_dont_email_post_to_subs":false,"_jetpack_newsletter_tier_id":0,"_jetpack_memberships_contains_paywalled_content":false,"_jetpack_memberships_contains_paid_content":false,"footnotes":"","jetpack_publicize_message":"","jetpack_publicize_feature_enabled":true,"jetpack_social_post_already_shared":true,"jetpack_social_options":{"image_generator_settings":{"template":"highway","enabled":false},"version":2}},"categories":[1],"tags":[],"class_list":["post-33336","post","type-post","status-publish","format-standard","hentry","category-notas"],"jetpack_publicize_connections":[],"jetpack_sharing_enabled":true,"jetpack_featured_media_url":"","jetpack_shortlink":"https:\/\/wp.me\/p7wKYW-8FG","jetpack-related-posts":[],"_links":{"self":[{"href":"http:\/\/blogdalucianaoliveira.com.br\/blog\/wp-json\/wp\/v2\/posts\/33336","targetHints":{"allow":["GET"]}}],"collection":[{"href":"http:\/\/blogdalucianaoliveira.com.br\/blog\/wp-json\/wp\/v2\/posts"}],"about":[{"href":"http:\/\/blogdalucianaoliveira.com.br\/blog\/wp-json\/wp\/v2\/types\/post"}],"author":[{"embeddable":true,"href":"http:\/\/blogdalucianaoliveira.com.br\/blog\/wp-json\/wp\/v2\/users\/1"}],"replies":[{"embeddable":true,"href":"http:\/\/blogdalucianaoliveira.com.br\/blog\/wp-json\/wp\/v2\/comments?post=33336"}],"version-history":[{"count":1,"href":"http:\/\/blogdalucianaoliveira.com.br\/blog\/wp-json\/wp\/v2\/posts\/33336\/revisions"}],"predecessor-version":[{"id":33338,"href":"http:\/\/blogdalucianaoliveira.com.br\/blog\/wp-json\/wp\/v2\/posts\/33336\/revisions\/33338"}],"wp:attachment":[{"href":"http:\/\/blogdalucianaoliveira.com.br\/blog\/wp-json\/wp\/v2\/media?parent=33336"}],"wp:term":[{"taxonomy":"category","embeddable":true,"href":"http:\/\/blogdalucianaoliveira.com.br\/blog\/wp-json\/wp\/v2\/categories?post=33336"},{"taxonomy":"post_tag","embeddable":true,"href":"http:\/\/blogdalucianaoliveira.com.br\/blog\/wp-json\/wp\/v2\/tags?post=33336"}],"curies":[{"name":"wp","href":"https:\/\/api.w.org\/{rel}","templated":true}]}}