{"id":33343,"date":"2022-03-02T15:49:31","date_gmt":"2022-03-02T19:49:31","guid":{"rendered":"http:\/\/blogdalucianaoliveira.com.br\/blog\/?p=33343"},"modified":"2022-03-02T15:49:37","modified_gmt":"2022-03-02T19:49:37","slug":"90-anos-do-voto-feminino-precisamos-de-mais-mulheres-na-politica","status":"publish","type":"post","link":"http:\/\/blogdalucianaoliveira.com.br\/blog\/2022\/03\/02\/90-anos-do-voto-feminino-precisamos-de-mais-mulheres-na-politica\/","title":{"rendered":"90 anos do voto feminino: precisamos de mais mulheres na pol\u00edtica"},"content":{"rendered":"\n<figure class=\"wp-block-image size-large\"><img data-recalc-dims=\"1\" loading=\"lazy\" decoding=\"async\" width=\"600\" height=\"401\" data-attachment-id=\"33344\" data-permalink=\"http:\/\/blogdalucianaoliveira.com.br\/blog\/2022\/03\/02\/90-anos-do-voto-feminino-precisamos-de-mais-mulheres-na-politica\/b4a965a0-2809-42f7-bd47-977b4df80621\/\" data-orig-file=\"https:\/\/i0.wp.com\/blogdalucianaoliveira.com.br\/blog\/wp-content\/uploads\/2022\/03\/B4A965A0-2809-42F7-BD47-977B4DF80621.jpeg?fit=800%2C534\" data-orig-size=\"800,534\" data-comments-opened=\"0\" data-image-meta=\"{&quot;aperture&quot;:&quot;0&quot;,&quot;credit&quot;:&quot;&quot;,&quot;camera&quot;:&quot;&quot;,&quot;caption&quot;:&quot;&quot;,&quot;created_timestamp&quot;:&quot;0&quot;,&quot;copyright&quot;:&quot;&quot;,&quot;focal_length&quot;:&quot;0&quot;,&quot;iso&quot;:&quot;0&quot;,&quot;shutter_speed&quot;:&quot;0&quot;,&quot;title&quot;:&quot;&quot;,&quot;orientation&quot;:&quot;0&quot;}\" data-image-title=\"B4A965A0-2809-42F7-BD47-977B4DF80621\" data-image-description=\"\" data-image-caption=\"\" data-medium-file=\"https:\/\/i0.wp.com\/blogdalucianaoliveira.com.br\/blog\/wp-content\/uploads\/2022\/03\/B4A965A0-2809-42F7-BD47-977B4DF80621.jpeg?fit=300%2C200\" data-large-file=\"https:\/\/i0.wp.com\/blogdalucianaoliveira.com.br\/blog\/wp-content\/uploads\/2022\/03\/B4A965A0-2809-42F7-BD47-977B4DF80621.jpeg?fit=600%2C401\" src=\"https:\/\/i0.wp.com\/blogdalucianaoliveira.com.br\/blog\/wp-content\/uploads\/2022\/03\/B4A965A0-2809-42F7-BD47-977B4DF80621.jpeg?resize=600%2C401\" alt=\"\" class=\"wp-image-33344\" srcset=\"https:\/\/i0.wp.com\/blogdalucianaoliveira.com.br\/blog\/wp-content\/uploads\/2022\/03\/B4A965A0-2809-42F7-BD47-977B4DF80621.jpeg?w=800 800w, https:\/\/i0.wp.com\/blogdalucianaoliveira.com.br\/blog\/wp-content\/uploads\/2022\/03\/B4A965A0-2809-42F7-BD47-977B4DF80621.jpeg?resize=300%2C200 300w, https:\/\/i0.wp.com\/blogdalucianaoliveira.com.br\/blog\/wp-content\/uploads\/2022\/03\/B4A965A0-2809-42F7-BD47-977B4DF80621.jpeg?resize=768%2C513 768w, https:\/\/i0.wp.com\/blogdalucianaoliveira.com.br\/blog\/wp-content\/uploads\/2022\/03\/B4A965A0-2809-42F7-BD47-977B4DF80621.jpeg?resize=449%2C300 449w\" sizes=\"auto, (max-width: 600px) 100vw, 600px\" \/><\/figure>\n\n\n\n<blockquote class=\"wp-block-quote is-layout-flow wp-block-quote-is-layout-flow\"><p>Hoje, nossa luta \u00e9 pela reserva de cadeiras para as mulheres no parlamento<\/p><\/blockquote>\n\n\n\n<!--more-->\n\n\n\n<p>Brasil de Fato &#8211; O voto feminino foi institu\u00eddo no Brasil h\u00e1 90 anos, fruto da luta das mulheres. Contudo, a presen\u00e7a delas nos espa\u00e7os de decis\u00e3o ainda \u00e9 muito aqu\u00e9m de sua responsabilidade na sociedade, no mercado de trabalho, na cria\u00e7\u00e3o dos filhos e no sustento de suas casas.<\/p>\n\n\n\n<p>Atualmente, 51,8% da popula\u00e7\u00e3o s\u00e3o de mulheres, segundo dados de 2019 da Pesquisa Nacional por Amostra de Domic\u00edlios (Pnad cont\u00ednua), sendo elas 52,5% do total de&nbsp;eleitores brasileiros.<\/p>\n\n\n\n<p>Elas s\u00e3o o esteio financeiro de 45% dos lares brasileiros. No entanto, tem apenas 15% de representa\u00e7\u00e3o na C\u00e2mara Federal, totalizando 77 deputadas entre os 513 eleitos em 2018. Na legislatura anterior, era ainda menos:\u00a0apenas 51 deputadas, o que representa 10% do total de eleitos. No Senado, s\u00e3o 13 dos 81 eleitos em 2018. No Executivo, a participa\u00e7\u00e3o \u00e9 ainda menor.<\/p>\n\n\n\n<p><strong>Desigualdade na hist\u00f3ria<\/strong><\/p>\n\n\n\n<p>Existe uma desigualdade de g\u00eanero que perdura no Brasil e sobre a qual precisamos refletir e tomar decis\u00f5es para que seja superada o mais r\u00e1pido poss\u00edvel. A conquista do voto feminino s\u00f3 aconteceu em 1932 e, ao contr\u00e1rio do sufr\u00e1gio masculino, o voto n\u00e3o era obrigat\u00f3rio para as mulheres sem renda. Na pr\u00e1tica, deixou as mulheres \u00e0 merc\u00ea do que era imposto pelos maridos. Essa diferencia\u00e7\u00e3o de g\u00eanero significou um percentual menor de mulheres votando e menos ainda concorrendo aos cargos eletivos.<\/p>\n\n\n\n<p>O direito pleno \u00e0 participa\u00e7\u00e3o eleitoral, equiparado aos homens, s\u00f3 aconteceu com a reforma do c\u00f3digo eleitoral, em 1965 e, de l\u00e1 para c\u00e1, avan\u00e7amos, mas ainda estamos muito aqu\u00e9m do necess\u00e1rio. J\u00e1 elegemos mulheres governadoras e tivemos uma presidente da Rep\u00fablica mulher. Mas todas elas sofreram e sofrem com a viol\u00eancia pol\u00edtica de g\u00eanero, com o ass\u00e9dio e para se destacarem precisam se desdobrar e provar, dia ap\u00f3s dia, que s\u00e3o capazes.<\/p>\n\n\n\n<p><strong>Tripla jornada de trabalho<\/strong><\/p>\n\n\n\n<p>As mulheres ainda fazem, quase que sozinhas, as tarefas dom\u00e9sticas. Acumulam uma tripla jornada de trabalho. A cultura machista perdura, enraizada na sociedade e nos partidos pol\u00edticos, onde, necessariamente, as mulheres precisam estar para ocupar mais espa\u00e7os de poder.<\/p>\n\n\n\n<p>Algumas medidas importantes foram conquistadas, como as cotas nas chapas para as elei\u00e7\u00f5es proporcionais e a&nbsp;<a href=\"https:\/\/www.brasildefato.com.br\/2020\/08\/26\/tse-aprova-distribuicao-dos-fundos-partidario-e-eleitoral-para-candidaturas-negras\" target=\"_blank\" rel=\"noreferrer noopener\">destina\u00e7\u00e3o proporcional dos recursos do fundo partid\u00e1rio para as candidaturas femininas<\/a>.<\/p>\n\n\n\n<p>A conquista mais recente, aprovada na reforma eleitoral do ano passado, \u00e9 a contagem em dobro dos votos em mulheres e negros para a C\u00e2mara dos Deputados para fins de c\u00e1lculo do rateio dos fundos partid\u00e1rio e eleitoral. \u00c9 uma forma de incentivo aos partidos pol\u00edticos conservadores que burlam a legisla\u00e7\u00e3o, principalmente por meio das chamadas &#8220;candidaturas laranjas&#8221;.<\/p>\n\n\n\n<p>Claro&nbsp;que nem todos fazem isso; o meu PCdoB, por exemplo, investe nas candidaturas femininas e \u00e9 o partido com maior percentual de mulheres deputadas, proporcionalmente \u00e0 bancada. Al\u00e9m disso, nossa presidente nacional \u00e9 mulher, temos duas vice-presidentes nacionais, nossa secret\u00e1ria nacional de comunica\u00e7\u00e3o \u00e9 mulher, tivemos uma candidata a vice-presidente da Rep\u00fablica na elei\u00e7\u00e3o passada. Mas essa n\u00e3o \u00e9 a regra geral entre os partidos. Por isso, \u00e9 preciso fiscalizar o cumprimento da lei.<\/p>\n\n\n\n<p><strong><a href=\"https:\/\/www.brasildefato.com.br\/2021\/03\/08\/qual-a-origem-verdadeira-do-8-de-marco-das-mulheres-confira-no-programa-bem-viver\" target=\"_blank\" rel=\"noreferrer noopener\">::&nbsp;Qual a origem verdadeira do 8 de Mar\u00e7o das Mulheres? Saiba no programa Bem Viver ::<\/a><\/strong><\/p>\n\n\n\n<p><strong>Reserva de cadeiras<\/strong><\/p>\n\n\n\n<p>Hoje, nossa luta \u00e9 pela reserva de cadeiras para as mulheres no parlamento. \u00c9 uma medida necess\u00e1ria, porque, somente com a presen\u00e7a de mais mulheres, ser\u00e1 poss\u00edvel alterar a cultura machista e aprovar medidas e leis que favore\u00e7am o ingresso de mais mulheres na pol\u00edtica.<\/p>\n\n\n\n<p>As elei\u00e7\u00f5es que se aproximam ser\u00e3o importantes para que as mulheres ocupem mais espa\u00e7os e sejam eleitas. No que depender do meu partido e de mim, essa \u00e9 uma estrada que n\u00e3o tem volta. Seguiremos em frente, at\u00e9 conquistarmos a equival\u00eancia de representa\u00e7\u00e3o de g\u00eanero, na medida da presen\u00e7a e das responsabilidades que as mulheres t\u00eam na sociedade.<br>&nbsp;<\/p>\n\n\n\n<p><em>*Vanessa Grazziotin \u00e9 ex-senadora da Rep\u00fablica e membro do Comit\u00ea Central do PCdoB.&nbsp;<a href=\"https:\/\/www.brasildefato.com.br\/colunistas\/vanessa-grazziotin\" target=\"_blank\" rel=\"noreferrer noopener\">Leia outros artigos.<\/a><\/em><\/p>\n\n\n\n<p><em>**Este \u00e9 um artigo de opini\u00e3o. A vis\u00e3o do autor n\u00e3o necessariamente expressa a linha editorial do jornal&nbsp;<strong>Brasil de Fato<\/strong>.<\/em><\/p>\n\n\n\n<p>Edi\u00e7\u00e3o: Rodrigo Dur\u00e3o Coelho<\/p>\n","protected":false},"excerpt":{"rendered":"<p>Hoje, nossa luta \u00e9 pela reserva de cadeiras para as mulheres no parlamento<\/p>\n","protected":false},"author":1,"featured_media":0,"comment_status":"closed","ping_status":"open","sticky":false,"template":"","format":"standard","meta":{"_exactmetrics_skip_tracking":false,"_exactmetrics_sitenote_active":false,"_exactmetrics_sitenote_note":"","_exactmetrics_sitenote_category":0,"jetpack_post_was_ever_published":false,"_jetpack_newsletter_access":"","_jetpack_dont_email_post_to_subs":false,"_jetpack_newsletter_tier_id":0,"_jetpack_memberships_contains_paywalled_content":false,"_jetpack_memberships_contains_paid_content":false,"footnotes":"","jetpack_publicize_message":"","jetpack_publicize_feature_enabled":true,"jetpack_social_post_already_shared":true,"jetpack_social_options":{"image_generator_settings":{"template":"highway","enabled":false},"version":2}},"categories":[1],"tags":[],"class_list":["post-33343","post","type-post","status-publish","format-standard","hentry","category-notas"],"jetpack_publicize_connections":[],"jetpack_sharing_enabled":true,"jetpack_featured_media_url":"","jetpack_shortlink":"https:\/\/wp.me\/p7wKYW-8FN","jetpack-related-posts":[],"_links":{"self":[{"href":"http:\/\/blogdalucianaoliveira.com.br\/blog\/wp-json\/wp\/v2\/posts\/33343","targetHints":{"allow":["GET"]}}],"collection":[{"href":"http:\/\/blogdalucianaoliveira.com.br\/blog\/wp-json\/wp\/v2\/posts"}],"about":[{"href":"http:\/\/blogdalucianaoliveira.com.br\/blog\/wp-json\/wp\/v2\/types\/post"}],"author":[{"embeddable":true,"href":"http:\/\/blogdalucianaoliveira.com.br\/blog\/wp-json\/wp\/v2\/users\/1"}],"replies":[{"embeddable":true,"href":"http:\/\/blogdalucianaoliveira.com.br\/blog\/wp-json\/wp\/v2\/comments?post=33343"}],"version-history":[{"count":1,"href":"http:\/\/blogdalucianaoliveira.com.br\/blog\/wp-json\/wp\/v2\/posts\/33343\/revisions"}],"predecessor-version":[{"id":33345,"href":"http:\/\/blogdalucianaoliveira.com.br\/blog\/wp-json\/wp\/v2\/posts\/33343\/revisions\/33345"}],"wp:attachment":[{"href":"http:\/\/blogdalucianaoliveira.com.br\/blog\/wp-json\/wp\/v2\/media?parent=33343"}],"wp:term":[{"taxonomy":"category","embeddable":true,"href":"http:\/\/blogdalucianaoliveira.com.br\/blog\/wp-json\/wp\/v2\/categories?post=33343"},{"taxonomy":"post_tag","embeddable":true,"href":"http:\/\/blogdalucianaoliveira.com.br\/blog\/wp-json\/wp\/v2\/tags?post=33343"}],"curies":[{"name":"wp","href":"https:\/\/api.w.org\/{rel}","templated":true}]}}