{"id":33347,"date":"2022-03-02T16:12:55","date_gmt":"2022-03-02T20:12:55","guid":{"rendered":"http:\/\/blogdalucianaoliveira.com.br\/blog\/?p=33347"},"modified":"2022-03-02T16:12:57","modified_gmt":"2022-03-02T20:12:57","slug":"bolsonaro-usa-guerra-na-ucrania-em-sua-guerra-contra-os-indigenas-no-brasil","status":"publish","type":"post","link":"http:\/\/blogdalucianaoliveira.com.br\/blog\/2022\/03\/02\/bolsonaro-usa-guerra-na-ucrania-em-sua-guerra-contra-os-indigenas-no-brasil\/","title":{"rendered":"Bolsonaro usa guerra na Ucr\u00e2nia em sua guerra contra os ind\u00edgenas no Brasil"},"content":{"rendered":"\n<figure class=\"wp-block-image size-large\"><img data-recalc-dims=\"1\" loading=\"lazy\" decoding=\"async\" width=\"600\" height=\"488\" data-attachment-id=\"33348\" data-permalink=\"http:\/\/blogdalucianaoliveira.com.br\/blog\/2022\/03\/02\/bolsonaro-usa-guerra-na-ucrania-em-sua-guerra-contra-os-indigenas-no-brasil\/18864efd-26c2-4a7e-bada-07e8ae806fce\/\" data-orig-file=\"https:\/\/i0.wp.com\/blogdalucianaoliveira.com.br\/blog\/wp-content\/uploads\/2022\/03\/18864EFD-26C2-4A7E-BADA-07E8AE806FCE.jpeg?fit=744%2C605\" data-orig-size=\"744,605\" data-comments-opened=\"0\" data-image-meta=\"{&quot;aperture&quot;:&quot;0&quot;,&quot;credit&quot;:&quot;&quot;,&quot;camera&quot;:&quot;&quot;,&quot;caption&quot;:&quot;&quot;,&quot;created_timestamp&quot;:&quot;0&quot;,&quot;copyright&quot;:&quot;&quot;,&quot;focal_length&quot;:&quot;0&quot;,&quot;iso&quot;:&quot;0&quot;,&quot;shutter_speed&quot;:&quot;0&quot;,&quot;title&quot;:&quot;&quot;,&quot;orientation&quot;:&quot;1&quot;}\" data-image-title=\"18864EFD-26C2-4A7E-BADA-07E8AE806FCE\" data-image-description=\"\" data-image-caption=\"\" data-medium-file=\"https:\/\/i0.wp.com\/blogdalucianaoliveira.com.br\/blog\/wp-content\/uploads\/2022\/03\/18864EFD-26C2-4A7E-BADA-07E8AE806FCE.jpeg?fit=300%2C244\" data-large-file=\"https:\/\/i0.wp.com\/blogdalucianaoliveira.com.br\/blog\/wp-content\/uploads\/2022\/03\/18864EFD-26C2-4A7E-BADA-07E8AE806FCE.jpeg?fit=600%2C488\" src=\"https:\/\/i0.wp.com\/blogdalucianaoliveira.com.br\/blog\/wp-content\/uploads\/2022\/03\/18864EFD-26C2-4A7E-BADA-07E8AE806FCE.jpeg?resize=600%2C488\" alt=\"\" class=\"wp-image-33348\" srcset=\"https:\/\/i0.wp.com\/blogdalucianaoliveira.com.br\/blog\/wp-content\/uploads\/2022\/03\/18864EFD-26C2-4A7E-BADA-07E8AE806FCE.jpeg?w=744 744w, https:\/\/i0.wp.com\/blogdalucianaoliveira.com.br\/blog\/wp-content\/uploads\/2022\/03\/18864EFD-26C2-4A7E-BADA-07E8AE806FCE.jpeg?resize=300%2C244 300w, https:\/\/i0.wp.com\/blogdalucianaoliveira.com.br\/blog\/wp-content\/uploads\/2022\/03\/18864EFD-26C2-4A7E-BADA-07E8AE806FCE.jpeg?resize=369%2C300 369w\" sizes=\"auto, (max-width: 600px) 100vw, 600px\" \/><\/figure>\n\n\n\n<p>Por Leonardo Sakamoto &#8211; Enquanto evita condenar a invas\u00e3o russa,\u00a0<a href=\"https:\/\/noticias.uol.com.br\/politica\/governo-bolsonaro\/\">Jair Bolsonaro<\/a>\u00a0resolveu usar a guerra na Ucr\u00e2nia para avan\u00e7ar em sua guerra no Brasil contra os direitos dos povos ind\u00edgenas, refor\u00e7ando assim o apoio que recebe do naco anacr\u00f4nico do agroneg\u00f3cio. Desta vez, a desculpa n\u00e3o \u00e9 a defesa da minera\u00e7\u00e3o de ni\u00f3bio, mas de pot\u00e1ssio para produzir fertilizantes.<\/p>\n\n\n\n<!--more-->\n\n\n\n<p>&#8220;Com a guerra R\u00fassia\/Ucr\u00e2nia, hoje corremos o risco da falta do pot\u00e1ssio ou aumento do seu pre\u00e7o. Nossa seguran\u00e7a alimentar e agroneg\u00f3cio (Economia) exigem de n\u00f3s, Executivo e Legislativo, medidas que nos permitam a n\u00e3o depend\u00eancia externa de algo que temos em abund\u00e2ncia&#8221;, afirmou ele no Twitter, nesta quarta (2).<\/p>\n\n\n\n<p>Para tanto, defendeu que o Congresso aprove o projeto de lei 191\/2020 que facilitar a minera\u00e7\u00e3o, o garimpo, a constru\u00e7\u00e3o de barragens, o desmatamento e agropecu\u00e1ria em territ\u00f3rios ind\u00edgenas.<\/p>\n\n\n\n<p>Uma coisa \u00e9 a necessidade urgente de reduzir a depend\u00eancia externa para a produ\u00e7\u00e3o de fertilizantes &#8211; importamos mais de 95% do cloreto de pot\u00e1ssio usado na agricultura. Outra \u00e9 jogar nas costas da popula\u00e7\u00e3o ind\u00edgena parte da responsabilidade pela situa\u00e7\u00e3o de crise que podemos enfrentar por conta das consequ\u00eancias globais da invas\u00e3o russa, como faz o presidente.&nbsp;<\/p>\n\n\n\n<p>Uma quebra no fornecimento de fertilizantes russos ao Brasil, neste momento, por conta de problemas de log\u00edstica ou de san\u00e7\u00f5es, levaria a mais infla\u00e7\u00e3o nos alimentos. Por\u00e9m, mesmo que o PL fosse aprovado agora, levaria anos para explorar as jazidas que Bolsonaro alardeia na Amaz\u00f4nia. Isso, claro, se forem encontradas reservas cujos potencial, extra\u00e7\u00e3o e transporte sejam economicamente vantajosos.<\/p>\n\n\n\n<p>E, convenhamos, Bolsonaro nunca se preocupou de fato com &#8220;seguran\u00e7a alimentar&#8221;. Foi ele quem suspendeu o&nbsp;<a href=\"https:\/\/economia.uol.com.br\/auxilio-emergencial\">aux\u00edlio emergencial<\/a>, entre dezembro de 2020 e abril de 2021, exatamente no pior momento da pandemia, quando mais de 4 mil mortes eram registradas aqui por dia &#8211; o que, claro, gerou mais fome. Aux\u00edlio que era para ter sido de R$ 200, como queria seu governo, se o Congresso n\u00e3o tivesse aumentado o valor.<\/p>\n\n\n\n<p>Bolsonaro adotou um falso &#8220;equil\u00edbrio&#8221; em nome da importa\u00e7\u00e3o do insumo russo para a agricultura. &#8220;Para n\u00f3s, a quest\u00e3o do fertilizante \u00e9 sagrada&#8221;, disse neste domingo (27). Ele poderia ter condenado a invas\u00e3o russa e afirmado que n\u00e3o aplicaria san\u00e7\u00f5es \u00e0 importa\u00e7\u00e3o de produtos por quest\u00f5es estrat\u00e9gicas nacionais, como faz o Itamaraty. Preferiu jogar fora das &#8220;quatro linhas&#8221;, ignorando o respeito \u00e0 autodetermina\u00e7\u00e3o dos povos, previsto no artigo 4\u00ba de nossa Constitui\u00e7\u00e3o.<\/p>\n\n\n\n<p>Um de seus objetivos ao ir apertar a m\u00e3o de Vladimir Putin em Moscou foi gerar um fato pol\u00edtico com seu colega russo para ser usado junto a seus seguidores e eleitores, f\u00e3s do autocrata russo, com prop\u00f3sitos eleitorais. Agora, enquanto elogia o Kremlin e critica o presidente ucraniano em postagens para seguidores, Bolsonaro usa novamente a R\u00fassia para criar um factoide eleitoral a fim de manter ao seu lado uma ala do agroneg\u00f3cio.<\/p>\n\n\n\n<h2 class=\"wp-block-heading\">Desde o Congresso, Bolsonaro trava guerra contra ind\u00edgenas por seus territ\u00f3rios<\/h2>\n\n\n\n<p>A guerra travada por Bolsonaro pelos territ\u00f3rios ind\u00edgenas come\u00e7ou quando ele ainda era um folcl\u00f3rico deputado federal. E quando assumiu o controle do Poder Executivo, deu in\u00edcio a uma ofensiva que tem tudo para ser lembrada como as a\u00e7\u00f5es levadas a cabo na ditadura militar, negando-lhes terras, for\u00e7ando sua acultura\u00e7\u00e3o, dificultando acesso a alimentos e medidas de prote\u00e7\u00e3o \u00e0 covid-19 e permitindo a explora\u00e7\u00e3o econ\u00f4mica de suas \u00e1reas, mesmo \u00e0 revelia.<\/p>\n\n\n\n<p>&#8220;<a href=\"https:\/\/www1.folha.uol.com.br\/poder\/2008\/05\/401933-indio-joga-agua-em-deputado-durante-audiencia-na-camara-ministro-e-chamado-de-terrorista.shtml%22%20%5Ct%20%22_blank\">Ele devia ir comer um capim ali fora para manter as suas origens&#8221;<\/a>, foi a resposta do ent\u00e3o deputado&nbsp;<a href=\"https:\/\/noticias.uol.com.br\/politica\/governo-bolsonaro\/\">Jair Bolsonaro<\/a>&nbsp;ap\u00f3s um ind\u00edgena jogar \u00e1gua em sua dire\u00e7\u00e3o, em maio de 2008, num bate-boca em uma audi\u00eancia p\u00fablica, na C\u00e2mara, para discutir a demarca\u00e7\u00e3o da terra ind\u00edgena Raposa Serra do Sol, em Roraima. Quatro anos antes, durante outra reuni\u00e3o sobre o mesmo tema, Jair havia dito: &#8220;O \u00edndio, sem falar a nossa l\u00edngua, fedorento, \u00e9 o m\u00ednimo que posso falar, na maioria das vezes, vem para c\u00e1, sem qualquer no\u00e7\u00e3o de educa\u00e7\u00e3o, fazer lobby&#8221;.<\/p>\n\n\n\n<p>Na campanha eleitoral de 2018, prometeu a seus apoiadores do agroneg\u00f3cio n\u00e3o demarcar &#8220;um cent\u00edmetro quadrado&#8221; de territ\u00f3rio ind\u00edgena em seu governo.<\/p>\n\n\n\n<p>Criadores de gado e fazendeiros de soja que operam na ilegalidade, madeireiros, garimpeiros e grileiros de terra sentiram-se empoderados pelos discursos de Bolsonaro, de que as terras ind\u00edgenas devem ser exploradas por n\u00e3o-ind\u00edgenas. O resultado \u00e9 que a invas\u00e3o de aldeias tem sido informalmente tolerada, causando viol\u00eancia e assassinatos e transmitindo doen\u00e7as. N\u00e3o s\u00f3: Bolsonaro foi al\u00e9m e culpou os ind\u00edgenas pelas queimadas na Amaz\u00f4nia em discurso na ONU.<\/p>\n\n\n\n<p>Diante das reclama\u00e7\u00f5es por causa de invas\u00f5es de garimpeiros a territ\u00f3rios ind\u00edgenas ocorridas em seu governo, como aquelas contra a etnia Wai\u00e3pi, no Estado do Amap\u00e1, e os Yanomami, em Roraima, Bolsonaro tem dito que h\u00e1 um compl\u00f4 internacional para a transforma\u00e7\u00e3o dessas \u00e1reas em pa\u00edses independentes a fim de que suas riquezas possam ser exploradas.<\/p>\n\n\n\n<p>Os territ\u00f3rios ind\u00edgenas (que s\u00e3o respons\u00e1veis pelas mais altas taxas de conserva\u00e7\u00e3o ambiental do pa\u00eds) nunca realizaram um plebiscito ou montaram uma campanha de guerra contra Brasil, ao contr\u00e1rio do que faz o presidente diariamente. Pelo contr\u00e1rio, querem \u00e9 mais aten\u00e7\u00e3o do governo federal, querem se sentir efetivamente brasileiros atrav\u00e9s da conquista de sua cidadania, o que inclui o direito \u00e0 sua terra.<\/p>\n\n\n\n<p>Em 28 de agosto do ano passado, o presidente amea\u00e7ou que pode descumprir decis\u00e3o judicial do Supremo Tribunal Federal sobre o marco temporal caso os ministros garantam direitos dos povos ind\u00edgenas \u00e0s suas terras. &#8220;Se aprovado, tenho duas op\u00e7\u00f5es, n\u00e3o vou dizer agora, mas j\u00e1 est\u00e1 decidida qual \u00e9 essa op\u00e7\u00e3o,&nbsp;<a href=\"https:\/\/noticias.uol.com.br\/politica\/ultimas-noticias\/2021\/08\/28\/bolsonaro-marco-temporal-stf-terras-indigenas.htm\">\u00e9 aquela que interessa ao povo brasileiro, aquela que estar\u00e1 ao lado da nossa Constitui\u00e7\u00e3o<\/a>&#8220;, declarou.<\/p>\n\n\n\n<p>A tese do marco temporal defende que ind\u00edgenas s\u00f3 podem reivindicar terras que j\u00e1 eram ocupadas por eles no dia da promulga\u00e7\u00e3o da Constitui\u00e7\u00e3o Federal, em 5 de outubro de 1988, ou \u00e1reas que j\u00e1 disputavam judicialmente naquele momento, apesar de nada disso estar escrito em nossa Carta Magna. Considerando que parte desses povos estavam expulsos de seus locais de origem naquele momento, na pr\u00e1tica, isso \u00e9 uma tremenda de uma sacanagem. O&nbsp;<a href=\"https:\/\/noticias.uol.com.br\/politica\/stf-supremo-tribunal-federal\/\">STF<\/a>&nbsp;vem empurrando com a barriga uma decis\u00e3o.<\/p>\n\n\n\n<h2 class=\"wp-block-heading\">Projeto citado por Bolsonaro para facilitar minera\u00e7\u00e3o \u00e9 condenado por entidades ind\u00edgenas<\/h2>\n\n\n\n<p>A Articula\u00e7\u00e3o dos Povos Ind\u00edgenas do Brasil (Apib) condenou veementemente o PL 191\/2020, afirmando que, por tr\u00e1s dele, est\u00e1 &#8220;a vontade de atender os interesses econ\u00f4micos que impulsionaram a sua candidatura e sustentam o seu governo, mesmo que isso implique em total desrespeito \u00e0 legisla\u00e7\u00e3o nacional e internacional que assegura os nossos direitos fundamentais&#8221;.<\/p>\n\n\n\n<p>Diz que o projeto relativiza a quest\u00e3o do consentimento dos povos ao uso de suas terras.<\/p>\n\n\n\n<p>O PL tamb\u00e9m foi recha\u00e7ado pelo Conselho Indigenista Mission\u00e1rio (Cimi), ligado \u00e0 Confer\u00eancia Nacional dos Bispos do Brasil (CNBB). Em nota p\u00fablica na qual criticou o discurso de Damares Alves, ministra da Mulher, Fam\u00edlia e dos Direitos Humanos, na 49\u00aa Sess\u00e3o do Conselho de Direitos Humanos da ONU, nesta segunda (28), o Cimi afirmou que o projeto tem por objetivo enfraquecer a governan\u00e7a ind\u00edgena e ambiental brasileira.<\/p>\n\n\n\n<p>Damares apresentou o Brasil como um case de sucesso na prote\u00e7\u00e3o de ind\u00edgenas durante a pandemia de covid-19 e de combate ao desmatamento, discurso que foi considerado pela entidade como &#8220;descolado da realidade e um desrespeito aos povos ind\u00edgenas&#8221;.<\/p>\n\n\n\n<p>&#8220;O v\u00edrus que chegou \u00e0s aldeias e provocou in\u00fameras mortes foi levado para dentro dos territ\u00f3rios ind\u00edgenas, em sua grande maioria, por invasores que seguem atuando ilegalmente nestas \u00e1reas em plena pandemia, livres das a\u00e7\u00f5es de fiscaliza\u00e7\u00e3o e prote\u00e7\u00e3o do governo&#8221;, disse o conselho em nota.<\/p>\n\n\n\n<p>Uma minera\u00e7\u00e3o ou uma agropecu\u00e1ria que atue com baixo impacto e respeitando limites impostos pelos direitos fundamentais \u00e9 a \u00fanica sa\u00edda para um Brasil que n\u00e3o queira continuar sendo visto como um p\u00e1ria internacional.<\/p>\n\n\n\n<p>O problema \u00e9 que isso bate de frente com a proposta de guerra no campo encampada por bolsonaristas, que usa for\u00e7a f\u00edsica e desinforma\u00e7\u00e3o sobre todos os que se opuserem \u00e0s suas necessidades econ\u00f4micas. Em outubro, o futuro dessa guerra vai ser posto em vota\u00e7\u00e3o.<\/p>\n","protected":false},"excerpt":{"rendered":"<p>Por Leonardo Sakamoto &#8211; Enquanto evita condenar a invas\u00e3o russa,\u00a0Jair Bolsonaro\u00a0resolveu usar a guerra na Ucr\u00e2nia para avan\u00e7ar em sua guerra no Brasil contra os direitos dos povos ind\u00edgenas, refor\u00e7ando assim o apoio que recebe do naco anacr\u00f4nico do agroneg\u00f3cio. Desta vez, a desculpa n\u00e3o \u00e9 a defesa da minera\u00e7\u00e3o de ni\u00f3bio, mas de pot\u00e1ssio&#8230;<a class=\"more-link\" href=\"http:\/\/blogdalucianaoliveira.com.br\/blog\/2022\/03\/02\/bolsonaro-usa-guerra-na-ucrania-em-sua-guerra-contra-os-indigenas-no-brasil\/\">Continue a leitura <span class=\"meta-nav\">&raquo;<\/span><\/a><\/p>\n","protected":false},"author":1,"featured_media":0,"comment_status":"closed","ping_status":"open","sticky":false,"template":"","format":"standard","meta":{"_exactmetrics_skip_tracking":false,"_exactmetrics_sitenote_active":false,"_exactmetrics_sitenote_note":"","_exactmetrics_sitenote_category":0,"jetpack_post_was_ever_published":false,"_jetpack_newsletter_access":"","_jetpack_dont_email_post_to_subs":false,"_jetpack_newsletter_tier_id":0,"_jetpack_memberships_contains_paywalled_content":false,"_jetpack_memberships_contains_paid_content":false,"footnotes":"","jetpack_publicize_message":"","jetpack_publicize_feature_enabled":true,"jetpack_social_post_already_shared":true,"jetpack_social_options":{"image_generator_settings":{"template":"highway","enabled":false},"version":2}},"categories":[1],"tags":[],"class_list":["post-33347","post","type-post","status-publish","format-standard","hentry","category-notas"],"jetpack_publicize_connections":[],"jetpack_sharing_enabled":true,"jetpack_featured_media_url":"","jetpack_shortlink":"https:\/\/wp.me\/p7wKYW-8FR","jetpack-related-posts":[],"_links":{"self":[{"href":"http:\/\/blogdalucianaoliveira.com.br\/blog\/wp-json\/wp\/v2\/posts\/33347","targetHints":{"allow":["GET"]}}],"collection":[{"href":"http:\/\/blogdalucianaoliveira.com.br\/blog\/wp-json\/wp\/v2\/posts"}],"about":[{"href":"http:\/\/blogdalucianaoliveira.com.br\/blog\/wp-json\/wp\/v2\/types\/post"}],"author":[{"embeddable":true,"href":"http:\/\/blogdalucianaoliveira.com.br\/blog\/wp-json\/wp\/v2\/users\/1"}],"replies":[{"embeddable":true,"href":"http:\/\/blogdalucianaoliveira.com.br\/blog\/wp-json\/wp\/v2\/comments?post=33347"}],"version-history":[{"count":1,"href":"http:\/\/blogdalucianaoliveira.com.br\/blog\/wp-json\/wp\/v2\/posts\/33347\/revisions"}],"predecessor-version":[{"id":33349,"href":"http:\/\/blogdalucianaoliveira.com.br\/blog\/wp-json\/wp\/v2\/posts\/33347\/revisions\/33349"}],"wp:attachment":[{"href":"http:\/\/blogdalucianaoliveira.com.br\/blog\/wp-json\/wp\/v2\/media?parent=33347"}],"wp:term":[{"taxonomy":"category","embeddable":true,"href":"http:\/\/blogdalucianaoliveira.com.br\/blog\/wp-json\/wp\/v2\/categories?post=33347"},{"taxonomy":"post_tag","embeddable":true,"href":"http:\/\/blogdalucianaoliveira.com.br\/blog\/wp-json\/wp\/v2\/tags?post=33347"}],"curies":[{"name":"wp","href":"https:\/\/api.w.org\/{rel}","templated":true}]}}